{"id":1024,"date":"2023-09-02T10:25:00","date_gmt":"2023-09-02T08:25:00","guid":{"rendered":"https:\/\/rhein-main-blog.de\/?p=1024"},"modified":"2026-08-11T17:17:55","modified_gmt":"2026-08-11T15:17:55","slug":"hofladen-rhein-main-gebiet","status":"publish","type":"post","link":"https:\/\/rhein-main-blog.de\/en\/hofladen-rhein-main-gebiet\/","title":{"rendered":"7 sch\u00f6ne Hofl\u00e4den im Rhein-Main-Gebiet"},"content":{"rendered":"<p class=\"wp-block-paragraph\">Wir, im Rhein-Main-Gebiet, sind ja bekanntlich gro\u00dfe Genie\u00dfer und LIEBEN gutes Essen. Einerseits lassen wir uns gern in <strong><a rel=\"noreferrer noopener\" href=\"https:\/\/rhein-main-blog.de\/en\/category\/restaurants\/\" target=\"_blank\">Restaurants<\/a><\/strong> verw\u00f6hnen. Daneben schwingen wir aber auch gern selbst den Kochl\u00f6ffel. Am liebsten landen dabei frische und saisonale Zutaten aus der Region im Topf, ausgesucht in einem der tollen Hofl\u00e4den in und um Frankfurt, Mainz und Wiesbaden.<\/p>\n\n\n\n<p class=\"wp-block-paragraph\">Noch dazu f\u00fchlt sich zwischen Landluft und H\u00fchnergackern jeder Besuch wie ein Mini-Urlaub an, geht es euch auch so? Eine Auswahl der sch\u00f6nsten H\u00f6fe mit regionalen K\u00f6stlichkeiten im Rhein-Main-Gebiet findet ihr hier.<\/p>\n\n\n\n<h2 class=\"wp-block-heading\">Inhalt<\/h2>\n\n\n\n<ul class=\"wp-block-list\"><li><a href=\"#PPankratiushof\">Pankratiushof in Mainz<\/a><\/li><li><a href=\"#Wacholderhof\">Landcaf\u00e9 Wacholderhof in Eltville<\/a><\/li><li><a href=\"#Dottenfelderhof\">Dottenfelderhof in Bad Vilbel<\/a><\/li><li><a href=\"#Mechtildshausen\">Dom\u00e4ne Mechtildshausen in Wiesbaden<\/a><\/li><li><a href=\"#ottosliebe\">Ottos Liebe in Bad Homburg<\/a><\/li><li><a href=\"#Oberfeld\">Hofgut Oberfeld in Darmstadt<\/a><\/li><li><a href=\"#Frankfurt\">Main\u00c4ppelHaus in Frankfurt<\/a><\/li><\/ul>\n\n\n\n<h2 class=\"wp-block-heading\" id=\"Pankratiushof\">Pankratiushof in Mainz<\/h2>\n\n\n\n<p class=\"wp-block-paragraph\">Ganz vorne auf meiner Favoriten-Liste der sch\u00f6nsten Hofl\u00e4den im Rhein-Main-Gebiet steht der <a href=\"https:\/\/www.pankratiushof.de\/\" target=\"_blank\" rel=\"noreferrer noopener\"><strong>Pankratiushof<\/strong><\/a>. Im Mainzer Stadtteil Hechtsheim verbirgt sich innerhalb der Mauern eines ehemaligen Bauernhofs ein Lokal, in dem es sich hervorragend <a href=\"https:\/\/rhein-main-blog.de\/en\/brunch-a-la-provence-im-pankratiushof-in-mainz-hechtsheim\/\" target=\"_blank\" rel=\"noreferrer noopener\"><strong>brunchen<\/strong><\/a> l\u00e4sst und ein Hofladen &#8211; Herzst\u00fcck des Pankratiushofes.<\/p>\n\n\n\n<p class=\"wp-block-paragraph\">Das Angebot ist vielf\u00e4ltig und unwiderstehlich. Neben Obst und Gem\u00fcse k\u00f6nnt ihr im Hofladen frisch ger\u00f6steten Kaffee und Backwaren kaufen. F\u00fcr mich z\u00e4hlt der Pankratiushof zu den sch\u00f6nsten Hofl\u00e4den in der Region Rhein Main und ist immer weider ein Besuch wert.<\/p>\n\n\n\n<figure class=\"wp-block-image size-large\"><img loading=\"lazy\" decoding=\"async\" width=\"1024\" height=\"683\" src=\"https:\/\/rhein-main-blog.de\/wp-content\/uploads\/2019\/07\/Pankratiushof-Mainz-Rhein-Main-Blog-02-1024x683.jpg\" alt=\"\" class=\"wp-image-449\" srcset=\"https:\/\/rhein-main-blog.de\/wp-content\/uploads\/2019\/07\/Pankratiushof-Mainz-Rhein-Main-Blog-02.jpg 1024w, https:\/\/rhein-main-blog.de\/wp-content\/uploads\/2019\/07\/Pankratiushof-Mainz-Rhein-Main-Blog-02-300x200.jpg 300w, https:\/\/rhein-main-blog.de\/wp-content\/uploads\/2019\/07\/Pankratiushof-Mainz-Rhein-Main-Blog-02-768x512.jpg 768w, https:\/\/rhein-main-blog.de\/wp-content\/uploads\/2019\/07\/Pankratiushof-Mainz-Rhein-Main-Blog-02-660x440.jpg 660w, https:\/\/rhein-main-blog.de\/wp-content\/uploads\/2019\/07\/Pankratiushof-Mainz-Rhein-Main-Blog-02-1000x667.jpg 1000w, https:\/\/rhein-main-blog.de\/wp-content\/uploads\/2019\/07\/Pankratiushof-Mainz-Rhein-Main-Blog-02-373x248.jpg 373w\" sizes=\"auto, (max-width: 1024px) 100vw, 1024px\" \/><\/figure>\n\n\n\n<figure class=\"wp-block-image size-large\"><img loading=\"lazy\" decoding=\"async\" width=\"1024\" height=\"683\" src=\"https:\/\/rhein-main-blog.de\/wp-content\/uploads\/2019\/07\/Pankratiushof-Mainz-Rhein-Main-Blog-07-1024x683.jpg\" alt=\"\" class=\"wp-image-451\" srcset=\"https:\/\/rhein-main-blog.de\/wp-content\/uploads\/2019\/07\/Pankratiushof-Mainz-Rhein-Main-Blog-07.jpg 1024w, https:\/\/rhein-main-blog.de\/wp-content\/uploads\/2019\/07\/Pankratiushof-Mainz-Rhein-Main-Blog-07-300x200.jpg 300w, https:\/\/rhein-main-blog.de\/wp-content\/uploads\/2019\/07\/Pankratiushof-Mainz-Rhein-Main-Blog-07-768x512.jpg 768w, https:\/\/rhein-main-blog.de\/wp-content\/uploads\/2019\/07\/Pankratiushof-Mainz-Rhein-Main-Blog-07-660x440.jpg 660w, https:\/\/rhein-main-blog.de\/wp-content\/uploads\/2019\/07\/Pankratiushof-Mainz-Rhein-Main-Blog-07-1000x667.jpg 1000w, https:\/\/rhein-main-blog.de\/wp-content\/uploads\/2019\/07\/Pankratiushof-Mainz-Rhein-Main-Blog-07-373x248.jpg 373w\" sizes=\"auto, (max-width: 1024px) 100vw, 1024px\" \/><\/figure>\n\n\n\n<p class=\"has-text-align-center wp-block-paragraph\"><em><strong>Pankratiushof<\/strong><br>Lindenplatz 6<\/em><br><em>55129 Mainz-Hechtsheim<\/em><\/p>\n\n\n\n<h2 class=\"wp-block-heading\" id=\"Wacholderhof\">Landcaf\u00e9 Wacholderhof in Eltville<\/h2>\n\n\n\n<p class=\"wp-block-paragraph\">Umgeben von Wiesen, Sonnenblumenfeldern und unweit des Kloster Eberbachs liegt das<strong> <a href=\"http:\/\/landcafe-wacholderhof.com\/\" target=\"_blank\" rel=\"noreferrer noopener\">Landcaf\u00e9 Wacholderhof<\/a><\/strong>. Der Hofladen, liebevoll &#8222;Eierhaus&#8220; genannt, bietet regionale Produkte &#8211; von Honig, \u00fcber K\u00e4se bis zu selbstgemachter Pasta. <\/p>\n\n\n\n<p class=\"wp-block-paragraph\">Im Gartencaf\u00e9 l\u00e4sst es sich herrlich unter Schirmen oder alten knorrigen B\u00e4umen verweilen. Neben einer leckeren Kuchenauswahl gibt&#8217;s auch frische Flammkuchen und die Waffeln mit Obst sind ein Gedicht.<\/p>\n\n\n\n<figure class=\"wp-block-image size-large\"><img loading=\"lazy\" decoding=\"async\" width=\"683\" height=\"1024\" src=\"https:\/\/rhein-main-blog.de\/wp-content\/uploads\/2022\/02\/Wacholderhof-Eltville-683x1024.jpg\" alt=\"\" class=\"wp-image-3195\" srcset=\"https:\/\/rhein-main-blog.de\/wp-content\/uploads\/2022\/02\/Wacholderhof-Eltville-683x1024.jpg 683w, https:\/\/rhein-main-blog.de\/wp-content\/uploads\/2022\/02\/Wacholderhof-Eltville-200x300.jpg 200w, https:\/\/rhein-main-blog.de\/wp-content\/uploads\/2022\/02\/Wacholderhof-Eltville-768x1152.jpg 768w, https:\/\/rhein-main-blog.de\/wp-content\/uploads\/2022\/02\/Wacholderhof-Eltville-660x990.jpg 660w, https:\/\/rhein-main-blog.de\/wp-content\/uploads\/2022\/02\/Wacholderhof-Eltville-1000x1500.jpg 1000w, https:\/\/rhein-main-blog.de\/wp-content\/uploads\/2022\/02\/Wacholderhof-Eltville.jpg 1024w\" sizes=\"auto, (max-width: 683px) 100vw, 683px\" \/><\/figure>\n\n\n\n<p class=\"has-text-align-center wp-block-paragraph\"><em><strong>Landcaf\u00e9 Wacholderhof<br><\/strong>Wacholderhof 1<br>65346 Eltville am Rhein<\/em><\/p>\n\n\n\n<h2 class=\"wp-block-heading\" id=\"Dottenfelderhof\">Dottenfelderhof in Bad Vilbel<\/h2>\n\n\n\n<p class=\"wp-block-paragraph\">Auf dem denkmalgesch\u00fctzten <strong><a rel=\"noreferrer noopener\" href=\"https:\/\/www.dottenfelderhof.de\/dottenfelderhof\/uebersicht\/\" target=\"_blank\">Dottenfelderhof <\/a><\/strong>in Bad Vilbel leben mehr als 100 Menschen in engem Kontakt zu den Hoftieren. K\u00fche, H\u00fchner, Schweine, Pferde und Schafe sind auf dem Hof zu Hause und Besucher k\u00f6nnen einen Blick in die offenen Stelle werfen.<\/p>\n\n\n\n<p class=\"wp-block-paragraph\">Der Hofladen lockt mit einem umfangreichen Angebot an Bioprodukten, frischem Brot aus der Backstube und k\u00f6stlichem K\u00e4se aus der Hofk\u00e4serei. Im Sommer kann man sich auf dem wunderbar duftenden Blumenfeld ein St\u00fcck Sommer mit nach Hause nehmen.<\/p>\n\n\n\n<p class=\"has-text-align-center wp-block-paragraph\"><em><strong>Dottenfelderhof<\/strong><\/em><br><em>Dottenfelder Hof 1<br>61118 Bad Vilbel<\/em><\/p>\n\n\n\n<h2 class=\"wp-block-heading\" id=\"Mechtildshausen\">Dom\u00e4ne Mechtildshausen in Wiesbaden<\/h2>\n\n\n\n<p class=\"wp-block-paragraph\">Seit mehreren hundert Jahren wird in der <a rel=\"noreferrer noopener\" href=\"https:\/\/www.domaene-mechtildshausen.de\/\" target=\"_blank\"><strong>Dom\u00e4ne Mechtildshausen<\/strong><\/a> in Wiesbaden Landwirtschaft betrieben. Heute ist die Wiesbadener Jugendwerkstatt P\u00e4chter des Hofgutes und bildet in der Dom\u00e4ne sozial benachteiligte Jugendliche und Langzeitarbeitslose aus.<\/p>\n\n\n\n<p class=\"wp-block-paragraph\">Viel zu entdecken gibt es f\u00fcr Besucher auf dem Hof &#8211; und nat\u00fcrlich jede Menge K\u00f6stlichkeiten. Frische Bio-Produkte in der B\u00e4ckerei und K\u00e4serei und ein vielf\u00e4ltiges Sortiment. Von Obst und Gem\u00fcse, \u00fcber Kosmetik, bis zu Bio-Weinen findet ihr in der Markthalle.<br>Bei eurem Besuch unbedingt einen Blick in die Kuchentheke im Hofcaf\u00e9 Bohne werfen.<\/p>\n\n\n\n<figure class=\"wp-block-image size-large\"><img loading=\"lazy\" decoding=\"async\" width=\"1024\" height=\"683\" src=\"https:\/\/rhein-main-blog.de\/wp-content\/uploads\/2020\/07\/hofl\u00e4den-rhein-main-gebiet03-1.jpg\" alt=\"\" class=\"wp-image-1096\" srcset=\"https:\/\/rhein-main-blog.de\/wp-content\/uploads\/2020\/07\/hofl\u00e4den-rhein-main-gebiet03-1.jpg 1024w, https:\/\/rhein-main-blog.de\/wp-content\/uploads\/2020\/07\/hofl\u00e4den-rhein-main-gebiet03-1-300x200.jpg 300w, https:\/\/rhein-main-blog.de\/wp-content\/uploads\/2020\/07\/hofl\u00e4den-rhein-main-gebiet03-1-768x512.jpg 768w, https:\/\/rhein-main-blog.de\/wp-content\/uploads\/2020\/07\/hofl\u00e4den-rhein-main-gebiet03-1-660x440.jpg 660w, https:\/\/rhein-main-blog.de\/wp-content\/uploads\/2020\/07\/hofl\u00e4den-rhein-main-gebiet03-1-1000x667.jpg 1000w, https:\/\/rhein-main-blog.de\/wp-content\/uploads\/2020\/07\/hofl\u00e4den-rhein-main-gebiet03-1-373x248.jpg 373w\" sizes=\"auto, (max-width: 1024px) 100vw, 1024px\" \/><\/figure>\n\n\n\n<figure class=\"wp-block-image size-large\"><img loading=\"lazy\" decoding=\"async\" width=\"683\" height=\"1024\" src=\"https:\/\/rhein-main-blog.de\/wp-content\/uploads\/2020\/07\/Rhein-Main-Gebiet-Hofl\u00e4den-06-1-683x1024.jpg\" alt=\"\" class=\"wp-image-1098\" srcset=\"https:\/\/rhein-main-blog.de\/wp-content\/uploads\/2020\/07\/Rhein-Main-Gebiet-Hofl\u00e4den-06-1-683x1024.jpg 683w, https:\/\/rhein-main-blog.de\/wp-content\/uploads\/2020\/07\/Rhein-Main-Gebiet-Hofl\u00e4den-06-1-200x300.jpg 200w, https:\/\/rhein-main-blog.de\/wp-content\/uploads\/2020\/07\/Rhein-Main-Gebiet-Hofl\u00e4den-06-1-768x1152.jpg 768w, https:\/\/rhein-main-blog.de\/wp-content\/uploads\/2020\/07\/Rhein-Main-Gebiet-Hofl\u00e4den-06-1-660x990.jpg 660w, https:\/\/rhein-main-blog.de\/wp-content\/uploads\/2020\/07\/Rhein-Main-Gebiet-Hofl\u00e4den-06-1-1000x1500.jpg 1000w, https:\/\/rhein-main-blog.de\/wp-content\/uploads\/2020\/07\/Rhein-Main-Gebiet-Hofl\u00e4den-06-1.jpg 1024w\" sizes=\"auto, (max-width: 683px) 100vw, 683px\" \/><\/figure>\n\n\n\n<p class=\"has-text-align-center wp-block-paragraph\"><strong><em>Dom\u00e4ne Mechtildshausen<\/em><\/strong><br><em>Mechtildshausen 1<br>65205 Wiesbaden<\/em><\/p>\n\n\n\n<h2 class=\"wp-block-heading\" id=\"ottosliebe\">Ottos Liebe in Bad Homburg<\/h2>\n\n\n\n<p class=\"wp-block-paragraph\">Ein kleines Juwel in Bad Homburg ist <a href=\"https:\/\/ottosliebe.de\/\" target=\"_blank\" rel=\"noreferrer noopener\"><strong>Ottos Liebe \u2013 Das Gew\u00e4chshaus<\/strong><\/a>. Florian Otto und Katharina Liebe f\u00fchren hier im Nebenerwerb eine G\u00e4rtnerei mit nachhaltigem Konzept. Alles bei Ottos Liebe kommt aus eigenem Anbau. Von wundersch\u00f6nen Schnittblumen bis hin zu saisonalem Obst und Gem\u00fcse, wie Tomaten, Gurken und Auberginen. Hier w\u00e4chst alles im Einklang mit der Natur, ohne Pestizide oder k\u00fcnstlichen D\u00fcnger. Je nach Jahreszeit bietet die G\u00e4rtnerei auch verschiedene Workshops rund um das Thema Blumen an.<\/p>\n\n\n\n<p class=\"wp-block-paragraph\">Ge\u00f6ffnet ist an drei Tagen pro Woche. Samstags ist au\u00dferdem das kleine Caf\u00e9 ge\u00f6ffnet und ihr k\u00f6nnt es euch mit verschiedenen Kaffeespezialit\u00e4ten (auch mit Milchalternativen), Kaltgetr\u00e4nken und leckerem, hausgemachten Kuchen im liebevoll gestalteten Hof gut gehen lassen.<\/p>\n\n\n\n<figure class=\"wp-block-image size-large\"><img loading=\"lazy\" decoding=\"async\" width=\"1024\" height=\"683\" src=\"https:\/\/rhein-main-blog.de\/wp-content\/uploads\/2023\/09\/Ottos-Liebe-Bad-Homburg-1024x683.jpg\" alt=\"\" class=\"wp-image-3649\" srcset=\"https:\/\/rhein-main-blog.de\/wp-content\/uploads\/2023\/09\/Ottos-Liebe-Bad-Homburg-1024x683.jpg 1024w, https:\/\/rhein-main-blog.de\/wp-content\/uploads\/2023\/09\/Ottos-Liebe-Bad-Homburg-300x200.jpg 300w, https:\/\/rhein-main-blog.de\/wp-content\/uploads\/2023\/09\/Ottos-Liebe-Bad-Homburg-768x512.jpg 768w, https:\/\/rhein-main-blog.de\/wp-content\/uploads\/2023\/09\/Ottos-Liebe-Bad-Homburg-18x12.jpg 18w, https:\/\/rhein-main-blog.de\/wp-content\/uploads\/2023\/09\/Ottos-Liebe-Bad-Homburg-660x440.jpg 660w, https:\/\/rhein-main-blog.de\/wp-content\/uploads\/2023\/09\/Ottos-Liebe-Bad-Homburg-1000x667.jpg 1000w, https:\/\/rhein-main-blog.de\/wp-content\/uploads\/2023\/09\/Ottos-Liebe-Bad-Homburg-373x248.jpg 373w, https:\/\/rhein-main-blog.de\/wp-content\/uploads\/2023\/09\/Ottos-Liebe-Bad-Homburg.jpg 1200w\" sizes=\"auto, (max-width: 1024px) 100vw, 1024px\" \/><\/figure>\n\n\n\n<figure class=\"wp-block-image size-large\"><img loading=\"lazy\" decoding=\"async\" width=\"1024\" height=\"683\" src=\"https:\/\/rhein-main-blog.de\/wp-content\/uploads\/2023\/09\/schoenste-Hoflaeden-Frankfurt-1024x683.jpg\" alt=\"\" class=\"wp-image-3651\" srcset=\"https:\/\/rhein-main-blog.de\/wp-content\/uploads\/2023\/09\/schoenste-Hoflaeden-Frankfurt-1024x683.jpg 1024w, https:\/\/rhein-main-blog.de\/wp-content\/uploads\/2023\/09\/schoenste-Hoflaeden-Frankfurt-300x200.jpg 300w, https:\/\/rhein-main-blog.de\/wp-content\/uploads\/2023\/09\/schoenste-Hoflaeden-Frankfurt-768x512.jpg 768w, https:\/\/rhein-main-blog.de\/wp-content\/uploads\/2023\/09\/schoenste-Hoflaeden-Frankfurt-18x12.jpg 18w, https:\/\/rhein-main-blog.de\/wp-content\/uploads\/2023\/09\/schoenste-Hoflaeden-Frankfurt-660x440.jpg 660w, https:\/\/rhein-main-blog.de\/wp-content\/uploads\/2023\/09\/schoenste-Hoflaeden-Frankfurt-1000x667.jpg 1000w, https:\/\/rhein-main-blog.de\/wp-content\/uploads\/2023\/09\/schoenste-Hoflaeden-Frankfurt-373x248.jpg 373w, https:\/\/rhein-main-blog.de\/wp-content\/uploads\/2023\/09\/schoenste-Hoflaeden-Frankfurt.jpg 1200w\" sizes=\"auto, (max-width: 1024px) 100vw, 1024px\" \/><\/figure>\n\n\n\n<figure class=\"wp-block-image size-large\"><img loading=\"lazy\" decoding=\"async\" width=\"1024\" height=\"683\" src=\"https:\/\/rhein-main-blog.de\/wp-content\/uploads\/2023\/09\/Ottos-Liebe-Cafe-1024x683.jpg\" alt=\"\" class=\"wp-image-3650\" srcset=\"https:\/\/rhein-main-blog.de\/wp-content\/uploads\/2023\/09\/Ottos-Liebe-Cafe-1024x683.jpg 1024w, https:\/\/rhein-main-blog.de\/wp-content\/uploads\/2023\/09\/Ottos-Liebe-Cafe-300x200.jpg 300w, https:\/\/rhein-main-blog.de\/wp-content\/uploads\/2023\/09\/Ottos-Liebe-Cafe-768x512.jpg 768w, https:\/\/rhein-main-blog.de\/wp-content\/uploads\/2023\/09\/Ottos-Liebe-Cafe-18x12.jpg 18w, https:\/\/rhein-main-blog.de\/wp-content\/uploads\/2023\/09\/Ottos-Liebe-Cafe-660x440.jpg 660w, https:\/\/rhein-main-blog.de\/wp-content\/uploads\/2023\/09\/Ottos-Liebe-Cafe-1000x667.jpg 1000w, https:\/\/rhein-main-blog.de\/wp-content\/uploads\/2023\/09\/Ottos-Liebe-Cafe-373x248.jpg 373w, https:\/\/rhein-main-blog.de\/wp-content\/uploads\/2023\/09\/Ottos-Liebe-Cafe.jpg 1200w\" sizes=\"auto, (max-width: 1024px) 100vw, 1024px\" \/><\/figure>\n\n\n\n<p class=\"has-text-align-center wp-block-paragraph\"><em><strong>Ottos Liebe &#8211; Das Gew\u00e4chshaus<\/strong><br>Gluckensteinweg 36<br>61350 Bad Homburg von der H\u00f6he<\/em><\/p>\n\n\n\n<h2 class=\"wp-block-heading\" id=\"Oberfeld\">Hofgut Oberfeld in Darmstadt<\/h2>\n\n\n\n<p class=\"wp-block-paragraph\">Ein echtes Schmankerl im Darmst\u00e4dte Osten ist das <a rel=\"noreferrer noopener\" href=\"https:\/\/www.landwirtschaft-oberfeld.de\/\" target=\"_blank\"><strong>Hofgut Oberfeld<\/strong><\/a>. Im Hofladen erwarten euch allerlei frische Produkte: K\u00e4se, Joghurt, Milch, Brot, Fleisch, Obst, Gem\u00fcse und Eier. Letzteres manchmal sogar nestwarm. Abgerundet wird das Angebot mit Spezialit\u00e4ten aus Italien, Frankreich und Spanien.<\/p>\n\n\n\n<p class=\"wp-block-paragraph\">Bringt am besten etwas Zeit mit und rundet euren Besuch mit einem Fr\u00fchst\u00fcck oder einer Kaffeepause im Hofcaf\u00e9 ab. Zu den Kaffeespezialit\u00e4ten gibt&#8217;s Kuchen aus der Hofb\u00e4ckerei. An k\u00fchlen Tagen sitzt man gem\u00fctlich in der Schmiede, an freundlichen Tagen im Freien.<\/p>\n\n\n\n<figure class=\"wp-block-image size-large\"><img loading=\"lazy\" decoding=\"async\" width=\"1024\" height=\"683\" src=\"https:\/\/rhein-main-blog.de\/wp-content\/uploads\/2020\/07\/Rhein-Main-Gebiet-Hofl\u00e4den-01.jpg\" alt=\"\" class=\"wp-image-1099\" srcset=\"https:\/\/rhein-main-blog.de\/wp-content\/uploads\/2020\/07\/Rhein-Main-Gebiet-Hofl\u00e4den-01.jpg 1024w, https:\/\/rhein-main-blog.de\/wp-content\/uploads\/2020\/07\/Rhein-Main-Gebiet-Hofl\u00e4den-01-300x200.jpg 300w, https:\/\/rhein-main-blog.de\/wp-content\/uploads\/2020\/07\/Rhein-Main-Gebiet-Hofl\u00e4den-01-768x512.jpg 768w, https:\/\/rhein-main-blog.de\/wp-content\/uploads\/2020\/07\/Rhein-Main-Gebiet-Hofl\u00e4den-01-660x440.jpg 660w, https:\/\/rhein-main-blog.de\/wp-content\/uploads\/2020\/07\/Rhein-Main-Gebiet-Hofl\u00e4den-01-1000x667.jpg 1000w, https:\/\/rhein-main-blog.de\/wp-content\/uploads\/2020\/07\/Rhein-Main-Gebiet-Hofl\u00e4den-01-373x248.jpg 373w\" sizes=\"auto, (max-width: 1024px) 100vw, 1024px\" \/><\/figure>\n\n\n\n<p class=\"has-text-align-center wp-block-paragraph\"><em><strong>Hofgut Oberfeld<\/strong><br>Erbacher Str. 125<br>64287 Darmstadt<\/em><\/p>\n\n\n\n<h2 class=\"wp-block-heading\" id=\"Frankfurt\">Main\u00c4ppelHaus in Frankfurt<\/h2>\n\n\n\n<p class=\"wp-block-paragraph\">Auf dem Hausberg der Frankfurter, dem Lohrberg, liegt das <a rel=\"noreferrer noopener\" href=\"http:\/\/www.mainaeppelhauslohrberg.de\/\" target=\"_blank\"><strong>Main\u00c4ppelHaus<\/strong><\/a>, das Informationszentrum und eine Begegnungsst\u00e4tte rund um Streuobst und Gartenbau in der Metropole. Schon der wundersch\u00f6ne Naturerlebnisgarten ist einen Besuch wert. Au\u00dferdem lassen es sich im idyllischen Hof wunderbar gesellige Stunden erleben. Bei \u00c4ppler und Apfelsaft. Ddenn der Apfel ist, wie der Name schon sagt, das Steckenpferd des Main\u00c4ppelHauses.<\/p>\n\n\n\n<p class=\"wp-block-paragraph\">Im Hofladen gibt&#8217;s tolle, saisonale Produkte f\u00fcr zu Hause. Obst en masse, aber auch Marmeladen, Schokolade, Tr\u00fcffel und Obstbr\u00e4nde.<\/p>\n\n\n\n<figure class=\"wp-block-image size-large\"><img loading=\"lazy\" decoding=\"async\" width=\"683\" height=\"1024\" src=\"https:\/\/rhein-main-blog.de\/wp-content\/uploads\/2020\/07\/Rhein-Main-Gebiet-Hofl\u00e4den-02-683x1024.jpg\" alt=\"\" class=\"wp-image-1100\" srcset=\"https:\/\/rhein-main-blog.de\/wp-content\/uploads\/2020\/07\/Rhein-Main-Gebiet-Hofl\u00e4den-02-683x1024.jpg 683w, https:\/\/rhein-main-blog.de\/wp-content\/uploads\/2020\/07\/Rhein-Main-Gebiet-Hofl\u00e4den-02-200x300.jpg 200w, https:\/\/rhein-main-blog.de\/wp-content\/uploads\/2020\/07\/Rhein-Main-Gebiet-Hofl\u00e4den-02-768x1152.jpg 768w, https:\/\/rhein-main-blog.de\/wp-content\/uploads\/2020\/07\/Rhein-Main-Gebiet-Hofl\u00e4den-02-660x990.jpg 660w, https:\/\/rhein-main-blog.de\/wp-content\/uploads\/2020\/07\/Rhein-Main-Gebiet-Hofl\u00e4den-02-1000x1500.jpg 1000w, https:\/\/rhein-main-blog.de\/wp-content\/uploads\/2020\/07\/Rhein-Main-Gebiet-Hofl\u00e4den-02.jpg 1024w\" sizes=\"auto, (max-width: 683px) 100vw, 683px\" \/><\/figure>\n\n\n\n<figure class=\"wp-block-image size-large\"><img loading=\"lazy\" decoding=\"async\" width=\"1024\" height=\"683\" src=\"https:\/\/rhein-main-blog.de\/wp-content\/uploads\/2020\/07\/Rhein-Main-Gebiet-Hofl\u00e4den-03.jpg\" alt=\"\" class=\"wp-image-1101\" srcset=\"https:\/\/rhein-main-blog.de\/wp-content\/uploads\/2020\/07\/Rhein-Main-Gebiet-Hofl\u00e4den-03.jpg 1024w, https:\/\/rhein-main-blog.de\/wp-content\/uploads\/2020\/07\/Rhein-Main-Gebiet-Hofl\u00e4den-03-300x200.jpg 300w, https:\/\/rhein-main-blog.de\/wp-content\/uploads\/2020\/07\/Rhein-Main-Gebiet-Hofl\u00e4den-03-768x512.jpg 768w, https:\/\/rhein-main-blog.de\/wp-content\/uploads\/2020\/07\/Rhein-Main-Gebiet-Hofl\u00e4den-03-660x440.jpg 660w, https:\/\/rhein-main-blog.de\/wp-content\/uploads\/2020\/07\/Rhein-Main-Gebiet-Hofl\u00e4den-03-1000x667.jpg 1000w, https:\/\/rhein-main-blog.de\/wp-content\/uploads\/2020\/07\/Rhein-Main-Gebiet-Hofl\u00e4den-03-373x248.jpg 373w\" sizes=\"auto, (max-width: 1024px) 100vw, 1024px\" \/><\/figure>\n\n\n\n<p class=\"has-text-align-center wp-block-paragraph\"><em><strong>Main\u00c4ppelHaus<\/strong><br>Klingenweg 90<br>60389 Frankfurt am Main<\/em><\/p>\n\n\n\n<h3 class=\"wp-block-heading\">Welche sind eure liebsten Hofl\u00e4den in Frankfurt, Mainz, Wiesbaden &amp; Co? Verratet es uns in den Kommentaren?<\/h3>\n\n\n\n<h3 class=\"wp-block-heading\">Wenn ihr Lust habt unser Redaktions-Team zu unterst\u00fctzen, freuen wir uns sehr \u00fcber eine kleine Spende:<\/h3>\n\n\n\n<form action=\"https:\/\/www.paypal.com\/donate\" method=\"post\" target=\"_top\">\n<input type=\"hidden\" name=\"hosted_button_id\" value=\"56G4W3N8AJ2Z8\">\n<input type=\"image\" src=\"https:\/\/www.paypalobjects.com\/de_DE\/DE\/i\/btn\/btn_donateCC_LG.gif\" border=\"0\" name=\"submit\" title=\"PayPal - The safer, easier way to pay online!\" alt=\"Spenden mit dem PayPal-Button\">\n<img loading=\"lazy\" decoding=\"async\" alt=\"\" border=\"0\" src=\"https:\/\/www.paypal.com\/de_DE\/i\/scr\/pixel.gif\" width=\"1\" height=\"1\">\n<\/form>","protected":false},"excerpt":{"rendered":"<p>Wir, im Rhein-Main-Gebiet, sind ja bekanntlich gro\u00dfe Genie\u00dfer und LIEBEN gutes Essen. Einerseits lassen wir uns gern in Restaurants verw\u00f6hnen. Daneben schwingen wir aber auch gern selbst den Kochl\u00f6ffel. Am&hellip; <a class=\"excerpt-more-link\" href=\"https:\/\/rhein-main-blog.de\/en\/hofladen-rhein-main-gebiet\/\">Read More<\/a><\/p>","protected":false},"author":2,"featured_media":1092,"comment_status":"open","ping_status":"open","sticky":false,"template":"","format":"standard","meta":{"footnotes":""},"categories":[5,30,9,25,10,17],"tags":[41,42,43,40],"class_list":["post-1024","post","type-post","status-publish","format-standard","has-post-thumbnail","hentry","category-cafes","category-darmstadt","category-frankfurt","category-fundstuecke","category-mainz","category-wiesbaden","tag-bauenhoefe","tag-essen-trinken","tag-geniessen","tag-hoflaeden"],"yoast_head":"<!-- This site is optimized with the Yoast SEO plugin v28.1 - https:\/\/yoast.com\/product\/yoast-seo-wordpress\/ -->\n<title>7 sch\u00f6ne Hofl\u00e4den im Rhein-Main-Gebiet - Rhein-Main-Blog<\/title>\n<meta name=\"description\" content=\"Die sch\u00f6nsten Hofl\u00e4den mit regionalen und saisonalen K\u00f6stlichkeiten im Rhein-Main-Gebiet und rund um Frankfurt. Frische Landluft inklusive.\" \/>\n<meta name=\"robots\" content=\"index, follow, max-snippet:-1, max-image-preview:large, max-video-preview:-1\" \/>\n<link rel=\"canonical\" href=\"https:\/\/rhein-main-blog.de\/en\/hofladen-rhein-main-gebiet\/\" \/>\n<meta property=\"og:locale\" content=\"en_US\" \/>\n<meta property=\"og:type\" content=\"article\" \/>\n<meta property=\"og:title\" content=\"7 sch\u00f6ne Hofl\u00e4den im Rhein-Main-Gebiet - Rhein-Main-Blog\" \/>\n<meta property=\"og:description\" content=\"Die sch\u00f6nsten Hofl\u00e4den mit regionalen und saisonalen K\u00f6stlichkeiten im Rhein-Main-Gebiet und rund um Frankfurt. Frische Landluft inklusive.\" \/>\n<meta property=\"og:url\" content=\"https:\/\/rhein-main-blog.de\/en\/hofladen-rhein-main-gebiet\/\" \/>\n<meta property=\"og:site_name\" content=\"Rhein-Main-Blog\" \/>\n<meta property=\"article:published_time\" content=\"2023-09-02T08:25:00+00:00\" \/>\n<meta property=\"article:modified_time\" content=\"2026-08-11T15:17:55+00:00\" \/>\n<meta property=\"og:image\" content=\"https:\/\/rhein-main-blog.de\/wp-content\/uploads\/2020\/07\/hofl\u00e4den-rhein-main-gebiet04-1024x683.jpg\" \/>\n\t<meta property=\"og:image:width\" content=\"1024\" \/>\n\t<meta property=\"og:image:height\" content=\"683\" \/>\n\t<meta property=\"og:image:type\" content=\"image\/jpeg\" \/>\n<meta name=\"author\" content=\"Sarah\" \/>\n<meta name=\"twitter:card\" content=\"summary_large_image\" \/>\n<meta name=\"twitter:label1\" content=\"Written by\" \/>\n\t<meta name=\"twitter:data1\" content=\"Sarah\" \/>\n\t<meta name=\"twitter:label2\" content=\"Est. reading time\" \/>\n\t<meta name=\"twitter:data2\" content=\"7 minutes\" \/>\n<script type=\"application\/ld+json\" class=\"yoast-schema-graph\">{\"@context\":\"https:\\\/\\\/schema.org\",\"@graph\":[{\"@type\":\"Article\",\"@id\":\"https:\\\/\\\/rhein-main-blog.de\\\/hofladen-rhein-main-gebiet\\\/#article\",\"isPartOf\":{\"@id\":\"https:\\\/\\\/rhein-main-blog.de\\\/hofladen-rhein-main-gebiet\\\/\"},\"author\":{\"name\":\"Sarah\",\"@id\":\"https:\\\/\\\/rhein-main-blog.de\\\/#\\\/schema\\\/person\\\/ce1275bcdc476c205d78d9c932769e5c\"},\"headline\":\"7 sch\u00f6ne Hofl\u00e4den im Rhein-Main-Gebiet\",\"datePublished\":\"2023-09-02T08:25:00+00:00\",\"dateModified\":\"2026-08-11T15:17:55+00:00\",\"mainEntityOfPage\":{\"@id\":\"https:\\\/\\\/rhein-main-blog.de\\\/hofladen-rhein-main-gebiet\\\/\"},\"wordCount\":885,\"commentCount\":5,\"publisher\":{\"@id\":\"https:\\\/\\\/rhein-main-blog.de\\\/#organization\"},\"image\":{\"@id\":\"https:\\\/\\\/rhein-main-blog.de\\\/hofladen-rhein-main-gebiet\\\/#primaryimage\"},\"thumbnailUrl\":\"https:\\\/\\\/rhein-main-blog.de\\\/wp-content\\\/uploads\\\/2020\\\/07\\\/hofl\u00e4den-rhein-main-gebiet04.jpg\",\"keywords\":[\"Bauenh\u00f6fe\",\"Essen &amp; Trinken\",\"Genie\u00dfen\",\"Hofl\u00e4den\"],\"articleSection\":[\"Caf\u00e9s\",\"Darmstadt\",\"Frankfurt\",\"Fundst\u00fccke\",\"Mainz\",\"Wiesbaden\"],\"inLanguage\":\"en-US\",\"potentialAction\":[{\"@type\":\"CommentAction\",\"name\":\"Comment\",\"target\":[\"https:\\\/\\\/rhein-main-blog.de\\\/hofladen-rhein-main-gebiet\\\/#respond\"]}]},{\"@type\":\"WebPage\",\"@id\":\"https:\\\/\\\/rhein-main-blog.de\\\/hofladen-rhein-main-gebiet\\\/\",\"url\":\"https:\\\/\\\/rhein-main-blog.de\\\/hofladen-rhein-main-gebiet\\\/\",\"name\":\"7 sch\u00f6ne Hofl\u00e4den im Rhein-Main-Gebiet - Rhein-Main-Blog\",\"isPartOf\":{\"@id\":\"https:\\\/\\\/rhein-main-blog.de\\\/#website\"},\"primaryImageOfPage\":{\"@id\":\"https:\\\/\\\/rhein-main-blog.de\\\/hofladen-rhein-main-gebiet\\\/#primaryimage\"},\"image\":{\"@id\":\"https:\\\/\\\/rhein-main-blog.de\\\/hofladen-rhein-main-gebiet\\\/#primaryimage\"},\"thumbnailUrl\":\"https:\\\/\\\/rhein-main-blog.de\\\/wp-content\\\/uploads\\\/2020\\\/07\\\/hofl\u00e4den-rhein-main-gebiet04.jpg\",\"datePublished\":\"2023-09-02T08:25:00+00:00\",\"dateModified\":\"2026-08-11T15:17:55+00:00\",\"description\":\"Die sch\u00f6nsten Hofl\u00e4den mit regionalen und saisonalen K\u00f6stlichkeiten im Rhein-Main-Gebiet und rund um Frankfurt. Frische Landluft inklusive.\",\"breadcrumb\":{\"@id\":\"https:\\\/\\\/rhein-main-blog.de\\\/hofladen-rhein-main-gebiet\\\/#breadcrumb\"},\"inLanguage\":\"en-US\",\"potentialAction\":[{\"@type\":\"ReadAction\",\"target\":[\"https:\\\/\\\/rhein-main-blog.de\\\/hofladen-rhein-main-gebiet\\\/\"]}]},{\"@type\":\"ImageObject\",\"inLanguage\":\"en-US\",\"@id\":\"https:\\\/\\\/rhein-main-blog.de\\\/hofladen-rhein-main-gebiet\\\/#primaryimage\",\"url\":\"https:\\\/\\\/rhein-main-blog.de\\\/wp-content\\\/uploads\\\/2020\\\/07\\\/hofl\u00e4den-rhein-main-gebiet04.jpg\",\"contentUrl\":\"https:\\\/\\\/rhein-main-blog.de\\\/wp-content\\\/uploads\\\/2020\\\/07\\\/hofl\u00e4den-rhein-main-gebiet04.jpg\",\"width\":5794,\"height\":3863,\"caption\":\"Hofl\u00e4den Rhein Main Gebiet04 dom\u00e4ne mechtildshausen\"},{\"@type\":\"BreadcrumbList\",\"@id\":\"https:\\\/\\\/rhein-main-blog.de\\\/hofladen-rhein-main-gebiet\\\/#breadcrumb\",\"itemListElement\":[{\"@type\":\"ListItem\",\"position\":1,\"name\":\"Startseite\",\"item\":\"https:\\\/\\\/rhein-main-blog.de\\\/\"},{\"@type\":\"ListItem\",\"position\":2,\"name\":\"7 sch\u00f6ne Hofl\u00e4den im Rhein-Main-Gebiet\"}]},{\"@type\":\"WebSite\",\"@id\":\"https:\\\/\\\/rhein-main-blog.de\\\/#website\",\"url\":\"https:\\\/\\\/rhein-main-blog.de\\\/\",\"name\":\"Rhein-Main-Blog\",\"description\":\"Die sch\u00f6nsten Ausflugsziele und Tipps f\u00fcr das Rhein-Main-Gebiet\",\"publisher\":{\"@id\":\"https:\\\/\\\/rhein-main-blog.de\\\/#organization\"},\"potentialAction\":[{\"@type\":\"SearchAction\",\"target\":{\"@type\":\"EntryPoint\",\"urlTemplate\":\"https:\\\/\\\/rhein-main-blog.de\\\/?s={search_term_string}\"},\"query-input\":{\"@type\":\"PropertyValueSpecification\",\"valueRequired\":true,\"valueName\":\"search_term_string\"}}],\"inLanguage\":\"en-US\"},{\"@type\":\"Organization\",\"@id\":\"https:\\\/\\\/rhein-main-blog.de\\\/#organization\",\"name\":\"Rhein-Main-Blog\",\"url\":\"https:\\\/\\\/rhein-main-blog.de\\\/\",\"logo\":{\"@type\":\"ImageObject\",\"inLanguage\":\"en-US\",\"@id\":\"https:\\\/\\\/rhein-main-blog.de\\\/#\\\/schema\\\/logo\\\/image\\\/\",\"url\":\"https:\\\/\\\/rhein-main-blog.de\\\/wp-content\\\/uploads\\\/2020\\\/04\\\/cropped-Rhein-Main-Blog-Header-Sarah-Waltinger-1-2.png\",\"contentUrl\":\"https:\\\/\\\/rhein-main-blog.de\\\/wp-content\\\/uploads\\\/2020\\\/04\\\/cropped-Rhein-Main-Blog-Header-Sarah-Waltinger-1-2.png\",\"width\":512,\"height\":512,\"caption\":\"Rhein-Main-Blog\"},\"image\":{\"@id\":\"https:\\\/\\\/rhein-main-blog.de\\\/#\\\/schema\\\/logo\\\/image\\\/\"},\"sameAs\":[\"https:\\\/\\\/www.pinterest.de\\\/rheinmainblog\\\/\"]},{\"@type\":\"Person\",\"@id\":\"https:\\\/\\\/rhein-main-blog.de\\\/#\\\/schema\\\/person\\\/ce1275bcdc476c205d78d9c932769e5c\",\"name\":\"Sarah\",\"image\":{\"@type\":\"ImageObject\",\"inLanguage\":\"en-US\",\"@id\":\"https:\\\/\\\/rhein-main-blog.de\\\/wp-content\\\/uploads\\\/2020\\\/11\\\/Sarah-Waltinger-Itchy-Feet-Blog-Mainz02-e1622966870914-150x150.jpg\",\"url\":\"https:\\\/\\\/rhein-main-blog.de\\\/wp-content\\\/uploads\\\/2020\\\/11\\\/Sarah-Waltinger-Itchy-Feet-Blog-Mainz02-e1622966870914-150x150.jpg\",\"contentUrl\":\"https:\\\/\\\/rhein-main-blog.de\\\/wp-content\\\/uploads\\\/2020\\\/11\\\/Sarah-Waltinger-Itchy-Feet-Blog-Mainz02-e1622966870914-150x150.jpg\",\"caption\":\"Sarah\"},\"description\":\"Mainzerin Sarah ist die Gr\u00fcnderin des Rhein-Main-Blogs und auch nach 30 Jahren gl\u00fccklich die sch\u00f6ne Stadt am Rhein ihr Zuhause nennen zu d\u00fcrfen. Wenn sie nicht gerade im Homeoffice arbeitet oder die Welt bereist, trifft sie sich mit Freunden im Lieblingscaf\u00e9, schlendert \u00fcber Wochenm\u00e4rkte und unternimmt Erkundungen in der Natur.\",\"sameAs\":[\"https:\\\/\\\/itchyfeet-travel.de\\\/\",\"https:\\\/\\\/www.instagram.com\\\/itchy.feet.blog\\\/\"],\"url\":\"https:\\\/\\\/rhein-main-blog.de\\\/en\\\/author\\\/sarah\\\/\"}]}<\/script>\n<!-- \/ Yoast SEO plugin. -->","yoast_head_json":{"title":"7 sch\u00f6ne Hofl\u00e4den im Rhein-Main-Gebiet - Rhein-Main-Blog","description":"Die sch\u00f6nsten Hofl\u00e4den mit regionalen und saisonalen K\u00f6stlichkeiten im Rhein-Main-Gebiet und rund um Frankfurt. Frische Landluft inklusive.","robots":{"index":"index","follow":"follow","max-snippet":"max-snippet:-1","max-image-preview":"max-image-preview:large","max-video-preview":"max-video-preview:-1"},"canonical":"https:\/\/rhein-main-blog.de\/en\/hofladen-rhein-main-gebiet\/","og_locale":"en_US","og_type":"article","og_title":"7 sch\u00f6ne Hofl\u00e4den im Rhein-Main-Gebiet - Rhein-Main-Blog","og_description":"Die sch\u00f6nsten Hofl\u00e4den mit regionalen und saisonalen K\u00f6stlichkeiten im Rhein-Main-Gebiet und rund um Frankfurt. Frische Landluft inklusive.","og_url":"https:\/\/rhein-main-blog.de\/en\/hofladen-rhein-main-gebiet\/","og_site_name":"Rhein-Main-Blog","article_published_time":"2023-09-02T08:25:00+00:00","article_modified_time":"2026-08-11T15:17:55+00:00","og_image":[{"width":1024,"height":683,"url":"https:\/\/rhein-main-blog.de\/wp-content\/uploads\/2020\/07\/hofl\u00e4den-rhein-main-gebiet04-1024x683.jpg","type":"image\/jpeg"}],"author":"Sarah","twitter_card":"summary_large_image","twitter_misc":{"Written by":"Sarah","Est. reading time":"7 minutes"},"schema":{"@context":"https:\/\/schema.org","@graph":[{"@type":"Article","@id":"https:\/\/rhein-main-blog.de\/hofladen-rhein-main-gebiet\/#article","isPartOf":{"@id":"https:\/\/rhein-main-blog.de\/hofladen-rhein-main-gebiet\/"},"author":{"name":"Sarah","@id":"https:\/\/rhein-main-blog.de\/#\/schema\/person\/ce1275bcdc476c205d78d9c932769e5c"},"headline":"7 sch\u00f6ne Hofl\u00e4den im Rhein-Main-Gebiet","datePublished":"2023-09-02T08:25:00+00:00","dateModified":"2026-08-11T15:17:55+00:00","mainEntityOfPage":{"@id":"https:\/\/rhein-main-blog.de\/hofladen-rhein-main-gebiet\/"},"wordCount":885,"commentCount":5,"publisher":{"@id":"https:\/\/rhein-main-blog.de\/#organization"},"image":{"@id":"https:\/\/rhein-main-blog.de\/hofladen-rhein-main-gebiet\/#primaryimage"},"thumbnailUrl":"https:\/\/rhein-main-blog.de\/wp-content\/uploads\/2020\/07\/hofl\u00e4den-rhein-main-gebiet04.jpg","keywords":["Bauenh\u00f6fe","Essen &amp; Trinken","Genie\u00dfen","Hofl\u00e4den"],"articleSection":["Caf\u00e9s","Darmstadt","Frankfurt","Fundst\u00fccke","Mainz","Wiesbaden"],"inLanguage":"en-US","potentialAction":[{"@type":"CommentAction","name":"Comment","target":["https:\/\/rhein-main-blog.de\/hofladen-rhein-main-gebiet\/#respond"]}]},{"@type":"WebPage","@id":"https:\/\/rhein-main-blog.de\/hofladen-rhein-main-gebiet\/","url":"https:\/\/rhein-main-blog.de\/hofladen-rhein-main-gebiet\/","name":"7 sch\u00f6ne Hofl\u00e4den im Rhein-Main-Gebiet - Rhein-Main-Blog","isPartOf":{"@id":"https:\/\/rhein-main-blog.de\/#website"},"primaryImageOfPage":{"@id":"https:\/\/rhein-main-blog.de\/hofladen-rhein-main-gebiet\/#primaryimage"},"image":{"@id":"https:\/\/rhein-main-blog.de\/hofladen-rhein-main-gebiet\/#primaryimage"},"thumbnailUrl":"https:\/\/rhein-main-blog.de\/wp-content\/uploads\/2020\/07\/hofl\u00e4den-rhein-main-gebiet04.jpg","datePublished":"2023-09-02T08:25:00+00:00","dateModified":"2026-08-11T15:17:55+00:00","description":"Die sch\u00f6nsten Hofl\u00e4den mit regionalen und saisonalen K\u00f6stlichkeiten im Rhein-Main-Gebiet und rund um Frankfurt. Frische Landluft inklusive.","breadcrumb":{"@id":"https:\/\/rhein-main-blog.de\/hofladen-rhein-main-gebiet\/#breadcrumb"},"inLanguage":"en-US","potentialAction":[{"@type":"ReadAction","target":["https:\/\/rhein-main-blog.de\/hofladen-rhein-main-gebiet\/"]}]},{"@type":"ImageObject","inLanguage":"en-US","@id":"https:\/\/rhein-main-blog.de\/hofladen-rhein-main-gebiet\/#primaryimage","url":"https:\/\/rhein-main-blog.de\/wp-content\/uploads\/2020\/07\/hofl\u00e4den-rhein-main-gebiet04.jpg","contentUrl":"https:\/\/rhein-main-blog.de\/wp-content\/uploads\/2020\/07\/hofl\u00e4den-rhein-main-gebiet04.jpg","width":5794,"height":3863,"caption":"Hofl\u00e4den Rhein Main Gebiet04 dom\u00e4ne mechtildshausen"},{"@type":"BreadcrumbList","@id":"https:\/\/rhein-main-blog.de\/hofladen-rhein-main-gebiet\/#breadcrumb","itemListElement":[{"@type":"ListItem","position":1,"name":"Startseite","item":"https:\/\/rhein-main-blog.de\/"},{"@type":"ListItem","position":2,"name":"7 sch\u00f6ne Hofl\u00e4den im Rhein-Main-Gebiet"}]},{"@type":"WebSite","@id":"https:\/\/rhein-main-blog.de\/#website","url":"https:\/\/rhein-main-blog.de\/","name":"Rhein-Main-Blog","description":"Die sch\u00f6nsten Ausflugsziele und Tipps f\u00fcr das Rhein-Main-Gebiet","publisher":{"@id":"https:\/\/rhein-main-blog.de\/#organization"},"potentialAction":[{"@type":"SearchAction","target":{"@type":"EntryPoint","urlTemplate":"https:\/\/rhein-main-blog.de\/?s={search_term_string}"},"query-input":{"@type":"PropertyValueSpecification","valueRequired":true,"valueName":"search_term_string"}}],"inLanguage":"en-US"},{"@type":"Organization","@id":"https:\/\/rhein-main-blog.de\/#organization","name":"Rhein-Main-Blog","url":"https:\/\/rhein-main-blog.de\/","logo":{"@type":"ImageObject","inLanguage":"en-US","@id":"https:\/\/rhein-main-blog.de\/#\/schema\/logo\/image\/","url":"https:\/\/rhein-main-blog.de\/wp-content\/uploads\/2020\/04\/cropped-Rhein-Main-Blog-Header-Sarah-Waltinger-1-2.png","contentUrl":"https:\/\/rhein-main-blog.de\/wp-content\/uploads\/2020\/04\/cropped-Rhein-Main-Blog-Header-Sarah-Waltinger-1-2.png","width":512,"height":512,"caption":"Rhein-Main-Blog"},"image":{"@id":"https:\/\/rhein-main-blog.de\/#\/schema\/logo\/image\/"},"sameAs":["https:\/\/www.pinterest.de\/rheinmainblog\/"]},{"@type":"Person","@id":"https:\/\/rhein-main-blog.de\/#\/schema\/person\/ce1275bcdc476c205d78d9c932769e5c","name":"Sarah","image":{"@type":"ImageObject","inLanguage":"en-US","@id":"https:\/\/rhein-main-blog.de\/wp-content\/uploads\/2020\/11\/Sarah-Waltinger-Itchy-Feet-Blog-Mainz02-e1622966870914-150x150.jpg","url":"https:\/\/rhein-main-blog.de\/wp-content\/uploads\/2020\/11\/Sarah-Waltinger-Itchy-Feet-Blog-Mainz02-e1622966870914-150x150.jpg","contentUrl":"https:\/\/rhein-main-blog.de\/wp-content\/uploads\/2020\/11\/Sarah-Waltinger-Itchy-Feet-Blog-Mainz02-e1622966870914-150x150.jpg","caption":"Sarah"},"description":"Mainzerin Sarah ist die Gr\u00fcnderin des Rhein-Main-Blogs und auch nach 30 Jahren gl\u00fccklich die sch\u00f6ne Stadt am Rhein ihr Zuhause nennen zu d\u00fcrfen. Wenn sie nicht gerade im Homeoffice arbeitet oder die Welt bereist, trifft sie sich mit Freunden im Lieblingscaf\u00e9, schlendert \u00fcber Wochenm\u00e4rkte und unternimmt Erkundungen in der Natur.","sameAs":["https:\/\/itchyfeet-travel.de\/","https:\/\/www.instagram.com\/itchy.feet.blog\/"],"url":"https:\/\/rhein-main-blog.de\/en\/author\/sarah\/"}]}},"_links":{"self":[{"href":"https:\/\/rhein-main-blog.de\/en\/wp-json\/wp\/v2\/posts\/1024","targetHints":{"allow":["GET"]}}],"collection":[{"href":"https:\/\/rhein-main-blog.de\/en\/wp-json\/wp\/v2\/posts"}],"about":[{"href":"https:\/\/rhein-main-blog.de\/en\/wp-json\/wp\/v2\/types\/post"}],"author":[{"embeddable":true,"href":"https:\/\/rhein-main-blog.de\/en\/wp-json\/wp\/v2\/users\/2"}],"replies":[{"embeddable":true,"href":"https:\/\/rhein-main-blog.de\/en\/wp-json\/wp\/v2\/comments?post=1024"}],"version-history":[{"count":97,"href":"https:\/\/rhein-main-blog.de\/en\/wp-json\/wp\/v2\/posts\/1024\/revisions"}],"predecessor-version":[{"id":5148,"href":"https:\/\/rhein-main-blog.de\/en\/wp-json\/wp\/v2\/posts\/1024\/revisions\/5148"}],"wp:featuredmedia":[{"embeddable":true,"href":"https:\/\/rhein-main-blog.de\/en\/wp-json\/wp\/v2\/media\/1092"}],"wp:attachment":[{"href":"https:\/\/rhein-main-blog.de\/en\/wp-json\/wp\/v2\/media?parent=1024"}],"wp:term":[{"taxonomy":"category","embeddable":true,"href":"https:\/\/rhein-main-blog.de\/en\/wp-json\/wp\/v2\/categories?post=1024"},{"taxonomy":"post_tag","embeddable":true,"href":"https:\/\/rhein-main-blog.de\/en\/wp-json\/wp\/v2\/tags?post=1024"}],"curies":[{"name":"wp","href":"https:\/\/api.w.org\/{rel}","templated":true}]}}