{"id":1313,"date":"2020-08-27T20:28:03","date_gmt":"2020-08-27T18:28:03","guid":{"rendered":"https:\/\/rhein-main-blog.de\/?p=1313"},"modified":"2021-04-23T15:57:20","modified_gmt":"2021-04-23T13:57:20","slug":"rhein-main-herbst","status":"publish","type":"post","link":"https:\/\/rhein-main-blog.de\/en\/rhein-main-herbst\/","title":{"rendered":"Rhein-Main-Gebiet: 5 Ausflugsziele im Herbst"},"content":{"rendered":"<p class=\"wp-block-paragraph\">Die Tage werden k\u00fcrzer und die Baumkronen zeigen gelb-rote Tupfer &#8211; erste Anzeichen, dass der Herbst nicht mehr lange auf sich warten l\u00e4sst. Das ist aber noch lange kein Grund zur Traurigkeit. Denn auch nach der Sommerzeit lockt das Rhein-Main-Gebiet mit fabelhaften Ausflugszielen. F\u00fcnf Tipps f\u00fcr goldene Herbsttage in und um <a aria-label=\"undefined (opens in a new tab)\" href=\"https:\/\/rhein-main-blog.de\/en\/category\/frankfurt\/\" target=\"_blank\" rel=\"noreferrer noopener\"><strong>Frankfurt<\/strong><\/a>, <strong><a aria-label=\"undefined (opens in a new tab)\" href=\"https:\/\/rhein-main-blog.de\/en\/category\/mainz\/\" target=\"_blank\" rel=\"noreferrer noopener\">Mainz<\/a> <\/strong>&amp; Co findet ihr in diesem Beitrag.<\/p>\n\n\n\n<h2 class=\"wp-block-heading\">Ausflugstipp #1 Jacobiweiher in Frankfurt<\/h2>\n\n\n\n<p class=\"wp-block-paragraph\">Wald, Wasser und die Aussicht auf kulinarische Verlockungen. Der Jacobiweiher, auch Vierwaldst\u00e4ttersee genannt, ist zu jeder Jahreszeit ein beliebtes Ausflugsziel und lockt Naturfreunde aus dem ganzen Rhein-Main-Gebiet in den Frankfurter Stadtwald. Seine ganze Herrlichkeit offenbart die Landschaft allerdings im Herbst. Dann spaziert ihr \u00fcber einen raschelnden Bl\u00e4tterteppich um den See und die Farbenpracht in den Baumkronen verspr\u00fcht eine Dosis Indian-Summer-Feeling. <\/p>\n\n\n\n<figure class=\"wp-block-image size-large\"><img loading=\"lazy\" decoding=\"async\" width=\"1024\" height=\"683\" src=\"https:\/\/rhein-main-blog.de\/wp-content\/uploads\/2020\/08\/Jacobiweiher03.jpg\" alt=\"\" class=\"wp-image-1320\" srcset=\"https:\/\/rhein-main-blog.de\/wp-content\/uploads\/2020\/08\/Jacobiweiher03.jpg 1024w, https:\/\/rhein-main-blog.de\/wp-content\/uploads\/2020\/08\/Jacobiweiher03-300x200.jpg 300w, https:\/\/rhein-main-blog.de\/wp-content\/uploads\/2020\/08\/Jacobiweiher03-768x512.jpg 768w, https:\/\/rhein-main-blog.de\/wp-content\/uploads\/2020\/08\/Jacobiweiher03-660x440.jpg 660w, https:\/\/rhein-main-blog.de\/wp-content\/uploads\/2020\/08\/Jacobiweiher03-1000x667.jpg 1000w, https:\/\/rhein-main-blog.de\/wp-content\/uploads\/2020\/08\/Jacobiweiher03-373x248.jpg 373w\" sizes=\"auto, (max-width: 1024px) 100vw, 1024px\" \/><\/figure>\n\n\n\n<figure class=\"wp-block-image size-large\"><img loading=\"lazy\" decoding=\"async\" width=\"1024\" height=\"683\" src=\"https:\/\/rhein-main-blog.de\/wp-content\/uploads\/2020\/08\/Jacobiweiher09.jpg\" alt=\"\" class=\"wp-image-1322\" srcset=\"https:\/\/rhein-main-blog.de\/wp-content\/uploads\/2020\/08\/Jacobiweiher09.jpg 1024w, https:\/\/rhein-main-blog.de\/wp-content\/uploads\/2020\/08\/Jacobiweiher09-300x200.jpg 300w, https:\/\/rhein-main-blog.de\/wp-content\/uploads\/2020\/08\/Jacobiweiher09-768x512.jpg 768w, https:\/\/rhein-main-blog.de\/wp-content\/uploads\/2020\/08\/Jacobiweiher09-660x440.jpg 660w, https:\/\/rhein-main-blog.de\/wp-content\/uploads\/2020\/08\/Jacobiweiher09-1000x667.jpg 1000w, https:\/\/rhein-main-blog.de\/wp-content\/uploads\/2020\/08\/Jacobiweiher09-373x248.jpg 373w\" sizes=\"auto, (max-width: 1024px) 100vw, 1024px\" \/><\/figure>\n\n\n\n<figure class=\"wp-block-image size-large\"><img loading=\"lazy\" decoding=\"async\" width=\"1024\" height=\"683\" src=\"https:\/\/rhein-main-blog.de\/wp-content\/uploads\/2020\/08\/Jacobiweiher08.jpg\" alt=\"\" class=\"wp-image-1321\" srcset=\"https:\/\/rhein-main-blog.de\/wp-content\/uploads\/2020\/08\/Jacobiweiher08.jpg 1024w, https:\/\/rhein-main-blog.de\/wp-content\/uploads\/2020\/08\/Jacobiweiher08-300x200.jpg 300w, https:\/\/rhein-main-blog.de\/wp-content\/uploads\/2020\/08\/Jacobiweiher08-768x512.jpg 768w, https:\/\/rhein-main-blog.de\/wp-content\/uploads\/2020\/08\/Jacobiweiher08-660x440.jpg 660w, https:\/\/rhein-main-blog.de\/wp-content\/uploads\/2020\/08\/Jacobiweiher08-1000x667.jpg 1000w, https:\/\/rhein-main-blog.de\/wp-content\/uploads\/2020\/08\/Jacobiweiher08-373x248.jpg 373w\" sizes=\"auto, (max-width: 1024px) 100vw, 1024px\" \/><\/figure>\n\n\n\n<p class=\"wp-block-paragraph\">Als genussvollen Ausklang bietet sich die Einkehr in dem Lokal <strong><a href=\"https:\/\/oberschweinstiege-frankfurt.de\/\" target=\"_blank\" aria-label=\"undefined (opens in a new tab)\" rel=\"noreferrer noopener\">Oberschweinstiege<\/a> <\/strong>an. T\u00e4glich von 11 Uhr bis Mitternacht wird euch hier gutb\u00fcrgerliche Landhausk\u00fcche mit Pfiff serviert. Auch der Blick in die Kuchentheke lohnt sich. Schlemmen k\u00f6nnt ihr an warmen Tagen auf der Seeterrasse, an k\u00fchlen Tagen l\u00e4dt der Kamin zum Aufw\u00e4rmen ein.<\/p>\n\n\n\n<h2 class=\"wp-block-heading\">Rhein Main Herbst Tipp #2 Eselwandern bei Fl\u00f6rsheim<\/h2>\n\n\n\n<p class=\"wp-block-paragraph\">Wandern im Rheingau ist an sich schon eine feine Sache. Wird man bei der Tour von liebenswerten Vierbeinern begleitet, wird der Ausflug zum besonderen Erlebnis. Start der tierischen Rundwanderung ist <a aria-label=\"undefined (opens in a new tab)\" href=\"https:\/\/www.toms-farm.de\/\" target=\"_blank\" rel=\"noreferrer noopener\"><strong>Tom&#8217;s Farm<\/strong><\/a> in Fl\u00f6rsheim. Auf dem Hof sind neben Zwergziegen auch Mulis und Esel zu Hause. Die Bewohner wurden vom Tierschutz an die Farm vermittelt und genie\u00dfen nun endlich ein artgerechtes Leben.<\/p>\n\n\n\n<figure class=\"wp-block-image size-large\"><img loading=\"lazy\" decoding=\"async\" width=\"1024\" height=\"683\" src=\"https:\/\/rhein-main-blog.de\/wp-content\/uploads\/2020\/08\/Griska02.jpg\" alt=\"\" class=\"wp-image-1325\" srcset=\"https:\/\/rhein-main-blog.de\/wp-content\/uploads\/2020\/08\/Griska02.jpg 1024w, https:\/\/rhein-main-blog.de\/wp-content\/uploads\/2020\/08\/Griska02-300x200.jpg 300w, https:\/\/rhein-main-blog.de\/wp-content\/uploads\/2020\/08\/Griska02-768x512.jpg 768w, https:\/\/rhein-main-blog.de\/wp-content\/uploads\/2020\/08\/Griska02-660x440.jpg 660w, https:\/\/rhein-main-blog.de\/wp-content\/uploads\/2020\/08\/Griska02-1000x667.jpg 1000w, https:\/\/rhein-main-blog.de\/wp-content\/uploads\/2020\/08\/Griska02-373x248.jpg 373w\" sizes=\"auto, (max-width: 1024px) 100vw, 1024px\" \/><\/figure>\n\n\n\n<figure class=\"wp-block-image size-large\"><img loading=\"lazy\" decoding=\"async\" width=\"1024\" height=\"683\" src=\"https:\/\/rhein-main-blog.de\/wp-content\/uploads\/2020\/08\/Eselwandern05.jpg\" alt=\"\" class=\"wp-image-1323\" srcset=\"https:\/\/rhein-main-blog.de\/wp-content\/uploads\/2020\/08\/Eselwandern05.jpg 1024w, https:\/\/rhein-main-blog.de\/wp-content\/uploads\/2020\/08\/Eselwandern05-300x200.jpg 300w, https:\/\/rhein-main-blog.de\/wp-content\/uploads\/2020\/08\/Eselwandern05-768x512.jpg 768w, https:\/\/rhein-main-blog.de\/wp-content\/uploads\/2020\/08\/Eselwandern05-660x440.jpg 660w, https:\/\/rhein-main-blog.de\/wp-content\/uploads\/2020\/08\/Eselwandern05-1000x667.jpg 1000w, https:\/\/rhein-main-blog.de\/wp-content\/uploads\/2020\/08\/Eselwandern05-373x248.jpg 373w\" sizes=\"auto, (max-width: 1024px) 100vw, 1024px\" \/><\/figure>\n\n\n\n<figure class=\"wp-block-image size-large\"><img loading=\"lazy\" decoding=\"async\" width=\"683\" height=\"1024\" src=\"https:\/\/rhein-main-blog.de\/wp-content\/uploads\/2020\/08\/Rudi06-683x1024.jpg\" alt=\"\" class=\"wp-image-1326\" srcset=\"https:\/\/rhein-main-blog.de\/wp-content\/uploads\/2020\/08\/Rudi06-683x1024.jpg 683w, https:\/\/rhein-main-blog.de\/wp-content\/uploads\/2020\/08\/Rudi06-200x300.jpg 200w, https:\/\/rhein-main-blog.de\/wp-content\/uploads\/2020\/08\/Rudi06-768x1152.jpg 768w, https:\/\/rhein-main-blog.de\/wp-content\/uploads\/2020\/08\/Rudi06-1024x1536.jpg 1024w, https:\/\/rhein-main-blog.de\/wp-content\/uploads\/2020\/08\/Rudi06-1365x2048.jpg 1365w, https:\/\/rhein-main-blog.de\/wp-content\/uploads\/2020\/08\/Rudi06-660x990.jpg 660w, https:\/\/rhein-main-blog.de\/wp-content\/uploads\/2020\/08\/Rudi06-1000x1500.jpg 1000w\" sizes=\"auto, (max-width: 683px) 100vw, 683px\" \/><\/figure>\n\n\n\n<p class=\"wp-block-paragraph\">Besucher d\u00fcrfen die Esel vor der Wanderung gern verw\u00f6hnen. Mit einer B\u00fcrste werden die Tiere ausgiebig geputzt. Nach dem ersten Beschnuppern und Streicheileinheiten f\u00fchrt man die Esel in gem\u00e4chlichem Tempo an einer Leine spazieren. Immer mit dabei: Ein Guide der Farm. Zwischendurch wird ein P\u00e4uschen einlegt und die Vierbeiner d\u00fcrfen auf einer Wiese grasen, bevor es zur\u00fcck auf den Hof geht.<\/p>\n\n\n\n<blockquote class=\"wp-block-quote is-layout-flow wp-block-quote-is-layout-flow\"><p>Bleibe immer up to date und folge Rhein-Main-Blog auf <a href=\"https:\/\/www.instagram.com\/rhein_main_blog\/?hl=de\"><strong>Instagram<\/strong><\/a>, <a href=\"https:\/\/www.facebook.com\/rheinmainblog\/?modal=admin_todo_tour\"><strong>Facebook <\/strong><\/a>und <a href=\"https:\/\/www.pinterest.de\/rheinmainblog\/\"><strong>Pinterest<\/strong><\/a>. Du bist auch auf Pinterest aktiv und hast Lust mitzupinnen? Dann schau mal <a href=\"https:\/\/www.pinterest.de\/sarahitchyfeet\/eskapaden-rhein-main-ausflugstipps-und-miniurlaub-\/\"><strong>hier<\/strong><\/a>, auf meinem Gruppenboard f\u00fcr das Rhein-Main-Gebiet, vorbei.<\/p><\/blockquote>\n\n\n\n<h2 class=\"wp-block-heading\">Ausflugstipp #3 \u00c4pfel pfl\u00fccken<\/h2>\n\n\n\n<p class=\"wp-block-paragraph\">Von Mitte August bis Ende Oktober ist es wieder soweit. Zahlreiche H\u00f6fe laden dazu ein \u00c4pfel selbst zu pfl\u00fccken. Eine prima Ausflugsidee, bei der auch Kinder ihren Spa\u00df haben. Da wenig zeitaufwendig, eignet sich so eine Apfelernte auch wunderbar f\u00fcr die Feierabendstunden.<\/p>\n\n\n\n<figure class=\"wp-block-image size-large\"><img loading=\"lazy\" decoding=\"async\" width=\"1024\" height=\"683\" src=\"https:\/\/rhein-main-blog.de\/wp-content\/uploads\/2020\/08\/\u00c4pfel-pfl\u00fccken18.jpg\" alt=\"\" class=\"wp-image-1328\" srcset=\"https:\/\/rhein-main-blog.de\/wp-content\/uploads\/2020\/08\/\u00c4pfel-pfl\u00fccken18.jpg 1024w, https:\/\/rhein-main-blog.de\/wp-content\/uploads\/2020\/08\/\u00c4pfel-pfl\u00fccken18-300x200.jpg 300w, https:\/\/rhein-main-blog.de\/wp-content\/uploads\/2020\/08\/\u00c4pfel-pfl\u00fccken18-768x512.jpg 768w, https:\/\/rhein-main-blog.de\/wp-content\/uploads\/2020\/08\/\u00c4pfel-pfl\u00fccken18-660x440.jpg 660w, https:\/\/rhein-main-blog.de\/wp-content\/uploads\/2020\/08\/\u00c4pfel-pfl\u00fccken18-1000x667.jpg 1000w, https:\/\/rhein-main-blog.de\/wp-content\/uploads\/2020\/08\/\u00c4pfel-pfl\u00fccken18-373x248.jpg 373w\" sizes=\"auto, (max-width: 1024px) 100vw, 1024px\" \/><\/figure>\n\n\n\n<figure class=\"wp-block-image size-large\"><img loading=\"lazy\" decoding=\"async\" width=\"1024\" height=\"683\" src=\"https:\/\/rhein-main-blog.de\/wp-content\/uploads\/2020\/08\/\u00c4pfel-pfl\u00fccken14.jpg\" alt=\"\" class=\"wp-image-1327\" srcset=\"https:\/\/rhein-main-blog.de\/wp-content\/uploads\/2020\/08\/\u00c4pfel-pfl\u00fccken14.jpg 1024w, https:\/\/rhein-main-blog.de\/wp-content\/uploads\/2020\/08\/\u00c4pfel-pfl\u00fccken14-300x200.jpg 300w, https:\/\/rhein-main-blog.de\/wp-content\/uploads\/2020\/08\/\u00c4pfel-pfl\u00fccken14-768x512.jpg 768w, https:\/\/rhein-main-blog.de\/wp-content\/uploads\/2020\/08\/\u00c4pfel-pfl\u00fccken14-660x440.jpg 660w, https:\/\/rhein-main-blog.de\/wp-content\/uploads\/2020\/08\/\u00c4pfel-pfl\u00fccken14-1000x667.jpg 1000w, https:\/\/rhein-main-blog.de\/wp-content\/uploads\/2020\/08\/\u00c4pfel-pfl\u00fccken14-373x248.jpg 373w\" sizes=\"auto, (max-width: 1024px) 100vw, 1024px\" \/><\/figure>\n\n\n\n<p class=\"wp-block-paragraph\">Zahlreiche Bauernh\u00f6fe im Rhein-Main-Gebiet bieten frische \u00c4pfel f\u00fcr Selbstpfl\u00fccker an. Eine Auswahl f\u00fcr <a aria-label=\"undefined (opens in a new tab)\" href=\"https:\/\/www.ffh.de\/nachrichten\/magazin\/toController\/Topic\/toAction\/show\/toId\/213869\/toTopic\/apfelplantagen-in-hessen-hier-selber-pfluecken.html\" target=\"_blank\" rel=\"noreferrer noopener\"><strong>Apfelplantagen in Hessen<\/strong><\/a> findet ihr hier. Sehr ans Herz legen kann ich euch den Familienbetrieb <a aria-label=\"undefined (opens in a new tab)\" href=\"https:\/\/www.appel-happel.de\/\" target=\"_blank\" rel=\"noreferrer noopener\"><strong>Appel Happel<\/strong><\/a> in Mainz-Marienborn.<\/p>\n\n\n\n<p class=\"wp-block-paragraph\">Nach dem Erntevergn\u00fcgen landet das Obst entweder direkt im Mund oder l\u00e4sst sich zu leckeren Kuchen verarbeiten. Ein weiteres Highlight und eine sch\u00f6ne Alternative zum Klassiker ist diese <a href=\"https:\/\/itchyfeet-travel.de\/kulinarische-weltreise-weihnachtliches-apfel-raclette-rezept\/\" target=\"_blank\" aria-label=\"undefined (opens in a new tab)\" rel=\"noreferrer noopener\"><strong>s\u00fc\u00dfe Raclette-Variante<\/strong><\/a>.<\/p>\n\n\n\n<h2 class=\"wp-block-heading\">Rhein Main Herbst Tipp # 4 Herbstspaziergang im M\u00f6nchbruch<\/h2>\n\n\n\n<p class=\"wp-block-paragraph\">Einer meiner pers\u00f6nlichen Lieblinge f\u00fcr einen entspannten Herbstspaziergang im Rhein-Main-Gebiet ist der M\u00f6nchbruch bei M\u00f6rfelden-Walldorf. Im zweitgr\u00f6\u00dften Naturschutzgebiet Hessens beobachtet man nicht selten neugierige Nutrias im Weiher. Vogelfreunden empfiehlt es sich au\u00dferdem ein Fernglas einzupacken.<\/p>\n\n\n\n<figure class=\"wp-block-image size-large\"><img loading=\"lazy\" decoding=\"async\" width=\"1024\" height=\"683\" src=\"https:\/\/rhein-main-blog.de\/wp-content\/uploads\/2020\/08\/M\u00f6nchbruch02.jpg\" alt=\"\" class=\"wp-image-1330\" srcset=\"https:\/\/rhein-main-blog.de\/wp-content\/uploads\/2020\/08\/M\u00f6nchbruch02.jpg 1024w, https:\/\/rhein-main-blog.de\/wp-content\/uploads\/2020\/08\/M\u00f6nchbruch02-300x200.jpg 300w, https:\/\/rhein-main-blog.de\/wp-content\/uploads\/2020\/08\/M\u00f6nchbruch02-768x512.jpg 768w, https:\/\/rhein-main-blog.de\/wp-content\/uploads\/2020\/08\/M\u00f6nchbruch02-660x440.jpg 660w, https:\/\/rhein-main-blog.de\/wp-content\/uploads\/2020\/08\/M\u00f6nchbruch02-1000x667.jpg 1000w, https:\/\/rhein-main-blog.de\/wp-content\/uploads\/2020\/08\/M\u00f6nchbruch02-373x248.jpg 373w\" sizes=\"auto, (max-width: 1024px) 100vw, 1024px\" \/><\/figure>\n\n\n\n<figure class=\"wp-block-image size-large\"><img loading=\"lazy\" decoding=\"async\" width=\"1024\" height=\"683\" src=\"https:\/\/rhein-main-blog.de\/wp-content\/uploads\/2020\/08\/Beeren-im-M\u00f6nchbruch.jpg\" alt=\"\" class=\"wp-image-1329\" srcset=\"https:\/\/rhein-main-blog.de\/wp-content\/uploads\/2020\/08\/Beeren-im-M\u00f6nchbruch.jpg 1024w, https:\/\/rhein-main-blog.de\/wp-content\/uploads\/2020\/08\/Beeren-im-M\u00f6nchbruch-300x200.jpg 300w, https:\/\/rhein-main-blog.de\/wp-content\/uploads\/2020\/08\/Beeren-im-M\u00f6nchbruch-768x512.jpg 768w, https:\/\/rhein-main-blog.de\/wp-content\/uploads\/2020\/08\/Beeren-im-M\u00f6nchbruch-660x440.jpg 660w, https:\/\/rhein-main-blog.de\/wp-content\/uploads\/2020\/08\/Beeren-im-M\u00f6nchbruch-1000x667.jpg 1000w, https:\/\/rhein-main-blog.de\/wp-content\/uploads\/2020\/08\/Beeren-im-M\u00f6nchbruch-373x248.jpg 373w\" sizes=\"auto, (max-width: 1024px) 100vw, 1024px\" \/><\/figure>\n\n\n\n<figure class=\"wp-block-image size-large\"><img loading=\"lazy\" decoding=\"async\" width=\"1024\" height=\"683\" src=\"https:\/\/rhein-main-blog.de\/wp-content\/uploads\/2020\/08\/M\u00f6nchbruchweiher01.jpg\" alt=\"\" class=\"wp-image-1331\" srcset=\"https:\/\/rhein-main-blog.de\/wp-content\/uploads\/2020\/08\/M\u00f6nchbruchweiher01.jpg 1024w, https:\/\/rhein-main-blog.de\/wp-content\/uploads\/2020\/08\/M\u00f6nchbruchweiher01-300x200.jpg 300w, https:\/\/rhein-main-blog.de\/wp-content\/uploads\/2020\/08\/M\u00f6nchbruchweiher01-768x512.jpg 768w, https:\/\/rhein-main-blog.de\/wp-content\/uploads\/2020\/08\/M\u00f6nchbruchweiher01-660x440.jpg 660w, https:\/\/rhein-main-blog.de\/wp-content\/uploads\/2020\/08\/M\u00f6nchbruchweiher01-1000x667.jpg 1000w, https:\/\/rhein-main-blog.de\/wp-content\/uploads\/2020\/08\/M\u00f6nchbruchweiher01-373x248.jpg 373w\" sizes=\"auto, (max-width: 1024px) 100vw, 1024px\" \/><\/figure>\n\n\n\n<p class=\"wp-block-paragraph\">Viele sch\u00f6ne Spazierwege f\u00fchren durch den M\u00f6nchbruch. Der Malerischste ist die wundersch\u00f6ne Lindenallee, die ihr auf Titel dieses Blog-Posts seht.<\/p>\n\n\n\n<h2 class=\"wp-block-heading\">Ausflugstipp #5 Wilhelmsbad in Hanau<\/h2>\n\n\n\n<p class=\"wp-block-paragraph\">Einst die Kuranlage des Hanauer Staatsparks, ist Wilhelmsbad heute ein eigener Stadtbezirk in Hanau &#8211; und ein lohnenswertes Ausflugsziel im Rhein-Main-Gebiet. Die pastellgelben Renaissancegeb\u00e4ude versch\u00f6nern jeden noch so tristen Herbsttag und der umliegende Landschaftspark l\u00e4dt zum Lustwandeln ein.<\/p>\n\n\n\n<figure class=\"wp-block-image size-large\"><img loading=\"lazy\" decoding=\"async\" width=\"1024\" height=\"683\" src=\"https:\/\/rhein-main-blog.de\/wp-content\/uploads\/2020\/08\/Wilhelmsbad03.jpg\" alt=\"\" class=\"wp-image-1332\" srcset=\"https:\/\/rhein-main-blog.de\/wp-content\/uploads\/2020\/08\/Wilhelmsbad03.jpg 1024w, https:\/\/rhein-main-blog.de\/wp-content\/uploads\/2020\/08\/Wilhelmsbad03-300x200.jpg 300w, https:\/\/rhein-main-blog.de\/wp-content\/uploads\/2020\/08\/Wilhelmsbad03-768x512.jpg 768w, https:\/\/rhein-main-blog.de\/wp-content\/uploads\/2020\/08\/Wilhelmsbad03-660x440.jpg 660w, https:\/\/rhein-main-blog.de\/wp-content\/uploads\/2020\/08\/Wilhelmsbad03-1000x667.jpg 1000w, https:\/\/rhein-main-blog.de\/wp-content\/uploads\/2020\/08\/Wilhelmsbad03-373x248.jpg 373w\" sizes=\"auto, (max-width: 1024px) 100vw, 1024px\" \/><\/figure>\n\n\n\n<figure class=\"wp-block-image size-large\"><img loading=\"lazy\" decoding=\"async\" width=\"1024\" height=\"683\" src=\"https:\/\/rhein-main-blog.de\/wp-content\/uploads\/2020\/08\/Wilhelmsbad06.jpg\" alt=\"\" class=\"wp-image-1333\" srcset=\"https:\/\/rhein-main-blog.de\/wp-content\/uploads\/2020\/08\/Wilhelmsbad06.jpg 1024w, https:\/\/rhein-main-blog.de\/wp-content\/uploads\/2020\/08\/Wilhelmsbad06-300x200.jpg 300w, https:\/\/rhein-main-blog.de\/wp-content\/uploads\/2020\/08\/Wilhelmsbad06-768x512.jpg 768w, https:\/\/rhein-main-blog.de\/wp-content\/uploads\/2020\/08\/Wilhelmsbad06-660x440.jpg 660w, https:\/\/rhein-main-blog.de\/wp-content\/uploads\/2020\/08\/Wilhelmsbad06-1000x667.jpg 1000w, https:\/\/rhein-main-blog.de\/wp-content\/uploads\/2020\/08\/Wilhelmsbad06-373x248.jpg 373w\" sizes=\"auto, (max-width: 1024px) 100vw, 1024px\" \/><\/figure>\n\n\n\n<figure class=\"wp-block-image size-large\"><img loading=\"lazy\" decoding=\"async\" width=\"683\" height=\"1024\" src=\"https:\/\/rhein-main-blog.de\/wp-content\/uploads\/2020\/08\/Wilhelmsbad08-683x1024.jpg\" alt=\"\" class=\"wp-image-1334\" srcset=\"https:\/\/rhein-main-blog.de\/wp-content\/uploads\/2020\/08\/Wilhelmsbad08-683x1024.jpg 683w, https:\/\/rhein-main-blog.de\/wp-content\/uploads\/2020\/08\/Wilhelmsbad08-200x300.jpg 200w, https:\/\/rhein-main-blog.de\/wp-content\/uploads\/2020\/08\/Wilhelmsbad08-768x1152.jpg 768w, https:\/\/rhein-main-blog.de\/wp-content\/uploads\/2020\/08\/Wilhelmsbad08-660x990.jpg 660w, https:\/\/rhein-main-blog.de\/wp-content\/uploads\/2020\/08\/Wilhelmsbad08-1000x1500.jpg 1000w, https:\/\/rhein-main-blog.de\/wp-content\/uploads\/2020\/08\/Wilhelmsbad08.jpg 1024w\" sizes=\"auto, (max-width: 683px) 100vw, 683px\" \/><\/figure>\n\n\n\n<p class=\"wp-block-paragraph\">\u00dcber schmale Br\u00fccken passiert man idyllische Wasserlandschaften und kann kleine Inseln auskundschaften. Ein wahrer Augenschmaus ist au\u00dferdem das historische Karussell im Park. Auch f\u00fcr den kulinarischen Genuss ist nat\u00fcrlich gesorgt. Wie w\u00e4re es zum Beispiel mit frischer Pasta in der kleinen <a aria-label=\"undefined (opens in a new tab)\" href=\"https:\/\/www.kleine-parkwirtschaft.eu\/\" target=\"_blank\" rel=\"noreferrer noopener\"><strong>Parkwirtschaft<\/strong><\/a>?<\/p>\n\n\n\n<h2 class=\"wp-block-heading\">Lust auf weitere sch\u00f6ne Herbst Ausfl\u00fcge?<\/h2>\n\n\n\n<ul class=\"wp-block-list\"><li>Herbstausflug im Rhein-Main-Gebiet: Das <a href=\"https:\/\/rhein-main-blog.de\/en\/kurbisparadies-weiterstadt\/\" target=\"_blank\" rel=\"noreferrer noopener\"><strong>K\u00fcrbisparadies in Weiterstadt<\/strong><\/a><\/li><li><a href=\"https:\/\/rhein-main-blog.de\/en\/parks-frankfurt\/\" target=\"_blank\" rel=\"noreferrer noopener\"><strong>Parks in Frankfurt am Main<\/strong><\/a>: 5 Green Spaces &amp; Ruheorte<\/li><li>Der <a href=\"https:\/\/rhein-main-blog.de\/en\/rheinterrassenweg-herbst\/\" target=\"_blank\" rel=\"noreferrer noopener\"><strong>RheinTerrassenWeg im Herbst<\/strong><\/a>: Von Bodenheim nach Mainz-Laubenheim<\/li><li>Entspannte <a href=\"https:\/\/rhein-main-blog.de\/en\/entspannte-feierabend-wanderung-in-wiesbaden\/\" target=\"_blank\" rel=\"noreferrer noopener\"><strong>Feierabend Wanderung in Wiesbaden<\/strong><\/a><\/li><\/ul>\n\n\n\n<h4 class=\"wp-block-heading\">Welches sind eure liebsten Herbst-Ausfl\u00fcge in der Region Rhein Main? Verratet es in den Kommentaren.<\/h4>\n\n\n\n<blockquote class=\"wp-block-quote is-style-large is-layout-flow wp-block-quote-is-layout-flow\"><p>Merke dir diesem Beitrag auf Pinterest<\/p><\/blockquote>\n\n\n\n<figure class=\"wp-block-image size-large\"><img loading=\"lazy\" decoding=\"async\" width=\"683\" height=\"1024\" src=\"https:\/\/rhein-main-blog.de\/wp-content\/uploads\/2020\/08\/01Wunderbare-Ausflugsziele-im-Herbst-im-Rhein-Main-Gebiet-683x1024.jpg\" alt=\"\" class=\"wp-image-1384\" srcset=\"https:\/\/rhein-main-blog.de\/wp-content\/uploads\/2020\/08\/01Wunderbare-Ausflugsziele-im-Herbst-im-Rhein-Main-Gebiet-683x1024.jpg 683w, https:\/\/rhein-main-blog.de\/wp-content\/uploads\/2020\/08\/01Wunderbare-Ausflugsziele-im-Herbst-im-Rhein-Main-Gebiet-200x300.jpg 200w, https:\/\/rhein-main-blog.de\/wp-content\/uploads\/2020\/08\/01Wunderbare-Ausflugsziele-im-Herbst-im-Rhein-Main-Gebiet-768x1152.jpg 768w, https:\/\/rhein-main-blog.de\/wp-content\/uploads\/2020\/08\/01Wunderbare-Ausflugsziele-im-Herbst-im-Rhein-Main-Gebiet-660x990.jpg 660w, https:\/\/rhein-main-blog.de\/wp-content\/uploads\/2020\/08\/01Wunderbare-Ausflugsziele-im-Herbst-im-Rhein-Main-Gebiet.jpg 800w\" sizes=\"auto, (max-width: 683px) 100vw, 683px\" \/><\/figure>","protected":false},"excerpt":{"rendered":"<p>Die Tage werden k\u00fcrzer und die Baumkronen zeigen gelb-rote Tupfer &#8211; erste Anzeichen, dass der Herbst nicht mehr lange auf sich warten l\u00e4sst. Das ist aber noch lange kein Grund&hellip; <a class=\"excerpt-more-link\" href=\"https:\/\/rhein-main-blog.de\/en\/rhein-main-herbst\/\">Read More<\/a><\/p>","protected":false},"author":2,"featured_media":2482,"comment_status":"open","ping_status":"open","sticky":false,"template":"","format":"standard","meta":{"footnotes":""},"categories":[59,50,24,29,22,26],"tags":[46],"class_list":["post-1313","post","type-post","status-publish","format-standard","has-post-thumbnail","hentry","category-fuer-kinder","category-herbst","category-outdoor","category-spazieren","category-staedtetrip","category-wandern","tag-herbst"],"yoast_head":"<!-- This site is optimized with the Yoast SEO plugin v28.1 - https:\/\/yoast.com\/product\/yoast-seo-wordpress\/ -->\n<title>Rhein-Main-Gebiet: 5 Ausflugsziele im Herbst - Rhein-Main-Blog<\/title>\n<meta name=\"description\" content=\"Herbst im Rhein-Main-Gebiet - F\u00fcnf Ausfl\u00fcge f\u00fcr goldene Herbsttage in und um Frankfurt, Mainz &amp; Co findet ihr in diesem Beitrag.\" \/>\n<meta name=\"robots\" content=\"index, follow, max-snippet:-1, max-image-preview:large, max-video-preview:-1\" \/>\n<link rel=\"canonical\" href=\"https:\/\/rhein-main-blog.de\/en\/rhein-main-herbst\/\" \/>\n<meta property=\"og:locale\" content=\"en_US\" \/>\n<meta property=\"og:type\" content=\"article\" \/>\n<meta property=\"og:title\" content=\"Rhein-Main-Gebiet: 5 Ausflugsziele im Herbst - Rhein-Main-Blog\" \/>\n<meta property=\"og:description\" content=\"Herbst im Rhein-Main-Gebiet - F\u00fcnf Ausfl\u00fcge f\u00fcr goldene Herbsttage in und um Frankfurt, Mainz &amp; Co findet ihr in diesem Beitrag.\" \/>\n<meta property=\"og:url\" content=\"https:\/\/rhein-main-blog.de\/en\/rhein-main-herbst\/\" \/>\n<meta property=\"og:site_name\" content=\"Rhein-Main-Blog\" \/>\n<meta property=\"article:published_time\" content=\"2020-08-27T18:28:03+00:00\" \/>\n<meta property=\"article:modified_time\" content=\"2021-04-23T13:57:20+00:00\" \/>\n<meta property=\"og:image\" content=\"https:\/\/rhein-main-blog.de\/wp-content\/uploads\/2020\/08\/Rhein-Main-Herbst.jpg\" \/>\n\t<meta property=\"og:image:width\" content=\"660\" \/>\n\t<meta property=\"og:image:height\" content=\"440\" \/>\n\t<meta property=\"og:image:type\" content=\"image\/jpeg\" \/>\n<meta name=\"author\" content=\"Sarah\" \/>\n<meta name=\"twitter:card\" content=\"summary_large_image\" \/>\n<meta name=\"twitter:label1\" content=\"Written by\" \/>\n\t<meta name=\"twitter:data1\" content=\"Sarah\" \/>\n\t<meta name=\"twitter:label2\" content=\"Est. reading time\" \/>\n\t<meta name=\"twitter:data2\" content=\"6 minutes\" \/>\n<script type=\"application\/ld+json\" class=\"yoast-schema-graph\">{\"@context\":\"https:\\\/\\\/schema.org\",\"@graph\":[{\"@type\":\"Article\",\"@id\":\"https:\\\/\\\/rhein-main-blog.de\\\/rhein-main-herbst\\\/#article\",\"isPartOf\":{\"@id\":\"https:\\\/\\\/rhein-main-blog.de\\\/rhein-main-herbst\\\/\"},\"author\":{\"name\":\"Sarah\",\"@id\":\"https:\\\/\\\/rhein-main-blog.de\\\/#\\\/schema\\\/person\\\/ce1275bcdc476c205d78d9c932769e5c\"},\"headline\":\"Rhein-Main-Gebiet: 5 Ausflugsziele im Herbst\",\"datePublished\":\"2020-08-27T18:28:03+00:00\",\"dateModified\":\"2021-04-23T13:57:20+00:00\",\"mainEntityOfPage\":{\"@id\":\"https:\\\/\\\/rhein-main-blog.de\\\/rhein-main-herbst\\\/\"},\"wordCount\":714,\"commentCount\":0,\"publisher\":{\"@id\":\"https:\\\/\\\/rhein-main-blog.de\\\/#organization\"},\"image\":{\"@id\":\"https:\\\/\\\/rhein-main-blog.de\\\/rhein-main-herbst\\\/#primaryimage\"},\"thumbnailUrl\":\"https:\\\/\\\/rhein-main-blog.de\\\/wp-content\\\/uploads\\\/2020\\\/08\\\/Rhein-Main-Herbst.jpg\",\"keywords\":[\"Herbst\"],\"articleSection\":[\"F\u00fcr Kinder\",\"Herbst\",\"Outdoor\",\"Spazieren\",\"St\u00e4dtetrip\",\"Wandern\"],\"inLanguage\":\"en-US\",\"potentialAction\":[{\"@type\":\"CommentAction\",\"name\":\"Comment\",\"target\":[\"https:\\\/\\\/rhein-main-blog.de\\\/rhein-main-herbst\\\/#respond\"]}]},{\"@type\":\"WebPage\",\"@id\":\"https:\\\/\\\/rhein-main-blog.de\\\/rhein-main-herbst\\\/\",\"url\":\"https:\\\/\\\/rhein-main-blog.de\\\/rhein-main-herbst\\\/\",\"name\":\"Rhein-Main-Gebiet: 5 Ausflugsziele im Herbst - Rhein-Main-Blog\",\"isPartOf\":{\"@id\":\"https:\\\/\\\/rhein-main-blog.de\\\/#website\"},\"primaryImageOfPage\":{\"@id\":\"https:\\\/\\\/rhein-main-blog.de\\\/rhein-main-herbst\\\/#primaryimage\"},\"image\":{\"@id\":\"https:\\\/\\\/rhein-main-blog.de\\\/rhein-main-herbst\\\/#primaryimage\"},\"thumbnailUrl\":\"https:\\\/\\\/rhein-main-blog.de\\\/wp-content\\\/uploads\\\/2020\\\/08\\\/Rhein-Main-Herbst.jpg\",\"datePublished\":\"2020-08-27T18:28:03+00:00\",\"dateModified\":\"2021-04-23T13:57:20+00:00\",\"description\":\"Herbst im Rhein-Main-Gebiet - F\u00fcnf Ausfl\u00fcge f\u00fcr goldene Herbsttage in und um Frankfurt, Mainz & Co findet ihr in diesem Beitrag.\",\"breadcrumb\":{\"@id\":\"https:\\\/\\\/rhein-main-blog.de\\\/rhein-main-herbst\\\/#breadcrumb\"},\"inLanguage\":\"en-US\",\"potentialAction\":[{\"@type\":\"ReadAction\",\"target\":[\"https:\\\/\\\/rhein-main-blog.de\\\/rhein-main-herbst\\\/\"]}]},{\"@type\":\"ImageObject\",\"inLanguage\":\"en-US\",\"@id\":\"https:\\\/\\\/rhein-main-blog.de\\\/rhein-main-herbst\\\/#primaryimage\",\"url\":\"https:\\\/\\\/rhein-main-blog.de\\\/wp-content\\\/uploads\\\/2020\\\/08\\\/Rhein-Main-Herbst.jpg\",\"contentUrl\":\"https:\\\/\\\/rhein-main-blog.de\\\/wp-content\\\/uploads\\\/2020\\\/08\\\/Rhein-Main-Herbst.jpg\",\"width\":660,\"height\":440,\"caption\":\"Rhein Main Herbst\"},{\"@type\":\"BreadcrumbList\",\"@id\":\"https:\\\/\\\/rhein-main-blog.de\\\/rhein-main-herbst\\\/#breadcrumb\",\"itemListElement\":[{\"@type\":\"ListItem\",\"position\":1,\"name\":\"Startseite\",\"item\":\"https:\\\/\\\/rhein-main-blog.de\\\/\"},{\"@type\":\"ListItem\",\"position\":2,\"name\":\"Rhein-Main-Gebiet: 5 Ausflugsziele im Herbst\"}]},{\"@type\":\"WebSite\",\"@id\":\"https:\\\/\\\/rhein-main-blog.de\\\/#website\",\"url\":\"https:\\\/\\\/rhein-main-blog.de\\\/\",\"name\":\"Rhein-Main-Blog\",\"description\":\"Die sch\u00f6nsten Ausflugsziele und Tipps f\u00fcr das Rhein-Main-Gebiet\",\"publisher\":{\"@id\":\"https:\\\/\\\/rhein-main-blog.de\\\/#organization\"},\"potentialAction\":[{\"@type\":\"SearchAction\",\"target\":{\"@type\":\"EntryPoint\",\"urlTemplate\":\"https:\\\/\\\/rhein-main-blog.de\\\/?s={search_term_string}\"},\"query-input\":{\"@type\":\"PropertyValueSpecification\",\"valueRequired\":true,\"valueName\":\"search_term_string\"}}],\"inLanguage\":\"en-US\"},{\"@type\":\"Organization\",\"@id\":\"https:\\\/\\\/rhein-main-blog.de\\\/#organization\",\"name\":\"Rhein-Main-Blog\",\"url\":\"https:\\\/\\\/rhein-main-blog.de\\\/\",\"logo\":{\"@type\":\"ImageObject\",\"inLanguage\":\"en-US\",\"@id\":\"https:\\\/\\\/rhein-main-blog.de\\\/#\\\/schema\\\/logo\\\/image\\\/\",\"url\":\"https:\\\/\\\/rhein-main-blog.de\\\/wp-content\\\/uploads\\\/2020\\\/04\\\/cropped-Rhein-Main-Blog-Header-Sarah-Waltinger-1-2.png\",\"contentUrl\":\"https:\\\/\\\/rhein-main-blog.de\\\/wp-content\\\/uploads\\\/2020\\\/04\\\/cropped-Rhein-Main-Blog-Header-Sarah-Waltinger-1-2.png\",\"width\":512,\"height\":512,\"caption\":\"Rhein-Main-Blog\"},\"image\":{\"@id\":\"https:\\\/\\\/rhein-main-blog.de\\\/#\\\/schema\\\/logo\\\/image\\\/\"},\"sameAs\":[\"https:\\\/\\\/www.pinterest.de\\\/rheinmainblog\\\/\"]},{\"@type\":\"Person\",\"@id\":\"https:\\\/\\\/rhein-main-blog.de\\\/#\\\/schema\\\/person\\\/ce1275bcdc476c205d78d9c932769e5c\",\"name\":\"Sarah\",\"image\":{\"@type\":\"ImageObject\",\"inLanguage\":\"en-US\",\"@id\":\"https:\\\/\\\/rhein-main-blog.de\\\/wp-content\\\/uploads\\\/2020\\\/11\\\/Sarah-Waltinger-Itchy-Feet-Blog-Mainz02-e1622966870914-150x150.jpg\",\"url\":\"https:\\\/\\\/rhein-main-blog.de\\\/wp-content\\\/uploads\\\/2020\\\/11\\\/Sarah-Waltinger-Itchy-Feet-Blog-Mainz02-e1622966870914-150x150.jpg\",\"contentUrl\":\"https:\\\/\\\/rhein-main-blog.de\\\/wp-content\\\/uploads\\\/2020\\\/11\\\/Sarah-Waltinger-Itchy-Feet-Blog-Mainz02-e1622966870914-150x150.jpg\",\"caption\":\"Sarah\"},\"description\":\"Mainzerin Sarah ist die Gr\u00fcnderin des Rhein-Main-Blogs und auch nach 30 Jahren gl\u00fccklich die sch\u00f6ne Stadt am Rhein ihr Zuhause nennen zu d\u00fcrfen. Wenn sie nicht gerade im Homeoffice arbeitet oder die Welt bereist, trifft sie sich mit Freunden im Lieblingscaf\u00e9, schlendert \u00fcber Wochenm\u00e4rkte und unternimmt Erkundungen in der Natur.\",\"sameAs\":[\"https:\\\/\\\/itchyfeet-travel.de\\\/\",\"https:\\\/\\\/www.instagram.com\\\/itchy.feet.blog\\\/\"],\"url\":\"https:\\\/\\\/rhein-main-blog.de\\\/en\\\/author\\\/sarah\\\/\"}]}<\/script>\n<!-- \/ Yoast SEO plugin. -->","yoast_head_json":{"title":"Rhein-Main-Gebiet: 5 Ausflugsziele im Herbst - Rhein-Main-Blog","description":"Herbst im Rhein-Main-Gebiet - F\u00fcnf Ausfl\u00fcge f\u00fcr goldene Herbsttage in und um Frankfurt, Mainz & Co findet ihr in diesem Beitrag.","robots":{"index":"index","follow":"follow","max-snippet":"max-snippet:-1","max-image-preview":"max-image-preview:large","max-video-preview":"max-video-preview:-1"},"canonical":"https:\/\/rhein-main-blog.de\/en\/rhein-main-herbst\/","og_locale":"en_US","og_type":"article","og_title":"Rhein-Main-Gebiet: 5 Ausflugsziele im Herbst - Rhein-Main-Blog","og_description":"Herbst im Rhein-Main-Gebiet - F\u00fcnf Ausfl\u00fcge f\u00fcr goldene Herbsttage in und um Frankfurt, Mainz & Co findet ihr in diesem Beitrag.","og_url":"https:\/\/rhein-main-blog.de\/en\/rhein-main-herbst\/","og_site_name":"Rhein-Main-Blog","article_published_time":"2020-08-27T18:28:03+00:00","article_modified_time":"2021-04-23T13:57:20+00:00","og_image":[{"width":660,"height":440,"url":"https:\/\/rhein-main-blog.de\/wp-content\/uploads\/2020\/08\/Rhein-Main-Herbst.jpg","type":"image\/jpeg"}],"author":"Sarah","twitter_card":"summary_large_image","twitter_misc":{"Written by":"Sarah","Est. reading time":"6 minutes"},"schema":{"@context":"https:\/\/schema.org","@graph":[{"@type":"Article","@id":"https:\/\/rhein-main-blog.de\/rhein-main-herbst\/#article","isPartOf":{"@id":"https:\/\/rhein-main-blog.de\/rhein-main-herbst\/"},"author":{"name":"Sarah","@id":"https:\/\/rhein-main-blog.de\/#\/schema\/person\/ce1275bcdc476c205d78d9c932769e5c"},"headline":"Rhein-Main-Gebiet: 5 Ausflugsziele im Herbst","datePublished":"2020-08-27T18:28:03+00:00","dateModified":"2021-04-23T13:57:20+00:00","mainEntityOfPage":{"@id":"https:\/\/rhein-main-blog.de\/rhein-main-herbst\/"},"wordCount":714,"commentCount":0,"publisher":{"@id":"https:\/\/rhein-main-blog.de\/#organization"},"image":{"@id":"https:\/\/rhein-main-blog.de\/rhein-main-herbst\/#primaryimage"},"thumbnailUrl":"https:\/\/rhein-main-blog.de\/wp-content\/uploads\/2020\/08\/Rhein-Main-Herbst.jpg","keywords":["Herbst"],"articleSection":["F\u00fcr Kinder","Herbst","Outdoor","Spazieren","St\u00e4dtetrip","Wandern"],"inLanguage":"en-US","potentialAction":[{"@type":"CommentAction","name":"Comment","target":["https:\/\/rhein-main-blog.de\/rhein-main-herbst\/#respond"]}]},{"@type":"WebPage","@id":"https:\/\/rhein-main-blog.de\/rhein-main-herbst\/","url":"https:\/\/rhein-main-blog.de\/rhein-main-herbst\/","name":"Rhein-Main-Gebiet: 5 Ausflugsziele im Herbst - Rhein-Main-Blog","isPartOf":{"@id":"https:\/\/rhein-main-blog.de\/#website"},"primaryImageOfPage":{"@id":"https:\/\/rhein-main-blog.de\/rhein-main-herbst\/#primaryimage"},"image":{"@id":"https:\/\/rhein-main-blog.de\/rhein-main-herbst\/#primaryimage"},"thumbnailUrl":"https:\/\/rhein-main-blog.de\/wp-content\/uploads\/2020\/08\/Rhein-Main-Herbst.jpg","datePublished":"2020-08-27T18:28:03+00:00","dateModified":"2021-04-23T13:57:20+00:00","description":"Herbst im Rhein-Main-Gebiet - F\u00fcnf Ausfl\u00fcge f\u00fcr goldene Herbsttage in und um Frankfurt, Mainz & Co findet ihr in diesem Beitrag.","breadcrumb":{"@id":"https:\/\/rhein-main-blog.de\/rhein-main-herbst\/#breadcrumb"},"inLanguage":"en-US","potentialAction":[{"@type":"ReadAction","target":["https:\/\/rhein-main-blog.de\/rhein-main-herbst\/"]}]},{"@type":"ImageObject","inLanguage":"en-US","@id":"https:\/\/rhein-main-blog.de\/rhein-main-herbst\/#primaryimage","url":"https:\/\/rhein-main-blog.de\/wp-content\/uploads\/2020\/08\/Rhein-Main-Herbst.jpg","contentUrl":"https:\/\/rhein-main-blog.de\/wp-content\/uploads\/2020\/08\/Rhein-Main-Herbst.jpg","width":660,"height":440,"caption":"Rhein Main Herbst"},{"@type":"BreadcrumbList","@id":"https:\/\/rhein-main-blog.de\/rhein-main-herbst\/#breadcrumb","itemListElement":[{"@type":"ListItem","position":1,"name":"Startseite","item":"https:\/\/rhein-main-blog.de\/"},{"@type":"ListItem","position":2,"name":"Rhein-Main-Gebiet: 5 Ausflugsziele im Herbst"}]},{"@type":"WebSite","@id":"https:\/\/rhein-main-blog.de\/#website","url":"https:\/\/rhein-main-blog.de\/","name":"Rhein-Main-Blog","description":"Die sch\u00f6nsten Ausflugsziele und Tipps f\u00fcr das Rhein-Main-Gebiet","publisher":{"@id":"https:\/\/rhein-main-blog.de\/#organization"},"potentialAction":[{"@type":"SearchAction","target":{"@type":"EntryPoint","urlTemplate":"https:\/\/rhein-main-blog.de\/?s={search_term_string}"},"query-input":{"@type":"PropertyValueSpecification","valueRequired":true,"valueName":"search_term_string"}}],"inLanguage":"en-US"},{"@type":"Organization","@id":"https:\/\/rhein-main-blog.de\/#organization","name":"Rhein-Main-Blog","url":"https:\/\/rhein-main-blog.de\/","logo":{"@type":"ImageObject","inLanguage":"en-US","@id":"https:\/\/rhein-main-blog.de\/#\/schema\/logo\/image\/","url":"https:\/\/rhein-main-blog.de\/wp-content\/uploads\/2020\/04\/cropped-Rhein-Main-Blog-Header-Sarah-Waltinger-1-2.png","contentUrl":"https:\/\/rhein-main-blog.de\/wp-content\/uploads\/2020\/04\/cropped-Rhein-Main-Blog-Header-Sarah-Waltinger-1-2.png","width":512,"height":512,"caption":"Rhein-Main-Blog"},"image":{"@id":"https:\/\/rhein-main-blog.de\/#\/schema\/logo\/image\/"},"sameAs":["https:\/\/www.pinterest.de\/rheinmainblog\/"]},{"@type":"Person","@id":"https:\/\/rhein-main-blog.de\/#\/schema\/person\/ce1275bcdc476c205d78d9c932769e5c","name":"Sarah","image":{"@type":"ImageObject","inLanguage":"en-US","@id":"https:\/\/rhein-main-blog.de\/wp-content\/uploads\/2020\/11\/Sarah-Waltinger-Itchy-Feet-Blog-Mainz02-e1622966870914-150x150.jpg","url":"https:\/\/rhein-main-blog.de\/wp-content\/uploads\/2020\/11\/Sarah-Waltinger-Itchy-Feet-Blog-Mainz02-e1622966870914-150x150.jpg","contentUrl":"https:\/\/rhein-main-blog.de\/wp-content\/uploads\/2020\/11\/Sarah-Waltinger-Itchy-Feet-Blog-Mainz02-e1622966870914-150x150.jpg","caption":"Sarah"},"description":"Mainzerin Sarah ist die Gr\u00fcnderin des Rhein-Main-Blogs und auch nach 30 Jahren gl\u00fccklich die sch\u00f6ne Stadt am Rhein ihr Zuhause nennen zu d\u00fcrfen. Wenn sie nicht gerade im Homeoffice arbeitet oder die Welt bereist, trifft sie sich mit Freunden im Lieblingscaf\u00e9, schlendert \u00fcber Wochenm\u00e4rkte und unternimmt Erkundungen in der Natur.","sameAs":["https:\/\/itchyfeet-travel.de\/","https:\/\/www.instagram.com\/itchy.feet.blog\/"],"url":"https:\/\/rhein-main-blog.de\/en\/author\/sarah\/"}]}},"_links":{"self":[{"href":"https:\/\/rhein-main-blog.de\/en\/wp-json\/wp\/v2\/posts\/1313","targetHints":{"allow":["GET"]}}],"collection":[{"href":"https:\/\/rhein-main-blog.de\/en\/wp-json\/wp\/v2\/posts"}],"about":[{"href":"https:\/\/rhein-main-blog.de\/en\/wp-json\/wp\/v2\/types\/post"}],"author":[{"embeddable":true,"href":"https:\/\/rhein-main-blog.de\/en\/wp-json\/wp\/v2\/users\/2"}],"replies":[{"embeddable":true,"href":"https:\/\/rhein-main-blog.de\/en\/wp-json\/wp\/v2\/comments?post=1313"}],"version-history":[{"count":59,"href":"https:\/\/rhein-main-blog.de\/en\/wp-json\/wp\/v2\/posts\/1313\/revisions"}],"predecessor-version":[{"id":2486,"href":"https:\/\/rhein-main-blog.de\/en\/wp-json\/wp\/v2\/posts\/1313\/revisions\/2486"}],"wp:featuredmedia":[{"embeddable":true,"href":"https:\/\/rhein-main-blog.de\/en\/wp-json\/wp\/v2\/media\/2482"}],"wp:attachment":[{"href":"https:\/\/rhein-main-blog.de\/en\/wp-json\/wp\/v2\/media?parent=1313"}],"wp:term":[{"taxonomy":"category","embeddable":true,"href":"https:\/\/rhein-main-blog.de\/en\/wp-json\/wp\/v2\/categories?post=1313"},{"taxonomy":"post_tag","embeddable":true,"href":"https:\/\/rhein-main-blog.de\/en\/wp-json\/wp\/v2\/tags?post=1313"}],"curies":[{"name":"wp","href":"https:\/\/api.w.org\/{rel}","templated":true}]}}