{"id":1461,"date":"2020-11-05T16:33:00","date_gmt":"2020-11-05T15:33:00","guid":{"rendered":"https:\/\/rhein-main-blog.de\/?p=1461"},"modified":"2021-11-03T17:46:23","modified_gmt":"2021-11-03T16:46:23","slug":"kurbisparadies-weiterstadt","status":"publish","type":"post","link":"https:\/\/rhein-main-blog.de\/en\/kurbisparadies-weiterstadt\/","title":{"rendered":"Herbstausflug im Rhein-Main-Gebiet: Das K\u00fcrbisparadies in Weiterstadt"},"content":{"rendered":"<p class=\"wp-block-paragraph\">Drau\u00dfen wird es k\u00fchler, die Bl\u00e4tter f\u00e4rben sich bunt, es duftet nach Herbst. Der Oktober leitet die gem\u00fctliche Jahreszeit ein und so \u00fcberkam mich die Lust nach einer warmen K\u00fcrbissuppe am letzten Sonntag. Was f\u00fcr ein Gl\u00fcck, denn bei meiner Suche bin ich kurze Zeit sp\u00e4ter \u00fcber ein wahres K\u00fcrbisparadies gestolpert.<\/p>\n\n\n\n<p class=\"wp-block-paragraph\">Mitte September er\u00f6ffnet in Weiterstadt ein farbenfrohes Ausflugsziel. \u00dcber 40 verschiedene K\u00fcrbissorten werden auf \u201e<strong><a href=\"https:\/\/bauer-lipp.de\/\" target=\"_blank\" aria-label=\"undefined (opens in a new tab)\" rel=\"noreferrer noopener\">Bauer Lipps<\/a><\/strong>\u201c Feldern angebaut und zur Schau gestellt. Sp\u00e4testens wenn man den Steinbr\u00fccker Hof besucht, kommt richtige Herbststimmung auf. Die bunte Ausstellung l\u00e4dt ein zum Entdecken und l\u00e4nger zu Verweilen.<\/p>\n\n\n\n<div class=\"wp-block-image\"><figure class=\"aligncenter size-large\"><img loading=\"lazy\" decoding=\"async\" width=\"683\" height=\"1024\" src=\"https:\/\/rhein-main-blog.de\/wp-content\/uploads\/2020\/10\/K\u00fcrbisparadies-Weiterstadt01-683x1024.jpg\" alt=\"\" class=\"wp-image-1464\" srcset=\"https:\/\/rhein-main-blog.de\/wp-content\/uploads\/2020\/10\/K\u00fcrbisparadies-Weiterstadt01-683x1024.jpg 683w, https:\/\/rhein-main-blog.de\/wp-content\/uploads\/2020\/10\/K\u00fcrbisparadies-Weiterstadt01-200x300.jpg 200w, https:\/\/rhein-main-blog.de\/wp-content\/uploads\/2020\/10\/K\u00fcrbisparadies-Weiterstadt01-768x1152.jpg 768w, https:\/\/rhein-main-blog.de\/wp-content\/uploads\/2020\/10\/K\u00fcrbisparadies-Weiterstadt01-1024x1536.jpg 1024w, https:\/\/rhein-main-blog.de\/wp-content\/uploads\/2020\/10\/K\u00fcrbisparadies-Weiterstadt01-660x990.jpg 660w, https:\/\/rhein-main-blog.de\/wp-content\/uploads\/2020\/10\/K\u00fcrbisparadies-Weiterstadt01-1000x1500.jpg 1000w, https:\/\/rhein-main-blog.de\/wp-content\/uploads\/2020\/10\/K\u00fcrbisparadies-Weiterstadt01.jpg 1280w\" sizes=\"auto, (max-width: 683px) 100vw, 683px\" \/><\/figure><\/div>\n\n\n\n<div class=\"wp-block-image\"><figure class=\"aligncenter size-large\"><img loading=\"lazy\" decoding=\"async\" width=\"683\" height=\"1024\" src=\"https:\/\/rhein-main-blog.de\/wp-content\/uploads\/2020\/10\/K\u00fcrbisparadies-Weiterstadt14-683x1024.jpg\" alt=\"\" class=\"wp-image-1465\" srcset=\"https:\/\/rhein-main-blog.de\/wp-content\/uploads\/2020\/10\/K\u00fcrbisparadies-Weiterstadt14-683x1024.jpg 683w, https:\/\/rhein-main-blog.de\/wp-content\/uploads\/2020\/10\/K\u00fcrbisparadies-Weiterstadt14-200x300.jpg 200w, https:\/\/rhein-main-blog.de\/wp-content\/uploads\/2020\/10\/K\u00fcrbisparadies-Weiterstadt14-768x1152.jpg 768w, https:\/\/rhein-main-blog.de\/wp-content\/uploads\/2020\/10\/K\u00fcrbisparadies-Weiterstadt14-1024x1536.jpg 1024w, https:\/\/rhein-main-blog.de\/wp-content\/uploads\/2020\/10\/K\u00fcrbisparadies-Weiterstadt14-660x990.jpg 660w, https:\/\/rhein-main-blog.de\/wp-content\/uploads\/2020\/10\/K\u00fcrbisparadies-Weiterstadt14-1000x1500.jpg 1000w, https:\/\/rhein-main-blog.de\/wp-content\/uploads\/2020\/10\/K\u00fcrbisparadies-Weiterstadt14.jpg 1280w\" sizes=\"auto, (max-width: 683px) 100vw, 683px\" \/><\/figure><\/div>\n\n\n\n<figure class=\"wp-block-image size-large\"><img loading=\"lazy\" decoding=\"async\" width=\"1024\" height=\"683\" src=\"https:\/\/rhein-main-blog.de\/wp-content\/uploads\/2020\/10\/K\u00fcrbisparadies-Weiterstadt02.jpg\" alt=\"\" class=\"wp-image-1466\" srcset=\"https:\/\/rhein-main-blog.de\/wp-content\/uploads\/2020\/10\/K\u00fcrbisparadies-Weiterstadt02.jpg 1024w, https:\/\/rhein-main-blog.de\/wp-content\/uploads\/2020\/10\/K\u00fcrbisparadies-Weiterstadt02-300x200.jpg 300w, https:\/\/rhein-main-blog.de\/wp-content\/uploads\/2020\/10\/K\u00fcrbisparadies-Weiterstadt02-768x512.jpg 768w, https:\/\/rhein-main-blog.de\/wp-content\/uploads\/2020\/10\/K\u00fcrbisparadies-Weiterstadt02-660x440.jpg 660w, https:\/\/rhein-main-blog.de\/wp-content\/uploads\/2020\/10\/K\u00fcrbisparadies-Weiterstadt02-1000x667.jpg 1000w, https:\/\/rhein-main-blog.de\/wp-content\/uploads\/2020\/10\/K\u00fcrbisparadies-Weiterstadt02-373x248.jpg 373w\" sizes=\"auto, (max-width: 1024px) 100vw, 1024px\" \/><\/figure>\n\n\n\n<figure class=\"wp-block-image size-large\"><img loading=\"lazy\" decoding=\"async\" width=\"683\" height=\"1024\" src=\"https:\/\/rhein-main-blog.de\/wp-content\/uploads\/2020\/10\/K\u00fcrbisparadies-Weiterstadt04-683x1024.jpg\" alt=\"\" class=\"wp-image-1467\" srcset=\"https:\/\/rhein-main-blog.de\/wp-content\/uploads\/2020\/10\/K\u00fcrbisparadies-Weiterstadt04-683x1024.jpg 683w, https:\/\/rhein-main-blog.de\/wp-content\/uploads\/2020\/10\/K\u00fcrbisparadies-Weiterstadt04-200x300.jpg 200w, https:\/\/rhein-main-blog.de\/wp-content\/uploads\/2020\/10\/K\u00fcrbisparadies-Weiterstadt04-768x1152.jpg 768w, https:\/\/rhein-main-blog.de\/wp-content\/uploads\/2020\/10\/K\u00fcrbisparadies-Weiterstadt04-1024x1536.jpg 1024w, https:\/\/rhein-main-blog.de\/wp-content\/uploads\/2020\/10\/K\u00fcrbisparadies-Weiterstadt04-660x990.jpg 660w, https:\/\/rhein-main-blog.de\/wp-content\/uploads\/2020\/10\/K\u00fcrbisparadies-Weiterstadt04-1000x1500.jpg 1000w, https:\/\/rhein-main-blog.de\/wp-content\/uploads\/2020\/10\/K\u00fcrbisparadies-Weiterstadt04.jpg 1280w\" sizes=\"auto, (max-width: 683px) 100vw, 683px\" \/><\/figure>\n\n\n\n<figure class=\"wp-block-image size-large\"><img loading=\"lazy\" decoding=\"async\" width=\"683\" height=\"1024\" src=\"https:\/\/rhein-main-blog.de\/wp-content\/uploads\/2020\/10\/K\u00fcrbisparadies-Weiterstadt13-683x1024.jpg\" alt=\"\" class=\"wp-image-1468\" srcset=\"https:\/\/rhein-main-blog.de\/wp-content\/uploads\/2020\/10\/K\u00fcrbisparadies-Weiterstadt13-683x1024.jpg 683w, https:\/\/rhein-main-blog.de\/wp-content\/uploads\/2020\/10\/K\u00fcrbisparadies-Weiterstadt13-200x300.jpg 200w, https:\/\/rhein-main-blog.de\/wp-content\/uploads\/2020\/10\/K\u00fcrbisparadies-Weiterstadt13-768x1152.jpg 768w, https:\/\/rhein-main-blog.de\/wp-content\/uploads\/2020\/10\/K\u00fcrbisparadies-Weiterstadt13-1024x1536.jpg 1024w, https:\/\/rhein-main-blog.de\/wp-content\/uploads\/2020\/10\/K\u00fcrbisparadies-Weiterstadt13-660x990.jpg 660w, https:\/\/rhein-main-blog.de\/wp-content\/uploads\/2020\/10\/K\u00fcrbisparadies-Weiterstadt13-1000x1500.jpg 1000w, https:\/\/rhein-main-blog.de\/wp-content\/uploads\/2020\/10\/K\u00fcrbisparadies-Weiterstadt13.jpg 1280w\" sizes=\"auto, (max-width: 683px) 100vw, 683px\" \/><\/figure>\n\n\n\n<p class=\"wp-block-paragraph\">Auch f\u00fcr kleine Besucher gibt es viel zum Staunen und einen Abenteuerspielplatz mit Piratenschiff. Au\u00dferdem k\u00f6nnt ihr vor Ort den K\u00fcrbissen direkt ein Gesicht verleihen und eurer Kreativit\u00e4t freien Lauf lassen. Passendes Schnitzwerkzeug liegt auf dem Hof bereit.<\/p>\n\n\n\n<p class=\"wp-block-paragraph\">Noch bis Anfang November ist das K\u00fcrbisparadies t\u00e4glich von 8:00 bis 19:00 Uhr ge\u00f6ffnet.<\/p>\n\n\n\n<h2 class=\"wp-block-heading\"><strong>Erlebnis-Bauernhof<\/strong><\/h2>\n\n\n\n<p class=\"wp-block-paragraph\">Beim \u201eBauer Lipp\u201c werden die Felder seit fast 100 Jahren nach biologischen Grunds\u00e4tzen bewirtschaftet. Besonders beliebt sind regionale Produkte wie Spargel, Erdbeeren, Himbeeren und K\u00fcrbisse. Mehrmals im Jahr l\u00e4dt der Hof dazu ein die Ernte hautnah mitzuerleben. Beim Spargelfestival im Fr\u00fchling, Erdbeeren selbstpfl\u00fccken im Sommer und K\u00fcrbisparadies im Herbst.<\/p>\n\n\n\n<figure class=\"wp-block-image size-large\"><img loading=\"lazy\" decoding=\"async\" width=\"1024\" height=\"683\" src=\"https:\/\/rhein-main-blog.de\/wp-content\/uploads\/2020\/10\/K\u00fcrbisparadies-Weiterstadt10.jpg\" alt=\"\" class=\"wp-image-1469\" srcset=\"https:\/\/rhein-main-blog.de\/wp-content\/uploads\/2020\/10\/K\u00fcrbisparadies-Weiterstadt10.jpg 1024w, https:\/\/rhein-main-blog.de\/wp-content\/uploads\/2020\/10\/K\u00fcrbisparadies-Weiterstadt10-300x200.jpg 300w, https:\/\/rhein-main-blog.de\/wp-content\/uploads\/2020\/10\/K\u00fcrbisparadies-Weiterstadt10-768x512.jpg 768w, https:\/\/rhein-main-blog.de\/wp-content\/uploads\/2020\/10\/K\u00fcrbisparadies-Weiterstadt10-660x440.jpg 660w, https:\/\/rhein-main-blog.de\/wp-content\/uploads\/2020\/10\/K\u00fcrbisparadies-Weiterstadt10-1000x667.jpg 1000w, https:\/\/rhein-main-blog.de\/wp-content\/uploads\/2020\/10\/K\u00fcrbisparadies-Weiterstadt10-373x248.jpg 373w\" sizes=\"auto, (max-width: 1024px) 100vw, 1024px\" \/><\/figure>\n\n\n\n<div class=\"wp-block-image\"><figure class=\"aligncenter size-large\"><img loading=\"lazy\" decoding=\"async\" width=\"683\" height=\"1024\" src=\"https:\/\/rhein-main-blog.de\/wp-content\/uploads\/2020\/10\/K\u00fcrbisparadies-Weiterstadt09-683x1024.jpg\" alt=\"\" class=\"wp-image-1470\" srcset=\"https:\/\/rhein-main-blog.de\/wp-content\/uploads\/2020\/10\/K\u00fcrbisparadies-Weiterstadt09-683x1024.jpg 683w, https:\/\/rhein-main-blog.de\/wp-content\/uploads\/2020\/10\/K\u00fcrbisparadies-Weiterstadt09-200x300.jpg 200w, https:\/\/rhein-main-blog.de\/wp-content\/uploads\/2020\/10\/K\u00fcrbisparadies-Weiterstadt09-768x1152.jpg 768w, https:\/\/rhein-main-blog.de\/wp-content\/uploads\/2020\/10\/K\u00fcrbisparadies-Weiterstadt09-1024x1536.jpg 1024w, https:\/\/rhein-main-blog.de\/wp-content\/uploads\/2020\/10\/K\u00fcrbisparadies-Weiterstadt09-660x990.jpg 660w, https:\/\/rhein-main-blog.de\/wp-content\/uploads\/2020\/10\/K\u00fcrbisparadies-Weiterstadt09-1000x1500.jpg 1000w, https:\/\/rhein-main-blog.de\/wp-content\/uploads\/2020\/10\/K\u00fcrbisparadies-Weiterstadt09.jpg 1280w\" sizes=\"auto, (max-width: 683px) 100vw, 683px\" \/><\/figure><\/div>\n\n\n\n<div class=\"wp-block-image\"><figure class=\"aligncenter size-large\"><img loading=\"lazy\" decoding=\"async\" width=\"683\" height=\"1024\" src=\"https:\/\/rhein-main-blog.de\/wp-content\/uploads\/2020\/10\/K\u00fcrbisparadies-Weiterstadt11-683x1024.jpg\" alt=\"\" class=\"wp-image-1471\" srcset=\"https:\/\/rhein-main-blog.de\/wp-content\/uploads\/2020\/10\/K\u00fcrbisparadies-Weiterstadt11-683x1024.jpg 683w, https:\/\/rhein-main-blog.de\/wp-content\/uploads\/2020\/10\/K\u00fcrbisparadies-Weiterstadt11-200x300.jpg 200w, https:\/\/rhein-main-blog.de\/wp-content\/uploads\/2020\/10\/K\u00fcrbisparadies-Weiterstadt11-768x1152.jpg 768w, https:\/\/rhein-main-blog.de\/wp-content\/uploads\/2020\/10\/K\u00fcrbisparadies-Weiterstadt11-1024x1536.jpg 1024w, https:\/\/rhein-main-blog.de\/wp-content\/uploads\/2020\/10\/K\u00fcrbisparadies-Weiterstadt11-660x990.jpg 660w, https:\/\/rhein-main-blog.de\/wp-content\/uploads\/2020\/10\/K\u00fcrbisparadies-Weiterstadt11-1000x1500.jpg 1000w, https:\/\/rhein-main-blog.de\/wp-content\/uploads\/2020\/10\/K\u00fcrbisparadies-Weiterstadt11.jpg 1280w\" sizes=\"auto, (max-width: 683px) 100vw, 683px\" \/><\/figure><\/div>\n\n\n\n<p class=\"wp-block-paragraph\">Die bunten K\u00fcrbisse sind \u00fcbrigens nicht nur sehr gesund, sondern lassen sich auch vielf\u00e4ltig zubereiten. Wie w\u00e4re es mit einer hausgemachten K\u00fcrbismarmelade, Chutney oder einem K\u00fcrbis-Secco? Weitere leckere Produkte sind im Hofladen erh\u00e4ltlich oder im <strong><a aria-label=\"undefined (opens in a new tab)\" href=\"http:\/\/shop.bauer-lipp.de\/\" target=\"_blank\" rel=\"noreferrer noopener\">Onlineshop<\/a><\/strong>.<\/p>\n\n\n\n<p class=\"has-text-align-center wp-block-paragraph\"><strong>Bauer Lipp<\/strong><br>Steinbr\u00fccker Hof 1<br>64331 Weiterstadt<\/p>","protected":false},"excerpt":{"rendered":"<p>Drau\u00dfen wird es k\u00fchler, die Bl\u00e4tter f\u00e4rben sich bunt, es duftet nach Herbst. Der Oktober leitet die gem\u00fctliche Jahreszeit ein und so \u00fcberkam mich die Lust nach einer warmen K\u00fcrbissuppe&hellip; <a class=\"excerpt-more-link\" href=\"https:\/\/rhein-main-blog.de\/en\/kurbisparadies-weiterstadt\/\">Read More<\/a><\/p>","protected":false},"author":2,"featured_media":1463,"comment_status":"open","ping_status":"open","sticky":false,"template":"","format":"standard","meta":{"footnotes":""},"categories":[59,50,24,29],"tags":[35,46],"class_list":["post-1461","post","type-post","status-publish","format-standard","has-post-thumbnail","hentry","category-fuer-kinder","category-herbst","category-outdoor","category-spazieren","tag-auszeit","tag-herbst"],"yoast_head":"<!-- This site is optimized with the Yoast SEO plugin v28.1 - https:\/\/yoast.com\/product\/yoast-seo-wordpress\/ -->\n<title>Herbstausflug im Rhein-Main-Gebiet: Das K\u00fcrbisparadies in Weiterstadt - Rhein-Main-Blog<\/title>\n<meta name=\"description\" content=\"Mitte September er\u00f6ffnet in Weiterstadt ein farbenfrohes Ausflugsziel. \u00dcber 40 verschiedene K\u00fcrbissorten werden auf \u201eBauer Lipps\u201c K\u00fcrbisparadies pr\u00e4sentiert.\" \/>\n<meta name=\"robots\" content=\"index, follow, max-snippet:-1, max-image-preview:large, max-video-preview:-1\" \/>\n<link rel=\"canonical\" href=\"https:\/\/rhein-main-blog.de\/en\/kurbisparadies-weiterstadt\/\" \/>\n<meta property=\"og:locale\" content=\"en_US\" \/>\n<meta property=\"og:type\" content=\"article\" \/>\n<meta property=\"og:title\" content=\"Herbstausflug im Rhein-Main-Gebiet: Das K\u00fcrbisparadies in Weiterstadt - Rhein-Main-Blog\" \/>\n<meta property=\"og:description\" content=\"Mitte September er\u00f6ffnet in Weiterstadt ein farbenfrohes Ausflugsziel. \u00dcber 40 verschiedene K\u00fcrbissorten werden auf \u201eBauer Lipps\u201c K\u00fcrbisparadies pr\u00e4sentiert.\" \/>\n<meta property=\"og:url\" content=\"https:\/\/rhein-main-blog.de\/en\/kurbisparadies-weiterstadt\/\" \/>\n<meta property=\"og:site_name\" content=\"Rhein-Main-Blog\" \/>\n<meta property=\"article:published_time\" content=\"2020-11-05T15:33:00+00:00\" \/>\n<meta property=\"article:modified_time\" content=\"2021-11-03T16:46:23+00:00\" \/>\n<meta property=\"og:image\" content=\"https:\/\/rhein-main-blog.de\/wp-content\/uploads\/2020\/10\/K\u00fcrbisparadies-Weiterstadt08.jpg\" \/>\n\t<meta property=\"og:image:width\" content=\"1280\" \/>\n\t<meta property=\"og:image:height\" content=\"853\" \/>\n\t<meta property=\"og:image:type\" content=\"image\/jpeg\" \/>\n<meta name=\"author\" content=\"Sarah\" \/>\n<meta name=\"twitter:card\" content=\"summary_large_image\" \/>\n<meta name=\"twitter:label1\" content=\"Written by\" \/>\n\t<meta name=\"twitter:data1\" content=\"Sarah\" \/>\n\t<meta name=\"twitter:label2\" content=\"Est. reading time\" \/>\n\t<meta name=\"twitter:data2\" content=\"3 minutes\" \/>\n<script type=\"application\/ld+json\" class=\"yoast-schema-graph\">{\"@context\":\"https:\\\/\\\/schema.org\",\"@graph\":[{\"@type\":\"Article\",\"@id\":\"https:\\\/\\\/rhein-main-blog.de\\\/kurbisparadies-weiterstadt\\\/#article\",\"isPartOf\":{\"@id\":\"https:\\\/\\\/rhein-main-blog.de\\\/kurbisparadies-weiterstadt\\\/\"},\"author\":{\"name\":\"Sarah\",\"@id\":\"https:\\\/\\\/rhein-main-blog.de\\\/#\\\/schema\\\/person\\\/ce1275bcdc476c205d78d9c932769e5c\"},\"headline\":\"Herbstausflug im Rhein-Main-Gebiet: Das K\u00fcrbisparadies in Weiterstadt\",\"datePublished\":\"2020-11-05T15:33:00+00:00\",\"dateModified\":\"2021-11-03T16:46:23+00:00\",\"mainEntityOfPage\":{\"@id\":\"https:\\\/\\\/rhein-main-blog.de\\\/kurbisparadies-weiterstadt\\\/\"},\"wordCount\":279,\"commentCount\":0,\"publisher\":{\"@id\":\"https:\\\/\\\/rhein-main-blog.de\\\/#organization\"},\"image\":{\"@id\":\"https:\\\/\\\/rhein-main-blog.de\\\/kurbisparadies-weiterstadt\\\/#primaryimage\"},\"thumbnailUrl\":\"https:\\\/\\\/rhein-main-blog.de\\\/wp-content\\\/uploads\\\/2020\\\/10\\\/K\u00fcrbisparadies-Weiterstadt08.jpg\",\"keywords\":[\"Auszeit\",\"Herbst\"],\"articleSection\":[\"F\u00fcr Kinder\",\"Herbst\",\"Outdoor\",\"Spazieren\"],\"inLanguage\":\"en-US\",\"potentialAction\":[{\"@type\":\"CommentAction\",\"name\":\"Comment\",\"target\":[\"https:\\\/\\\/rhein-main-blog.de\\\/kurbisparadies-weiterstadt\\\/#respond\"]}]},{\"@type\":\"WebPage\",\"@id\":\"https:\\\/\\\/rhein-main-blog.de\\\/kurbisparadies-weiterstadt\\\/\",\"url\":\"https:\\\/\\\/rhein-main-blog.de\\\/kurbisparadies-weiterstadt\\\/\",\"name\":\"Herbstausflug im Rhein-Main-Gebiet: Das K\u00fcrbisparadies in Weiterstadt - Rhein-Main-Blog\",\"isPartOf\":{\"@id\":\"https:\\\/\\\/rhein-main-blog.de\\\/#website\"},\"primaryImageOfPage\":{\"@id\":\"https:\\\/\\\/rhein-main-blog.de\\\/kurbisparadies-weiterstadt\\\/#primaryimage\"},\"image\":{\"@id\":\"https:\\\/\\\/rhein-main-blog.de\\\/kurbisparadies-weiterstadt\\\/#primaryimage\"},\"thumbnailUrl\":\"https:\\\/\\\/rhein-main-blog.de\\\/wp-content\\\/uploads\\\/2020\\\/10\\\/K\u00fcrbisparadies-Weiterstadt08.jpg\",\"datePublished\":\"2020-11-05T15:33:00+00:00\",\"dateModified\":\"2021-11-03T16:46:23+00:00\",\"description\":\"Mitte September er\u00f6ffnet in Weiterstadt ein farbenfrohes Ausflugsziel. \u00dcber 40 verschiedene K\u00fcrbissorten werden auf \u201eBauer Lipps\u201c K\u00fcrbisparadies pr\u00e4sentiert.\",\"breadcrumb\":{\"@id\":\"https:\\\/\\\/rhein-main-blog.de\\\/kurbisparadies-weiterstadt\\\/#breadcrumb\"},\"inLanguage\":\"en-US\",\"potentialAction\":[{\"@type\":\"ReadAction\",\"target\":[\"https:\\\/\\\/rhein-main-blog.de\\\/kurbisparadies-weiterstadt\\\/\"]}]},{\"@type\":\"ImageObject\",\"inLanguage\":\"en-US\",\"@id\":\"https:\\\/\\\/rhein-main-blog.de\\\/kurbisparadies-weiterstadt\\\/#primaryimage\",\"url\":\"https:\\\/\\\/rhein-main-blog.de\\\/wp-content\\\/uploads\\\/2020\\\/10\\\/K\u00fcrbisparadies-Weiterstadt08.jpg\",\"contentUrl\":\"https:\\\/\\\/rhein-main-blog.de\\\/wp-content\\\/uploads\\\/2020\\\/10\\\/K\u00fcrbisparadies-Weiterstadt08.jpg\",\"width\":1280,\"height\":853},{\"@type\":\"BreadcrumbList\",\"@id\":\"https:\\\/\\\/rhein-main-blog.de\\\/kurbisparadies-weiterstadt\\\/#breadcrumb\",\"itemListElement\":[{\"@type\":\"ListItem\",\"position\":1,\"name\":\"Startseite\",\"item\":\"https:\\\/\\\/rhein-main-blog.de\\\/\"},{\"@type\":\"ListItem\",\"position\":2,\"name\":\"Herbstausflug im Rhein-Main-Gebiet: Das K\u00fcrbisparadies in Weiterstadt\"}]},{\"@type\":\"WebSite\",\"@id\":\"https:\\\/\\\/rhein-main-blog.de\\\/#website\",\"url\":\"https:\\\/\\\/rhein-main-blog.de\\\/\",\"name\":\"Rhein-Main-Blog\",\"description\":\"Die sch\u00f6nsten Ausflugsziele und Tipps f\u00fcr das Rhein-Main-Gebiet\",\"publisher\":{\"@id\":\"https:\\\/\\\/rhein-main-blog.de\\\/#organization\"},\"potentialAction\":[{\"@type\":\"SearchAction\",\"target\":{\"@type\":\"EntryPoint\",\"urlTemplate\":\"https:\\\/\\\/rhein-main-blog.de\\\/?s={search_term_string}\"},\"query-input\":{\"@type\":\"PropertyValueSpecification\",\"valueRequired\":true,\"valueName\":\"search_term_string\"}}],\"inLanguage\":\"en-US\"},{\"@type\":\"Organization\",\"@id\":\"https:\\\/\\\/rhein-main-blog.de\\\/#organization\",\"name\":\"Rhein-Main-Blog\",\"url\":\"https:\\\/\\\/rhein-main-blog.de\\\/\",\"logo\":{\"@type\":\"ImageObject\",\"inLanguage\":\"en-US\",\"@id\":\"https:\\\/\\\/rhein-main-blog.de\\\/#\\\/schema\\\/logo\\\/image\\\/\",\"url\":\"https:\\\/\\\/rhein-main-blog.de\\\/wp-content\\\/uploads\\\/2020\\\/04\\\/cropped-Rhein-Main-Blog-Header-Sarah-Waltinger-1-2.png\",\"contentUrl\":\"https:\\\/\\\/rhein-main-blog.de\\\/wp-content\\\/uploads\\\/2020\\\/04\\\/cropped-Rhein-Main-Blog-Header-Sarah-Waltinger-1-2.png\",\"width\":512,\"height\":512,\"caption\":\"Rhein-Main-Blog\"},\"image\":{\"@id\":\"https:\\\/\\\/rhein-main-blog.de\\\/#\\\/schema\\\/logo\\\/image\\\/\"},\"sameAs\":[\"https:\\\/\\\/www.pinterest.de\\\/rheinmainblog\\\/\"]},{\"@type\":\"Person\",\"@id\":\"https:\\\/\\\/rhein-main-blog.de\\\/#\\\/schema\\\/person\\\/ce1275bcdc476c205d78d9c932769e5c\",\"name\":\"Sarah\",\"image\":{\"@type\":\"ImageObject\",\"inLanguage\":\"en-US\",\"@id\":\"https:\\\/\\\/rhein-main-blog.de\\\/wp-content\\\/uploads\\\/2020\\\/11\\\/Sarah-Waltinger-Itchy-Feet-Blog-Mainz02-e1622966870914-150x150.jpg\",\"url\":\"https:\\\/\\\/rhein-main-blog.de\\\/wp-content\\\/uploads\\\/2020\\\/11\\\/Sarah-Waltinger-Itchy-Feet-Blog-Mainz02-e1622966870914-150x150.jpg\",\"contentUrl\":\"https:\\\/\\\/rhein-main-blog.de\\\/wp-content\\\/uploads\\\/2020\\\/11\\\/Sarah-Waltinger-Itchy-Feet-Blog-Mainz02-e1622966870914-150x150.jpg\",\"caption\":\"Sarah\"},\"description\":\"Mainzerin Sarah ist die Gr\u00fcnderin des Rhein-Main-Blogs und auch nach 30 Jahren gl\u00fccklich die sch\u00f6ne Stadt am Rhein ihr Zuhause nennen zu d\u00fcrfen. Wenn sie nicht gerade im Homeoffice arbeitet oder die Welt bereist, trifft sie sich mit Freunden im Lieblingscaf\u00e9, schlendert \u00fcber Wochenm\u00e4rkte und unternimmt Erkundungen in der Natur.\",\"sameAs\":[\"https:\\\/\\\/itchyfeet-travel.de\\\/\",\"https:\\\/\\\/www.instagram.com\\\/itchy.feet.blog\\\/\"],\"url\":\"https:\\\/\\\/rhein-main-blog.de\\\/en\\\/author\\\/sarah\\\/\"}]}<\/script>\n<!-- \/ Yoast SEO plugin. -->","yoast_head_json":{"title":"Herbstausflug im Rhein-Main-Gebiet: Das K\u00fcrbisparadies in Weiterstadt - Rhein-Main-Blog","description":"Mitte September er\u00f6ffnet in Weiterstadt ein farbenfrohes Ausflugsziel. \u00dcber 40 verschiedene K\u00fcrbissorten werden auf \u201eBauer Lipps\u201c K\u00fcrbisparadies pr\u00e4sentiert.","robots":{"index":"index","follow":"follow","max-snippet":"max-snippet:-1","max-image-preview":"max-image-preview:large","max-video-preview":"max-video-preview:-1"},"canonical":"https:\/\/rhein-main-blog.de\/en\/kurbisparadies-weiterstadt\/","og_locale":"en_US","og_type":"article","og_title":"Herbstausflug im Rhein-Main-Gebiet: Das K\u00fcrbisparadies in Weiterstadt - Rhein-Main-Blog","og_description":"Mitte September er\u00f6ffnet in Weiterstadt ein farbenfrohes Ausflugsziel. \u00dcber 40 verschiedene K\u00fcrbissorten werden auf \u201eBauer Lipps\u201c K\u00fcrbisparadies pr\u00e4sentiert.","og_url":"https:\/\/rhein-main-blog.de\/en\/kurbisparadies-weiterstadt\/","og_site_name":"Rhein-Main-Blog","article_published_time":"2020-11-05T15:33:00+00:00","article_modified_time":"2021-11-03T16:46:23+00:00","og_image":[{"width":1280,"height":853,"url":"https:\/\/rhein-main-blog.de\/wp-content\/uploads\/2020\/10\/K\u00fcrbisparadies-Weiterstadt08.jpg","type":"image\/jpeg"}],"author":"Sarah","twitter_card":"summary_large_image","twitter_misc":{"Written by":"Sarah","Est. reading time":"3 minutes"},"schema":{"@context":"https:\/\/schema.org","@graph":[{"@type":"Article","@id":"https:\/\/rhein-main-blog.de\/kurbisparadies-weiterstadt\/#article","isPartOf":{"@id":"https:\/\/rhein-main-blog.de\/kurbisparadies-weiterstadt\/"},"author":{"name":"Sarah","@id":"https:\/\/rhein-main-blog.de\/#\/schema\/person\/ce1275bcdc476c205d78d9c932769e5c"},"headline":"Herbstausflug im Rhein-Main-Gebiet: Das K\u00fcrbisparadies in Weiterstadt","datePublished":"2020-11-05T15:33:00+00:00","dateModified":"2021-11-03T16:46:23+00:00","mainEntityOfPage":{"@id":"https:\/\/rhein-main-blog.de\/kurbisparadies-weiterstadt\/"},"wordCount":279,"commentCount":0,"publisher":{"@id":"https:\/\/rhein-main-blog.de\/#organization"},"image":{"@id":"https:\/\/rhein-main-blog.de\/kurbisparadies-weiterstadt\/#primaryimage"},"thumbnailUrl":"https:\/\/rhein-main-blog.de\/wp-content\/uploads\/2020\/10\/K\u00fcrbisparadies-Weiterstadt08.jpg","keywords":["Auszeit","Herbst"],"articleSection":["F\u00fcr Kinder","Herbst","Outdoor","Spazieren"],"inLanguage":"en-US","potentialAction":[{"@type":"CommentAction","name":"Comment","target":["https:\/\/rhein-main-blog.de\/kurbisparadies-weiterstadt\/#respond"]}]},{"@type":"WebPage","@id":"https:\/\/rhein-main-blog.de\/kurbisparadies-weiterstadt\/","url":"https:\/\/rhein-main-blog.de\/kurbisparadies-weiterstadt\/","name":"Herbstausflug im Rhein-Main-Gebiet: Das K\u00fcrbisparadies in Weiterstadt - Rhein-Main-Blog","isPartOf":{"@id":"https:\/\/rhein-main-blog.de\/#website"},"primaryImageOfPage":{"@id":"https:\/\/rhein-main-blog.de\/kurbisparadies-weiterstadt\/#primaryimage"},"image":{"@id":"https:\/\/rhein-main-blog.de\/kurbisparadies-weiterstadt\/#primaryimage"},"thumbnailUrl":"https:\/\/rhein-main-blog.de\/wp-content\/uploads\/2020\/10\/K\u00fcrbisparadies-Weiterstadt08.jpg","datePublished":"2020-11-05T15:33:00+00:00","dateModified":"2021-11-03T16:46:23+00:00","description":"Mitte September er\u00f6ffnet in Weiterstadt ein farbenfrohes Ausflugsziel. \u00dcber 40 verschiedene K\u00fcrbissorten werden auf \u201eBauer Lipps\u201c K\u00fcrbisparadies pr\u00e4sentiert.","breadcrumb":{"@id":"https:\/\/rhein-main-blog.de\/kurbisparadies-weiterstadt\/#breadcrumb"},"inLanguage":"en-US","potentialAction":[{"@type":"ReadAction","target":["https:\/\/rhein-main-blog.de\/kurbisparadies-weiterstadt\/"]}]},{"@type":"ImageObject","inLanguage":"en-US","@id":"https:\/\/rhein-main-blog.de\/kurbisparadies-weiterstadt\/#primaryimage","url":"https:\/\/rhein-main-blog.de\/wp-content\/uploads\/2020\/10\/K\u00fcrbisparadies-Weiterstadt08.jpg","contentUrl":"https:\/\/rhein-main-blog.de\/wp-content\/uploads\/2020\/10\/K\u00fcrbisparadies-Weiterstadt08.jpg","width":1280,"height":853},{"@type":"BreadcrumbList","@id":"https:\/\/rhein-main-blog.de\/kurbisparadies-weiterstadt\/#breadcrumb","itemListElement":[{"@type":"ListItem","position":1,"name":"Startseite","item":"https:\/\/rhein-main-blog.de\/"},{"@type":"ListItem","position":2,"name":"Herbstausflug im Rhein-Main-Gebiet: Das K\u00fcrbisparadies in Weiterstadt"}]},{"@type":"WebSite","@id":"https:\/\/rhein-main-blog.de\/#website","url":"https:\/\/rhein-main-blog.de\/","name":"Rhein-Main-Blog","description":"Die sch\u00f6nsten Ausflugsziele und Tipps f\u00fcr das Rhein-Main-Gebiet","publisher":{"@id":"https:\/\/rhein-main-blog.de\/#organization"},"potentialAction":[{"@type":"SearchAction","target":{"@type":"EntryPoint","urlTemplate":"https:\/\/rhein-main-blog.de\/?s={search_term_string}"},"query-input":{"@type":"PropertyValueSpecification","valueRequired":true,"valueName":"search_term_string"}}],"inLanguage":"en-US"},{"@type":"Organization","@id":"https:\/\/rhein-main-blog.de\/#organization","name":"Rhein-Main-Blog","url":"https:\/\/rhein-main-blog.de\/","logo":{"@type":"ImageObject","inLanguage":"en-US","@id":"https:\/\/rhein-main-blog.de\/#\/schema\/logo\/image\/","url":"https:\/\/rhein-main-blog.de\/wp-content\/uploads\/2020\/04\/cropped-Rhein-Main-Blog-Header-Sarah-Waltinger-1-2.png","contentUrl":"https:\/\/rhein-main-blog.de\/wp-content\/uploads\/2020\/04\/cropped-Rhein-Main-Blog-Header-Sarah-Waltinger-1-2.png","width":512,"height":512,"caption":"Rhein-Main-Blog"},"image":{"@id":"https:\/\/rhein-main-blog.de\/#\/schema\/logo\/image\/"},"sameAs":["https:\/\/www.pinterest.de\/rheinmainblog\/"]},{"@type":"Person","@id":"https:\/\/rhein-main-blog.de\/#\/schema\/person\/ce1275bcdc476c205d78d9c932769e5c","name":"Sarah","image":{"@type":"ImageObject","inLanguage":"en-US","@id":"https:\/\/rhein-main-blog.de\/wp-content\/uploads\/2020\/11\/Sarah-Waltinger-Itchy-Feet-Blog-Mainz02-e1622966870914-150x150.jpg","url":"https:\/\/rhein-main-blog.de\/wp-content\/uploads\/2020\/11\/Sarah-Waltinger-Itchy-Feet-Blog-Mainz02-e1622966870914-150x150.jpg","contentUrl":"https:\/\/rhein-main-blog.de\/wp-content\/uploads\/2020\/11\/Sarah-Waltinger-Itchy-Feet-Blog-Mainz02-e1622966870914-150x150.jpg","caption":"Sarah"},"description":"Mainzerin Sarah ist die Gr\u00fcnderin des Rhein-Main-Blogs und auch nach 30 Jahren gl\u00fccklich die sch\u00f6ne Stadt am Rhein ihr Zuhause nennen zu d\u00fcrfen. Wenn sie nicht gerade im Homeoffice arbeitet oder die Welt bereist, trifft sie sich mit Freunden im Lieblingscaf\u00e9, schlendert \u00fcber Wochenm\u00e4rkte und unternimmt Erkundungen in der Natur.","sameAs":["https:\/\/itchyfeet-travel.de\/","https:\/\/www.instagram.com\/itchy.feet.blog\/"],"url":"https:\/\/rhein-main-blog.de\/en\/author\/sarah\/"}]}},"_links":{"self":[{"href":"https:\/\/rhein-main-blog.de\/en\/wp-json\/wp\/v2\/posts\/1461","targetHints":{"allow":["GET"]}}],"collection":[{"href":"https:\/\/rhein-main-blog.de\/en\/wp-json\/wp\/v2\/posts"}],"about":[{"href":"https:\/\/rhein-main-blog.de\/en\/wp-json\/wp\/v2\/types\/post"}],"author":[{"embeddable":true,"href":"https:\/\/rhein-main-blog.de\/en\/wp-json\/wp\/v2\/users\/2"}],"replies":[{"embeddable":true,"href":"https:\/\/rhein-main-blog.de\/en\/wp-json\/wp\/v2\/comments?post=1461"}],"version-history":[{"count":12,"href":"https:\/\/rhein-main-blog.de\/en\/wp-json\/wp\/v2\/posts\/1461\/revisions"}],"predecessor-version":[{"id":1652,"href":"https:\/\/rhein-main-blog.de\/en\/wp-json\/wp\/v2\/posts\/1461\/revisions\/1652"}],"wp:featuredmedia":[{"embeddable":true,"href":"https:\/\/rhein-main-blog.de\/en\/wp-json\/wp\/v2\/media\/1463"}],"wp:attachment":[{"href":"https:\/\/rhein-main-blog.de\/en\/wp-json\/wp\/v2\/media?parent=1461"}],"wp:term":[{"taxonomy":"category","embeddable":true,"href":"https:\/\/rhein-main-blog.de\/en\/wp-json\/wp\/v2\/categories?post=1461"},{"taxonomy":"post_tag","embeddable":true,"href":"https:\/\/rhein-main-blog.de\/en\/wp-json\/wp\/v2\/tags?post=1461"}],"curies":[{"name":"wp","href":"https:\/\/api.w.org\/{rel}","templated":true}]}}