{"id":1792,"date":"2021-01-31T09:57:45","date_gmt":"2021-01-31T08:57:45","guid":{"rendered":"https:\/\/rhein-main-blog.de\/?p=1792"},"modified":"2021-01-31T09:57:47","modified_gmt":"2021-01-31T08:57:47","slug":"cafes-frankfurt-bockenheim","status":"publish","type":"post","link":"https:\/\/rhein-main-blog.de\/en\/cafes-frankfurt-bockenheim\/","title":{"rendered":"#supportyourlocals &#8211; 3 Lieblingscaf\u00e9s in Frankfurt-Bockenheim"},"content":{"rendered":"<p class=\"wp-block-paragraph\"><a href=\"https:\/\/rhein-main-blog.de\/en\/category\/frankfurt\/\" target=\"_blank\" rel=\"noreferrer noopener\"><strong>Frankfurt<\/strong><\/a>-Bockenheim, ein Stadtteil, der st\u00e4ndig im Wandel ist. Von dem einstigen Hauptcampus der Goethe-Universit\u00e4t ist mittlerweile nur noch die Bibliothek \u00fcbriggeblieben und zuk\u00fcnftig soll hier ein Kulturcampus entstehen. In der Nachbarschaft findet sich eine bunte Mischung aus Studenten, Familien und Rentnern, die ihrem Viertel treu geblieben sind.<\/p>\n\n\n\n<p class=\"wp-block-paragraph\">Die Vielfalt und Dynamik in Bockenheim f\u00fchren auch dazu, dass sich \u00fcber die letzten Jahre und Monate neue Caf\u00e9s angesammelt haben, die etwas bewegen m\u00f6chten. In diesem Beitrag stellen wir euch 3 Lieblingscaf\u00e9s vor \u2013 Take Away Empfehlungen inklusive. Das tolle ist, dass alle auf Nachhaltigkeit achten, jede Menge vegane Optionen anbieten und mit viel Herz dabei sind.<\/p>\n\n\n\n<h2 class=\"wp-block-heading\"><strong>#1 Fridas Caf\u00e9<\/strong><\/h2>\n\n\n\n<p class=\"wp-block-paragraph\">Die bekannteste Stra\u00dfe Bockenheims ist die Leipziger Stra\u00dfe und hier findet sich auch das Fridas Caf\u00e9. Ein charmantes Eck-Caf\u00e9, dessen denkmalgesch\u00fctztes Geb\u00e4ude bereits auf eine lange gastronomische Historie zur\u00fcckblickt und Fridas nun die Tradition mit einem neuen Konzept weiterleben l\u00e4sst. \u201eEat, Drink &amp; Socialize\u201c lautet der Slogan, denn das Caf\u00e9 ist vor allem ein gem\u00fctlicher Treffpunkt zum Verweilen. Zus\u00e4tzlich ist es dem Team wichtig einen Raum f\u00fcr Kultur und Bewegung zu schaffen durch Lesungen, Konzerte und Street-Basare.<\/p>\n\n\n\n<p class=\"wp-block-paragraph\">All Kaffeeliebhaber aufgepasst, denn Fridas ist ein stolzes Third Wave Caf\u00e9. F\u00fcr die hauseigene R\u00f6stung werden nur kontrollierte und hochwertige Kaffeebohnen verwendet \u2013 auch zum Mitnehmen erh\u00e4ltlich. Die Karte ist vielf\u00e4ltig und es werden regelm\u00e4\u00dfig neue Ideen angeboten.<\/p>\n\n\n\n<figure class=\"wp-block-image size-large\"><img loading=\"lazy\" decoding=\"async\" width=\"1024\" height=\"683\" src=\"https:\/\/rhein-main-blog.de\/wp-content\/uploads\/2021\/01\/Fridas-Cafe02-1024x683.jpg\" alt=\"\" class=\"wp-image-1798\" srcset=\"https:\/\/rhein-main-blog.de\/wp-content\/uploads\/2021\/01\/Fridas-Cafe02-1024x683.jpg 1024w, https:\/\/rhein-main-blog.de\/wp-content\/uploads\/2021\/01\/Fridas-Cafe02-300x200.jpg 300w, https:\/\/rhein-main-blog.de\/wp-content\/uploads\/2021\/01\/Fridas-Cafe02-768x512.jpg 768w, https:\/\/rhein-main-blog.de\/wp-content\/uploads\/2021\/01\/Fridas-Cafe02-1536x1024.jpg 1536w, https:\/\/rhein-main-blog.de\/wp-content\/uploads\/2021\/01\/Fridas-Cafe02-2048x1365.jpg 2048w, https:\/\/rhein-main-blog.de\/wp-content\/uploads\/2021\/01\/Fridas-Cafe02-660x440.jpg 660w, https:\/\/rhein-main-blog.de\/wp-content\/uploads\/2021\/01\/Fridas-Cafe02-1000x667.jpg 1000w, https:\/\/rhein-main-blog.de\/wp-content\/uploads\/2021\/01\/Fridas-Cafe02-373x248.jpg 373w\" sizes=\"auto, (max-width: 1024px) 100vw, 1024px\" \/><\/figure>\n\n\n\n<figure class=\"wp-block-image size-large\"><img loading=\"lazy\" decoding=\"async\" width=\"683\" height=\"1024\" src=\"https:\/\/rhein-main-blog.de\/wp-content\/uploads\/2021\/01\/Fridas-Cafe05-683x1024.jpg\" alt=\"\" class=\"wp-image-1800\" srcset=\"https:\/\/rhein-main-blog.de\/wp-content\/uploads\/2021\/01\/Fridas-Cafe05-683x1024.jpg 683w, https:\/\/rhein-main-blog.de\/wp-content\/uploads\/2021\/01\/Fridas-Cafe05-200x300.jpg 200w, https:\/\/rhein-main-blog.de\/wp-content\/uploads\/2021\/01\/Fridas-Cafe05-768x1152.jpg 768w, https:\/\/rhein-main-blog.de\/wp-content\/uploads\/2021\/01\/Fridas-Cafe05-1024x1536.jpg 1024w, https:\/\/rhein-main-blog.de\/wp-content\/uploads\/2021\/01\/Fridas-Cafe05-1365x2048.jpg 1365w, https:\/\/rhein-main-blog.de\/wp-content\/uploads\/2021\/01\/Fridas-Cafe05-660x990.jpg 660w, https:\/\/rhein-main-blog.de\/wp-content\/uploads\/2021\/01\/Fridas-Cafe05-1000x1500.jpg 1000w\" sizes=\"auto, (max-width: 683px) 100vw, 683px\" \/><\/figure>\n\n\n\n<figure class=\"wp-block-image size-large\"><img loading=\"lazy\" decoding=\"async\" width=\"683\" height=\"1024\" src=\"https:\/\/rhein-main-blog.de\/wp-content\/uploads\/2021\/01\/Fridas-Cafe06-683x1024.jpg\" alt=\"\" class=\"wp-image-1801\" srcset=\"https:\/\/rhein-main-blog.de\/wp-content\/uploads\/2021\/01\/Fridas-Cafe06-683x1024.jpg 683w, https:\/\/rhein-main-blog.de\/wp-content\/uploads\/2021\/01\/Fridas-Cafe06-200x300.jpg 200w, https:\/\/rhein-main-blog.de\/wp-content\/uploads\/2021\/01\/Fridas-Cafe06-768x1152.jpg 768w, https:\/\/rhein-main-blog.de\/wp-content\/uploads\/2021\/01\/Fridas-Cafe06-1024x1536.jpg 1024w, https:\/\/rhein-main-blog.de\/wp-content\/uploads\/2021\/01\/Fridas-Cafe06-1365x2048.jpg 1365w, https:\/\/rhein-main-blog.de\/wp-content\/uploads\/2021\/01\/Fridas-Cafe06-660x990.jpg 660w, https:\/\/rhein-main-blog.de\/wp-content\/uploads\/2021\/01\/Fridas-Cafe06-1000x1500.jpg 1000w\" sizes=\"auto, (max-width: 683px) 100vw, 683px\" \/><\/figure>\n\n\n\n<p class=\"wp-block-paragraph\">Aktuell gibt es bei ihrem Take Away Fenster unter anderem Croissants, Wraps, Salate, Pancakes und nat\u00fcrlich Kaffee, Chai Latte, Matcha\u2026 to go. Im Dezember gab es einen kleinen Weihnachtsmarkt mit Schokospie\u00dfen und Gl\u00fchwein. Oh und die leckeren Pancakes sollen bald auch vegan erh\u00e4ltlich sein.<\/p>\n\n\n\n<p class=\"wp-block-paragraph\"><a href=\"https:\/\/www.instagram.com\/fridas.cafe\/\"><strong>Menu &amp; \u00d6ffnungszeiten<\/strong><\/a><br>Adresse: Leipziger Stra\u00dfe 108, 60487 Frankfurt<\/p>\n\n\n\n<h2 class=\"wp-block-heading\"><strong>#2 Caf\u00e9 Heimelig<\/strong><\/h2>\n\n\n\n<p class=\"wp-block-paragraph\">Der Name k\u00f6nnte nicht besser passen f\u00fcr einen heimeligen Wohnzimmerersatz mitten in der Stadt! Bereits beim Betreten des Caf\u00e9s f\u00fchlt es sich einfach nur gem\u00fctlich an. Zur Einrichtung z\u00e4hlen hier viele antike M\u00f6bel, eingerahmte Rezepte von Oma h\u00e4ngen an der Wand und generell wurde mit viel Liebe zum Detail dekoriert.<\/p>\n\n\n\n<p class=\"wp-block-paragraph\">Soziales und \u00f6kologisches Bewusstsein spielen eine ganz besondere Rolle. Tina hat sich mit ihrem Caf\u00e9 einen Traum erf\u00fcllt und m\u00f6chte den Austausch zwischen Jung und Alt f\u00f6rdern: \u201eSozial. Lokal. Mit Herz.\u201c Im Caf\u00e9 Heimelig gibt es Kuchen von Oma und Opa. In der Backstube stehen hier echte Senior*innen, die ihre leckeren Rezepte weitergeben und sich gleichzeitig etwas zur Rente dazu verdienen k\u00f6nnen. Au\u00dferdem gibt es viele hausgemachte Fr\u00fchst\u00fccksleckereien.<\/p>\n\n\n\n<p class=\"wp-block-paragraph\">Der Start war nicht einfach, denn die Er\u00f6ffnung im Sommer 2020 brachte einige Herausforderungen mit sich. Doch schnell wurde das Caf\u00e9 mit seinem besonderen Konzept bekannt und in die Herzen der G\u00e4ste geschlossen.<\/p>\n\n\n\n<figure class=\"wp-block-image size-large\"><img loading=\"lazy\" decoding=\"async\" width=\"1024\" height=\"683\" src=\"https:\/\/rhein-main-blog.de\/wp-content\/uploads\/2021\/01\/Cafe-Soulmate-Frankfurt04-1024x683.jpg\" alt=\"\" class=\"wp-image-1804\" srcset=\"https:\/\/rhein-main-blog.de\/wp-content\/uploads\/2021\/01\/Cafe-Soulmate-Frankfurt04-1024x683.jpg 1024w, https:\/\/rhein-main-blog.de\/wp-content\/uploads\/2021\/01\/Cafe-Soulmate-Frankfurt04-300x200.jpg 300w, https:\/\/rhein-main-blog.de\/wp-content\/uploads\/2021\/01\/Cafe-Soulmate-Frankfurt04-768x512.jpg 768w, https:\/\/rhein-main-blog.de\/wp-content\/uploads\/2021\/01\/Cafe-Soulmate-Frankfurt04-1536x1024.jpg 1536w, https:\/\/rhein-main-blog.de\/wp-content\/uploads\/2021\/01\/Cafe-Soulmate-Frankfurt04-2048x1365.jpg 2048w, https:\/\/rhein-main-blog.de\/wp-content\/uploads\/2021\/01\/Cafe-Soulmate-Frankfurt04-660x440.jpg 660w, https:\/\/rhein-main-blog.de\/wp-content\/uploads\/2021\/01\/Cafe-Soulmate-Frankfurt04-1000x667.jpg 1000w, https:\/\/rhein-main-blog.de\/wp-content\/uploads\/2021\/01\/Cafe-Soulmate-Frankfurt04-373x248.jpg 373w\" sizes=\"auto, (max-width: 1024px) 100vw, 1024px\" \/><\/figure>\n\n\n\n<figure class=\"wp-block-image size-large\"><img loading=\"lazy\" decoding=\"async\" width=\"683\" height=\"1024\" src=\"https:\/\/rhein-main-blog.de\/wp-content\/uploads\/2021\/01\/Cafe-Soulmate-Frankfurt07-683x1024.jpg\" alt=\"\" class=\"wp-image-1806\" srcset=\"https:\/\/rhein-main-blog.de\/wp-content\/uploads\/2021\/01\/Cafe-Soulmate-Frankfurt07-683x1024.jpg 683w, https:\/\/rhein-main-blog.de\/wp-content\/uploads\/2021\/01\/Cafe-Soulmate-Frankfurt07-200x300.jpg 200w, https:\/\/rhein-main-blog.de\/wp-content\/uploads\/2021\/01\/Cafe-Soulmate-Frankfurt07-768x1152.jpg 768w, https:\/\/rhein-main-blog.de\/wp-content\/uploads\/2021\/01\/Cafe-Soulmate-Frankfurt07-1024x1536.jpg 1024w, https:\/\/rhein-main-blog.de\/wp-content\/uploads\/2021\/01\/Cafe-Soulmate-Frankfurt07-1365x2048.jpg 1365w, https:\/\/rhein-main-blog.de\/wp-content\/uploads\/2021\/01\/Cafe-Soulmate-Frankfurt07-660x990.jpg 660w, https:\/\/rhein-main-blog.de\/wp-content\/uploads\/2021\/01\/Cafe-Soulmate-Frankfurt07-1000x1500.jpg 1000w\" sizes=\"auto, (max-width: 683px) 100vw, 683px\" \/><\/figure>\n\n\n\n<figure class=\"wp-block-image size-large\"><img loading=\"lazy\" decoding=\"async\" width=\"1024\" height=\"683\" src=\"https:\/\/rhein-main-blog.de\/wp-content\/uploads\/2021\/01\/Cafe-Soulmate-Frankfurt06-1-1024x683.jpg\" alt=\"\" class=\"wp-image-1808\" srcset=\"https:\/\/rhein-main-blog.de\/wp-content\/uploads\/2021\/01\/Cafe-Soulmate-Frankfurt06-1-1024x683.jpg 1024w, https:\/\/rhein-main-blog.de\/wp-content\/uploads\/2021\/01\/Cafe-Soulmate-Frankfurt06-1-300x200.jpg 300w, https:\/\/rhein-main-blog.de\/wp-content\/uploads\/2021\/01\/Cafe-Soulmate-Frankfurt06-1-768x512.jpg 768w, https:\/\/rhein-main-blog.de\/wp-content\/uploads\/2021\/01\/Cafe-Soulmate-Frankfurt06-1-1536x1024.jpg 1536w, https:\/\/rhein-main-blog.de\/wp-content\/uploads\/2021\/01\/Cafe-Soulmate-Frankfurt06-1-2048x1365.jpg 2048w, https:\/\/rhein-main-blog.de\/wp-content\/uploads\/2021\/01\/Cafe-Soulmate-Frankfurt06-1-660x440.jpg 660w, https:\/\/rhein-main-blog.de\/wp-content\/uploads\/2021\/01\/Cafe-Soulmate-Frankfurt06-1-1000x667.jpg 1000w, https:\/\/rhein-main-blog.de\/wp-content\/uploads\/2021\/01\/Cafe-Soulmate-Frankfurt06-1-373x248.jpg 373w\" sizes=\"auto, (max-width: 1024px) 100vw, 1024px\" \/><\/figure>\n\n\n\n<p class=\"wp-block-paragraph\">W\u00e4hrend der Schlie\u00dfung der Restaurants gibt es das Heimelig Gef\u00fchl nat\u00fcrlich auch f\u00fcr Daheim. Neben einer leckeren Kuchenauswahl k\u00f6nnt ihr euch au\u00dferdem Tagessuppen und Hei\u00dfgetr\u00e4nke mitnehmen.<\/p>\n\n\n\n<p class=\"wp-block-paragraph\"><a href=\"https:\/\/www.instagram.com\/heimelig.frankfurt\/\"><strong>Menu &amp; \u00d6ffnungszeiten<\/strong><\/a><br>Adresse: Diemelstra\u00dfe 9, 60486 Frankfurt<\/p>\n\n\n\n<h2 class=\"wp-block-heading\"><strong>#3 Soulmate Coffee &amp; Bar<\/strong><\/h2>\n\n\n\n<p class=\"wp-block-paragraph\">Wie w\u00e4re es mit etwas Urlaubs-Feeling? Das Soulmate Cafe ist schon lange kein Geheimtipp mehr und ist in der Stadt auch als Urban Jungle bekannt. Das liegt vor allem an der besonderen Atmosph\u00e4re der Einrichtung: Pflanzen h\u00e4ngen von der Decke, viel Sonnenlicht strahlt durch die Fenster und das freundliche Team l\u00e4dt euch in eine gr\u00fcne Oase ein.<\/p>\n\n\n\n<p class=\"wp-block-paragraph\">Auf der Karte findet ihr den ganzen Tag Fr\u00fchst\u00fcck, Bowls, Stullen, Salate und hausgemachte Falafel \u2013 je nachdem was die aktuelle Jahreszeit zu bieten hat.<\/p>\n\n\n\n<p class=\"wp-block-paragraph\">Die beiden Gr\u00fcnder Zvoni und Nevin sind schon lange in der Gastronomie t\u00e4tig. Um die Ecke der Bockenheimer Warte vereinen sie mit ihrem Soulmate alles was ihnen in einem Caf\u00e9 wichtig ist. Den ersten Lockdown haben sie genutzt, um einen eigenen Gem\u00fcse- und Obstgarten anzulegen, um das Caf\u00e9 mit frischen Zutaten der Saison zu versorgen.<\/p>\n\n\n\n<figure class=\"wp-block-image size-large\"><img loading=\"lazy\" decoding=\"async\" width=\"1024\" height=\"683\" src=\"https:\/\/rhein-main-blog.de\/wp-content\/uploads\/2021\/01\/Cafe-Soulmate-Frankfurt01-1024x683.jpg\" alt=\"\" class=\"wp-image-1809\" srcset=\"https:\/\/rhein-main-blog.de\/wp-content\/uploads\/2021\/01\/Cafe-Soulmate-Frankfurt01-1024x683.jpg 1024w, https:\/\/rhein-main-blog.de\/wp-content\/uploads\/2021\/01\/Cafe-Soulmate-Frankfurt01-300x200.jpg 300w, https:\/\/rhein-main-blog.de\/wp-content\/uploads\/2021\/01\/Cafe-Soulmate-Frankfurt01-768x512.jpg 768w, https:\/\/rhein-main-blog.de\/wp-content\/uploads\/2021\/01\/Cafe-Soulmate-Frankfurt01-1536x1024.jpg 1536w, https:\/\/rhein-main-blog.de\/wp-content\/uploads\/2021\/01\/Cafe-Soulmate-Frankfurt01-2048x1365.jpg 2048w, https:\/\/rhein-main-blog.de\/wp-content\/uploads\/2021\/01\/Cafe-Soulmate-Frankfurt01-660x440.jpg 660w, https:\/\/rhein-main-blog.de\/wp-content\/uploads\/2021\/01\/Cafe-Soulmate-Frankfurt01-1000x667.jpg 1000w, https:\/\/rhein-main-blog.de\/wp-content\/uploads\/2021\/01\/Cafe-Soulmate-Frankfurt01-373x248.jpg 373w\" sizes=\"auto, (max-width: 1024px) 100vw, 1024px\" \/><\/figure>\n\n\n\n<figure class=\"wp-block-image size-large\"><img loading=\"lazy\" decoding=\"async\" width=\"1024\" height=\"683\" src=\"https:\/\/rhein-main-blog.de\/wp-content\/uploads\/2021\/01\/Cafe-Soulmate-Frankfurt03-1024x683.jpg\" alt=\"\" class=\"wp-image-1811\" srcset=\"https:\/\/rhein-main-blog.de\/wp-content\/uploads\/2021\/01\/Cafe-Soulmate-Frankfurt03-1024x683.jpg 1024w, https:\/\/rhein-main-blog.de\/wp-content\/uploads\/2021\/01\/Cafe-Soulmate-Frankfurt03-300x200.jpg 300w, https:\/\/rhein-main-blog.de\/wp-content\/uploads\/2021\/01\/Cafe-Soulmate-Frankfurt03-768x512.jpg 768w, https:\/\/rhein-main-blog.de\/wp-content\/uploads\/2021\/01\/Cafe-Soulmate-Frankfurt03-1536x1024.jpg 1536w, https:\/\/rhein-main-blog.de\/wp-content\/uploads\/2021\/01\/Cafe-Soulmate-Frankfurt03-2048x1365.jpg 2048w, https:\/\/rhein-main-blog.de\/wp-content\/uploads\/2021\/01\/Cafe-Soulmate-Frankfurt03-660x440.jpg 660w, https:\/\/rhein-main-blog.de\/wp-content\/uploads\/2021\/01\/Cafe-Soulmate-Frankfurt03-1000x667.jpg 1000w, https:\/\/rhein-main-blog.de\/wp-content\/uploads\/2021\/01\/Cafe-Soulmate-Frankfurt03-373x248.jpg 373w\" sizes=\"auto, (max-width: 1024px) 100vw, 1024px\" \/><\/figure>\n\n\n\n<figure class=\"wp-block-image size-large\"><img loading=\"lazy\" decoding=\"async\" width=\"1024\" height=\"683\" src=\"https:\/\/rhein-main-blog.de\/wp-content\/uploads\/2021\/01\/Cafe-Soulmate-Frankfurt02-1-1024x683.jpg\" alt=\"\" class=\"wp-image-1812\" srcset=\"https:\/\/rhein-main-blog.de\/wp-content\/uploads\/2021\/01\/Cafe-Soulmate-Frankfurt02-1-1024x683.jpg 1024w, https:\/\/rhein-main-blog.de\/wp-content\/uploads\/2021\/01\/Cafe-Soulmate-Frankfurt02-1-300x200.jpg 300w, https:\/\/rhein-main-blog.de\/wp-content\/uploads\/2021\/01\/Cafe-Soulmate-Frankfurt02-1-768x512.jpg 768w, https:\/\/rhein-main-blog.de\/wp-content\/uploads\/2021\/01\/Cafe-Soulmate-Frankfurt02-1-1536x1024.jpg 1536w, https:\/\/rhein-main-blog.de\/wp-content\/uploads\/2021\/01\/Cafe-Soulmate-Frankfurt02-1-2048x1365.jpg 2048w, https:\/\/rhein-main-blog.de\/wp-content\/uploads\/2021\/01\/Cafe-Soulmate-Frankfurt02-1-660x440.jpg 660w, https:\/\/rhein-main-blog.de\/wp-content\/uploads\/2021\/01\/Cafe-Soulmate-Frankfurt02-1-1000x667.jpg 1000w, https:\/\/rhein-main-blog.de\/wp-content\/uploads\/2021\/01\/Cafe-Soulmate-Frankfurt02-1-373x248.jpg 373w\" sizes=\"auto, (max-width: 1024px) 100vw, 1024px\" \/><\/figure>\n\n\n\n<p class=\"wp-block-paragraph\">Auch beim Soulmate Cafe gibt es aktuell ein Take Away Angebot mit einer leckeren Auswahl.<\/p>\n\n\n\n<p class=\"wp-block-paragraph\"><a href=\"https:\/\/www.instagram.com\/soulmate.cafe\/\"><strong>Menu &amp; \u00d6ffnungszeiten<\/strong><\/a><br>Adresse: Gr\u00e4fstra\u00dfe 74 \u2013 76, 60486 Frankfurt<\/p>\n\n\n\n<p class=\"wp-block-paragraph\">Wenn ihr Lust habt euren Caf\u00e9 Besuch mit einem Spaziergang zu verbinden, dann schaut doch mal im Gr\u00fcneburgpark oder Palmengarten vorbei. Beide sind unweit von der Leipziger Stra\u00dfe entfernt und eignen sich auch super f\u00fcr ein Picknick an warmen Tagen.<\/p>","protected":false},"excerpt":{"rendered":"<p>Frankfurt-Bockenheim, ein Stadtteil, der st\u00e4ndig im Wandel ist. Von dem einstigen Hauptcampus der Goethe-Universit\u00e4t ist mittlerweile nur noch die Bibliothek \u00fcbriggeblieben und zuk\u00fcnftig soll hier ein Kulturcampus entstehen. In der&hellip; <a class=\"excerpt-more-link\" href=\"https:\/\/rhein-main-blog.de\/en\/cafes-frankfurt-bockenheim\/\">Read More<\/a><\/p>","protected":false},"author":2,"featured_media":1797,"comment_status":"open","ping_status":"open","sticky":false,"template":"","format":"standard","meta":{"footnotes":""},"categories":[5,9,25,22],"tags":[7],"class_list":["post-1792","post","type-post","status-publish","format-standard","has-post-thumbnail","hentry","category-cafes","category-frankfurt","category-fundstuecke","category-staedtetrip","tag-frankfurt"],"yoast_head":"<!-- This site is optimized with the Yoast SEO plugin v28.1 - https:\/\/yoast.com\/product\/yoast-seo-wordpress\/ -->\n<title>#supportyourlocals - 3 Lieblingscaf\u00e9s in Frankfurt-Bockenheim - Rhein-Main-Blog<\/title>\n<meta name=\"description\" content=\"3 Lieblingscafes in Frankfurt Bockenheim. Warum du in diesen Cafes Kaffee trinken solltest, erz\u00e4hlen wir dir in diesem Beitrag.\" \/>\n<meta name=\"robots\" content=\"index, follow, max-snippet:-1, max-image-preview:large, max-video-preview:-1\" \/>\n<link rel=\"canonical\" href=\"https:\/\/rhein-main-blog.de\/en\/cafes-frankfurt-bockenheim\/\" \/>\n<meta property=\"og:locale\" content=\"en_US\" \/>\n<meta property=\"og:type\" content=\"article\" \/>\n<meta property=\"og:title\" content=\"#supportyourlocals - 3 Lieblingscaf\u00e9s in Frankfurt-Bockenheim - Rhein-Main-Blog\" \/>\n<meta property=\"og:description\" content=\"3 Lieblingscafes in Frankfurt Bockenheim. Warum du in diesen Cafes Kaffee trinken solltest, erz\u00e4hlen wir dir in diesem Beitrag.\" \/>\n<meta property=\"og:url\" content=\"https:\/\/rhein-main-blog.de\/en\/cafes-frankfurt-bockenheim\/\" \/>\n<meta property=\"og:site_name\" content=\"Rhein-Main-Blog\" \/>\n<meta property=\"article:published_time\" content=\"2021-01-31T08:57:45+00:00\" \/>\n<meta property=\"article:modified_time\" content=\"2021-01-31T08:57:47+00:00\" \/>\n<meta property=\"og:image\" content=\"https:\/\/rhein-main-blog.de\/wp-content\/uploads\/2021\/01\/Fridas-Cafe01.jpg\" \/>\n\t<meta property=\"og:image:width\" content=\"5965\" \/>\n\t<meta property=\"og:image:height\" content=\"3977\" \/>\n\t<meta property=\"og:image:type\" content=\"image\/jpeg\" \/>\n<meta name=\"author\" content=\"Sarah\" \/>\n<meta name=\"twitter:card\" content=\"summary_large_image\" \/>\n<meta name=\"twitter:label1\" content=\"Written by\" \/>\n\t<meta name=\"twitter:data1\" content=\"Sarah\" \/>\n\t<meta name=\"twitter:label2\" content=\"Est. reading time\" \/>\n\t<meta name=\"twitter:data2\" content=\"4 minutes\" \/>\n<script type=\"application\/ld+json\" class=\"yoast-schema-graph\">{\"@context\":\"https:\\\/\\\/schema.org\",\"@graph\":[{\"@type\":\"Article\",\"@id\":\"https:\\\/\\\/rhein-main-blog.de\\\/cafes-frankfurt-bockenheim\\\/#article\",\"isPartOf\":{\"@id\":\"https:\\\/\\\/rhein-main-blog.de\\\/cafes-frankfurt-bockenheim\\\/\"},\"author\":{\"name\":\"Sarah\",\"@id\":\"https:\\\/\\\/rhein-main-blog.de\\\/#\\\/schema\\\/person\\\/ce1275bcdc476c205d78d9c932769e5c\"},\"headline\":\"#supportyourlocals &#8211; 3 Lieblingscaf\u00e9s in Frankfurt-Bockenheim\",\"datePublished\":\"2021-01-31T08:57:45+00:00\",\"dateModified\":\"2021-01-31T08:57:47+00:00\",\"mainEntityOfPage\":{\"@id\":\"https:\\\/\\\/rhein-main-blog.de\\\/cafes-frankfurt-bockenheim\\\/\"},\"wordCount\":731,\"commentCount\":2,\"publisher\":{\"@id\":\"https:\\\/\\\/rhein-main-blog.de\\\/#organization\"},\"image\":{\"@id\":\"https:\\\/\\\/rhein-main-blog.de\\\/cafes-frankfurt-bockenheim\\\/#primaryimage\"},\"thumbnailUrl\":\"https:\\\/\\\/rhein-main-blog.de\\\/wp-content\\\/uploads\\\/2021\\\/01\\\/Fridas-Cafe01.jpg\",\"keywords\":[\"Frankfurt\"],\"articleSection\":[\"Caf\u00e9s\",\"Frankfurt\",\"Fundst\u00fccke\",\"St\u00e4dtetrip\"],\"inLanguage\":\"en-US\",\"potentialAction\":[{\"@type\":\"CommentAction\",\"name\":\"Comment\",\"target\":[\"https:\\\/\\\/rhein-main-blog.de\\\/cafes-frankfurt-bockenheim\\\/#respond\"]}]},{\"@type\":\"WebPage\",\"@id\":\"https:\\\/\\\/rhein-main-blog.de\\\/cafes-frankfurt-bockenheim\\\/\",\"url\":\"https:\\\/\\\/rhein-main-blog.de\\\/cafes-frankfurt-bockenheim\\\/\",\"name\":\"#supportyourlocals - 3 Lieblingscaf\u00e9s in Frankfurt-Bockenheim - Rhein-Main-Blog\",\"isPartOf\":{\"@id\":\"https:\\\/\\\/rhein-main-blog.de\\\/#website\"},\"primaryImageOfPage\":{\"@id\":\"https:\\\/\\\/rhein-main-blog.de\\\/cafes-frankfurt-bockenheim\\\/#primaryimage\"},\"image\":{\"@id\":\"https:\\\/\\\/rhein-main-blog.de\\\/cafes-frankfurt-bockenheim\\\/#primaryimage\"},\"thumbnailUrl\":\"https:\\\/\\\/rhein-main-blog.de\\\/wp-content\\\/uploads\\\/2021\\\/01\\\/Fridas-Cafe01.jpg\",\"datePublished\":\"2021-01-31T08:57:45+00:00\",\"dateModified\":\"2021-01-31T08:57:47+00:00\",\"description\":\"3 Lieblingscafes in Frankfurt Bockenheim. Warum du in diesen Cafes Kaffee trinken solltest, erz\u00e4hlen wir dir in diesem Beitrag.\",\"breadcrumb\":{\"@id\":\"https:\\\/\\\/rhein-main-blog.de\\\/cafes-frankfurt-bockenheim\\\/#breadcrumb\"},\"inLanguage\":\"en-US\",\"potentialAction\":[{\"@type\":\"ReadAction\",\"target\":[\"https:\\\/\\\/rhein-main-blog.de\\\/cafes-frankfurt-bockenheim\\\/\"]}]},{\"@type\":\"ImageObject\",\"inLanguage\":\"en-US\",\"@id\":\"https:\\\/\\\/rhein-main-blog.de\\\/cafes-frankfurt-bockenheim\\\/#primaryimage\",\"url\":\"https:\\\/\\\/rhein-main-blog.de\\\/wp-content\\\/uploads\\\/2021\\\/01\\\/Fridas-Cafe01.jpg\",\"contentUrl\":\"https:\\\/\\\/rhein-main-blog.de\\\/wp-content\\\/uploads\\\/2021\\\/01\\\/Fridas-Cafe01.jpg\",\"width\":5965,\"height\":3977,\"caption\":\"Fridas Cafe Frankfurt Bockenheim\"},{\"@type\":\"BreadcrumbList\",\"@id\":\"https:\\\/\\\/rhein-main-blog.de\\\/cafes-frankfurt-bockenheim\\\/#breadcrumb\",\"itemListElement\":[{\"@type\":\"ListItem\",\"position\":1,\"name\":\"Startseite\",\"item\":\"https:\\\/\\\/rhein-main-blog.de\\\/\"},{\"@type\":\"ListItem\",\"position\":2,\"name\":\"#supportyourlocals &#8211; 3 Lieblingscaf\u00e9s in Frankfurt-Bockenheim\"}]},{\"@type\":\"WebSite\",\"@id\":\"https:\\\/\\\/rhein-main-blog.de\\\/#website\",\"url\":\"https:\\\/\\\/rhein-main-blog.de\\\/\",\"name\":\"Rhein-Main-Blog\",\"description\":\"Die sch\u00f6nsten Ausflugsziele und Tipps f\u00fcr das Rhein-Main-Gebiet\",\"publisher\":{\"@id\":\"https:\\\/\\\/rhein-main-blog.de\\\/#organization\"},\"potentialAction\":[{\"@type\":\"SearchAction\",\"target\":{\"@type\":\"EntryPoint\",\"urlTemplate\":\"https:\\\/\\\/rhein-main-blog.de\\\/?s={search_term_string}\"},\"query-input\":{\"@type\":\"PropertyValueSpecification\",\"valueRequired\":true,\"valueName\":\"search_term_string\"}}],\"inLanguage\":\"en-US\"},{\"@type\":\"Organization\",\"@id\":\"https:\\\/\\\/rhein-main-blog.de\\\/#organization\",\"name\":\"Rhein-Main-Blog\",\"url\":\"https:\\\/\\\/rhein-main-blog.de\\\/\",\"logo\":{\"@type\":\"ImageObject\",\"inLanguage\":\"en-US\",\"@id\":\"https:\\\/\\\/rhein-main-blog.de\\\/#\\\/schema\\\/logo\\\/image\\\/\",\"url\":\"https:\\\/\\\/rhein-main-blog.de\\\/wp-content\\\/uploads\\\/2020\\\/04\\\/cropped-Rhein-Main-Blog-Header-Sarah-Waltinger-1-2.png\",\"contentUrl\":\"https:\\\/\\\/rhein-main-blog.de\\\/wp-content\\\/uploads\\\/2020\\\/04\\\/cropped-Rhein-Main-Blog-Header-Sarah-Waltinger-1-2.png\",\"width\":512,\"height\":512,\"caption\":\"Rhein-Main-Blog\"},\"image\":{\"@id\":\"https:\\\/\\\/rhein-main-blog.de\\\/#\\\/schema\\\/logo\\\/image\\\/\"},\"sameAs\":[\"https:\\\/\\\/www.pinterest.de\\\/rheinmainblog\\\/\"]},{\"@type\":\"Person\",\"@id\":\"https:\\\/\\\/rhein-main-blog.de\\\/#\\\/schema\\\/person\\\/ce1275bcdc476c205d78d9c932769e5c\",\"name\":\"Sarah\",\"image\":{\"@type\":\"ImageObject\",\"inLanguage\":\"en-US\",\"@id\":\"https:\\\/\\\/rhein-main-blog.de\\\/wp-content\\\/uploads\\\/2020\\\/11\\\/Sarah-Waltinger-Itchy-Feet-Blog-Mainz02-e1622966870914-150x150.jpg\",\"url\":\"https:\\\/\\\/rhein-main-blog.de\\\/wp-content\\\/uploads\\\/2020\\\/11\\\/Sarah-Waltinger-Itchy-Feet-Blog-Mainz02-e1622966870914-150x150.jpg\",\"contentUrl\":\"https:\\\/\\\/rhein-main-blog.de\\\/wp-content\\\/uploads\\\/2020\\\/11\\\/Sarah-Waltinger-Itchy-Feet-Blog-Mainz02-e1622966870914-150x150.jpg\",\"caption\":\"Sarah\"},\"description\":\"Mainzerin Sarah ist die Gr\u00fcnderin des Rhein-Main-Blogs und auch nach 30 Jahren gl\u00fccklich die sch\u00f6ne Stadt am Rhein ihr Zuhause nennen zu d\u00fcrfen. Wenn sie nicht gerade im Homeoffice arbeitet oder die Welt bereist, trifft sie sich mit Freunden im Lieblingscaf\u00e9, schlendert \u00fcber Wochenm\u00e4rkte und unternimmt Erkundungen in der Natur.\",\"sameAs\":[\"https:\\\/\\\/itchyfeet-travel.de\\\/\",\"https:\\\/\\\/www.instagram.com\\\/itchy.feet.blog\\\/\"],\"url\":\"https:\\\/\\\/rhein-main-blog.de\\\/en\\\/author\\\/sarah\\\/\"}]}<\/script>\n<!-- \/ Yoast SEO plugin. -->","yoast_head_json":{"title":"#supportyourlocals - 3 Lieblingscaf\u00e9s in Frankfurt-Bockenheim - Rhein-Main-Blog","description":"3 Lieblingscafes in Frankfurt Bockenheim. Warum du in diesen Cafes Kaffee trinken solltest, erz\u00e4hlen wir dir in diesem Beitrag.","robots":{"index":"index","follow":"follow","max-snippet":"max-snippet:-1","max-image-preview":"max-image-preview:large","max-video-preview":"max-video-preview:-1"},"canonical":"https:\/\/rhein-main-blog.de\/en\/cafes-frankfurt-bockenheim\/","og_locale":"en_US","og_type":"article","og_title":"#supportyourlocals - 3 Lieblingscaf\u00e9s in Frankfurt-Bockenheim - Rhein-Main-Blog","og_description":"3 Lieblingscafes in Frankfurt Bockenheim. Warum du in diesen Cafes Kaffee trinken solltest, erz\u00e4hlen wir dir in diesem Beitrag.","og_url":"https:\/\/rhein-main-blog.de\/en\/cafes-frankfurt-bockenheim\/","og_site_name":"Rhein-Main-Blog","article_published_time":"2021-01-31T08:57:45+00:00","article_modified_time":"2021-01-31T08:57:47+00:00","og_image":[{"width":5965,"height":3977,"url":"https:\/\/rhein-main-blog.de\/wp-content\/uploads\/2021\/01\/Fridas-Cafe01.jpg","type":"image\/jpeg"}],"author":"Sarah","twitter_card":"summary_large_image","twitter_misc":{"Written by":"Sarah","Est. reading time":"4 minutes"},"schema":{"@context":"https:\/\/schema.org","@graph":[{"@type":"Article","@id":"https:\/\/rhein-main-blog.de\/cafes-frankfurt-bockenheim\/#article","isPartOf":{"@id":"https:\/\/rhein-main-blog.de\/cafes-frankfurt-bockenheim\/"},"author":{"name":"Sarah","@id":"https:\/\/rhein-main-blog.de\/#\/schema\/person\/ce1275bcdc476c205d78d9c932769e5c"},"headline":"#supportyourlocals &#8211; 3 Lieblingscaf\u00e9s in Frankfurt-Bockenheim","datePublished":"2021-01-31T08:57:45+00:00","dateModified":"2021-01-31T08:57:47+00:00","mainEntityOfPage":{"@id":"https:\/\/rhein-main-blog.de\/cafes-frankfurt-bockenheim\/"},"wordCount":731,"commentCount":2,"publisher":{"@id":"https:\/\/rhein-main-blog.de\/#organization"},"image":{"@id":"https:\/\/rhein-main-blog.de\/cafes-frankfurt-bockenheim\/#primaryimage"},"thumbnailUrl":"https:\/\/rhein-main-blog.de\/wp-content\/uploads\/2021\/01\/Fridas-Cafe01.jpg","keywords":["Frankfurt"],"articleSection":["Caf\u00e9s","Frankfurt","Fundst\u00fccke","St\u00e4dtetrip"],"inLanguage":"en-US","potentialAction":[{"@type":"CommentAction","name":"Comment","target":["https:\/\/rhein-main-blog.de\/cafes-frankfurt-bockenheim\/#respond"]}]},{"@type":"WebPage","@id":"https:\/\/rhein-main-blog.de\/cafes-frankfurt-bockenheim\/","url":"https:\/\/rhein-main-blog.de\/cafes-frankfurt-bockenheim\/","name":"#supportyourlocals - 3 Lieblingscaf\u00e9s in Frankfurt-Bockenheim - Rhein-Main-Blog","isPartOf":{"@id":"https:\/\/rhein-main-blog.de\/#website"},"primaryImageOfPage":{"@id":"https:\/\/rhein-main-blog.de\/cafes-frankfurt-bockenheim\/#primaryimage"},"image":{"@id":"https:\/\/rhein-main-blog.de\/cafes-frankfurt-bockenheim\/#primaryimage"},"thumbnailUrl":"https:\/\/rhein-main-blog.de\/wp-content\/uploads\/2021\/01\/Fridas-Cafe01.jpg","datePublished":"2021-01-31T08:57:45+00:00","dateModified":"2021-01-31T08:57:47+00:00","description":"3 Lieblingscafes in Frankfurt Bockenheim. Warum du in diesen Cafes Kaffee trinken solltest, erz\u00e4hlen wir dir in diesem Beitrag.","breadcrumb":{"@id":"https:\/\/rhein-main-blog.de\/cafes-frankfurt-bockenheim\/#breadcrumb"},"inLanguage":"en-US","potentialAction":[{"@type":"ReadAction","target":["https:\/\/rhein-main-blog.de\/cafes-frankfurt-bockenheim\/"]}]},{"@type":"ImageObject","inLanguage":"en-US","@id":"https:\/\/rhein-main-blog.de\/cafes-frankfurt-bockenheim\/#primaryimage","url":"https:\/\/rhein-main-blog.de\/wp-content\/uploads\/2021\/01\/Fridas-Cafe01.jpg","contentUrl":"https:\/\/rhein-main-blog.de\/wp-content\/uploads\/2021\/01\/Fridas-Cafe01.jpg","width":5965,"height":3977,"caption":"Fridas Cafe Frankfurt Bockenheim"},{"@type":"BreadcrumbList","@id":"https:\/\/rhein-main-blog.de\/cafes-frankfurt-bockenheim\/#breadcrumb","itemListElement":[{"@type":"ListItem","position":1,"name":"Startseite","item":"https:\/\/rhein-main-blog.de\/"},{"@type":"ListItem","position":2,"name":"#supportyourlocals &#8211; 3 Lieblingscaf\u00e9s in Frankfurt-Bockenheim"}]},{"@type":"WebSite","@id":"https:\/\/rhein-main-blog.de\/#website","url":"https:\/\/rhein-main-blog.de\/","name":"Rhein-Main-Blog","description":"Die sch\u00f6nsten Ausflugsziele und Tipps f\u00fcr das Rhein-Main-Gebiet","publisher":{"@id":"https:\/\/rhein-main-blog.de\/#organization"},"potentialAction":[{"@type":"SearchAction","target":{"@type":"EntryPoint","urlTemplate":"https:\/\/rhein-main-blog.de\/?s={search_term_string}"},"query-input":{"@type":"PropertyValueSpecification","valueRequired":true,"valueName":"search_term_string"}}],"inLanguage":"en-US"},{"@type":"Organization","@id":"https:\/\/rhein-main-blog.de\/#organization","name":"Rhein-Main-Blog","url":"https:\/\/rhein-main-blog.de\/","logo":{"@type":"ImageObject","inLanguage":"en-US","@id":"https:\/\/rhein-main-blog.de\/#\/schema\/logo\/image\/","url":"https:\/\/rhein-main-blog.de\/wp-content\/uploads\/2020\/04\/cropped-Rhein-Main-Blog-Header-Sarah-Waltinger-1-2.png","contentUrl":"https:\/\/rhein-main-blog.de\/wp-content\/uploads\/2020\/04\/cropped-Rhein-Main-Blog-Header-Sarah-Waltinger-1-2.png","width":512,"height":512,"caption":"Rhein-Main-Blog"},"image":{"@id":"https:\/\/rhein-main-blog.de\/#\/schema\/logo\/image\/"},"sameAs":["https:\/\/www.pinterest.de\/rheinmainblog\/"]},{"@type":"Person","@id":"https:\/\/rhein-main-blog.de\/#\/schema\/person\/ce1275bcdc476c205d78d9c932769e5c","name":"Sarah","image":{"@type":"ImageObject","inLanguage":"en-US","@id":"https:\/\/rhein-main-blog.de\/wp-content\/uploads\/2020\/11\/Sarah-Waltinger-Itchy-Feet-Blog-Mainz02-e1622966870914-150x150.jpg","url":"https:\/\/rhein-main-blog.de\/wp-content\/uploads\/2020\/11\/Sarah-Waltinger-Itchy-Feet-Blog-Mainz02-e1622966870914-150x150.jpg","contentUrl":"https:\/\/rhein-main-blog.de\/wp-content\/uploads\/2020\/11\/Sarah-Waltinger-Itchy-Feet-Blog-Mainz02-e1622966870914-150x150.jpg","caption":"Sarah"},"description":"Mainzerin Sarah ist die Gr\u00fcnderin des Rhein-Main-Blogs und auch nach 30 Jahren gl\u00fccklich die sch\u00f6ne Stadt am Rhein ihr Zuhause nennen zu d\u00fcrfen. Wenn sie nicht gerade im Homeoffice arbeitet oder die Welt bereist, trifft sie sich mit Freunden im Lieblingscaf\u00e9, schlendert \u00fcber Wochenm\u00e4rkte und unternimmt Erkundungen in der Natur.","sameAs":["https:\/\/itchyfeet-travel.de\/","https:\/\/www.instagram.com\/itchy.feet.blog\/"],"url":"https:\/\/rhein-main-blog.de\/en\/author\/sarah\/"}]}},"_links":{"self":[{"href":"https:\/\/rhein-main-blog.de\/en\/wp-json\/wp\/v2\/posts\/1792","targetHints":{"allow":["GET"]}}],"collection":[{"href":"https:\/\/rhein-main-blog.de\/en\/wp-json\/wp\/v2\/posts"}],"about":[{"href":"https:\/\/rhein-main-blog.de\/en\/wp-json\/wp\/v2\/types\/post"}],"author":[{"embeddable":true,"href":"https:\/\/rhein-main-blog.de\/en\/wp-json\/wp\/v2\/users\/2"}],"replies":[{"embeddable":true,"href":"https:\/\/rhein-main-blog.de\/en\/wp-json\/wp\/v2\/comments?post=1792"}],"version-history":[{"count":8,"href":"https:\/\/rhein-main-blog.de\/en\/wp-json\/wp\/v2\/posts\/1792\/revisions"}],"predecessor-version":[{"id":1815,"href":"https:\/\/rhein-main-blog.de\/en\/wp-json\/wp\/v2\/posts\/1792\/revisions\/1815"}],"wp:featuredmedia":[{"embeddable":true,"href":"https:\/\/rhein-main-blog.de\/en\/wp-json\/wp\/v2\/media\/1797"}],"wp:attachment":[{"href":"https:\/\/rhein-main-blog.de\/en\/wp-json\/wp\/v2\/media?parent=1792"}],"wp:term":[{"taxonomy":"category","embeddable":true,"href":"https:\/\/rhein-main-blog.de\/en\/wp-json\/wp\/v2\/categories?post=1792"},{"taxonomy":"post_tag","embeddable":true,"href":"https:\/\/rhein-main-blog.de\/en\/wp-json\/wp\/v2\/tags?post=1792"}],"curies":[{"name":"wp","href":"https:\/\/api.w.org\/{rel}","templated":true}]}}