{"id":1903,"date":"2021-03-10T16:12:22","date_gmt":"2021-03-10T15:12:22","guid":{"rendered":"https:\/\/rhein-main-blog.de\/?p=1903"},"modified":"2022-01-04T16:45:03","modified_gmt":"2022-01-04T15:45:03","slug":"parks-frankfurt","status":"publish","type":"post","link":"https:\/\/rhein-main-blog.de\/en\/parks-frankfurt\/","title":{"rendered":"Parks in Frankfurt am Main: 5 Green Spaces &#038; Ruheorte"},"content":{"rendered":"<p class=\"wp-block-paragraph\">Fr\u00fchjahrsenergie schwebt in der Luft und wir k\u00f6nnen beobachten wie die Natur aus ihrem Winterschlaf erwacht. Versp\u00fcrt ihr auch die Lust ins Gr\u00fcne hinaus zu gehen? Wir k\u00f6nnen es gar nicht mehr abwarten in den sch\u00f6nen Parks in Frankfurt am Main zu picknicken, drau\u00dfen ein gutes Buch zu lesen oder nach einem Arbeitstag die letzten Sonnenstrahlen zu genie\u00dfen. Zeit im Gr\u00fcnen st\u00e4rkt nicht nur unser Immunsystem, sondern reduziert Stress und l\u00e4sst uns zufriedener werden.<\/p>\n\n\n\n<p class=\"wp-block-paragraph\">Auf den ersten Blick mag Frankfurt schon mal grau und trist wirken, doch tats\u00e4chlich ist es eine sehr gr\u00fcne Stadt: Alleine ein Drittel des Stadtgebietes besteht aus dem Frankfurter Gr\u00fcng\u00fcrtel, der sich um die Mainmetropole schl\u00e4ngelt. In diesem Artikel findest du f\u00fcnf Green Spaces und wundervolle Ruheorte in Frankfurt.<\/p>\n\n\n\n<h2 class=\"wp-block-heading\">Parks in Frankfurt zum Entspannen und Kraft tanken<\/h2>\n\n\n\n<p class=\"wp-block-paragraph\">Auf der Karte findest du einen \u00dcberblick, wo du die Parks und Gr\u00fcnanlagen in Frankfurt am Main findest.<\/p>\n\n\n\n<iframe loading=\"lazy\" src=\"https:\/\/www.google.com\/maps\/d\/u\/0\/embed?mid=1SurCwWcQhIWzPRK19INmoJv30bSol77w\" width=\"640\" height=\"480\"><\/iframe>\n\n\n\n<h2 class=\"wp-block-heading\">1. Gr\u00fcneburgpark<\/h2>\n\n\n\n<p class=\"wp-block-paragraph\">Im Frankfurter Westend befindet sich der drittgr\u00f6\u00dfte Park in Frankfurt. Die Atmosph\u00e4re ist hier eine ganz besondere, denn der Gr\u00fcneburgpark ist umgeben von eindrucksvollen Stadtvillen und dem renommierten Uni Campus Westend. Weite Liegewiesen, gepflegte Kieswege und kulissenhafte Baumgruppen locken t\u00e4glich zum Spazieren, Joggen oder Verweilen ein.<br>Ab und zu blitzt die Skyline zwischen den Bl\u00e4ttern hervor und es f\u00fchlt sich ein kleines bisschen so an, als w\u00e4re man im Central Park in New York \u2013 nicht ohne Grund ist Frankfurt auch als \u201cMainhatten\u201c bekannt.<\/p>\n\n\n\n<p class=\"wp-block-paragraph\">Einst wurde hier ein pr\u00e4chtiger Landschaftsgarten im Besitz der Familie Rothschild gestaltet. Der Name stammt tats\u00e4chlich von der nicht mehr vorhandenen \u201eGr\u00fcneburg\u201c. Im ehemaligen Sch\u00f6nhof-Pavillon von 1820 befindet sich heute das Park-Caf\u00e9. Bei sch\u00f6nem Wetter \u00f6ffnet es seine T\u00fcren und alle Sonnenhungrigen k\u00f6nnen sich st\u00e4rken.<\/p>\n\n\n\n<figure class=\"wp-block-image size-large\"><img loading=\"lazy\" decoding=\"async\" width=\"800\" height=\"533\" src=\"https:\/\/rhein-main-blog.de\/wp-content\/uploads\/2021\/03\/Parks-Frankfurt-16.jpg\" alt=\"Gr\u00fcneburgpark in Frankfurt am Main\" class=\"wp-image-1924\" srcset=\"https:\/\/rhein-main-blog.de\/wp-content\/uploads\/2021\/03\/Parks-Frankfurt-16.jpg 800w, https:\/\/rhein-main-blog.de\/wp-content\/uploads\/2021\/03\/Parks-Frankfurt-16-300x200.jpg 300w, https:\/\/rhein-main-blog.de\/wp-content\/uploads\/2021\/03\/Parks-Frankfurt-16-768x512.jpg 768w, https:\/\/rhein-main-blog.de\/wp-content\/uploads\/2021\/03\/Parks-Frankfurt-16-660x440.jpg 660w, https:\/\/rhein-main-blog.de\/wp-content\/uploads\/2021\/03\/Parks-Frankfurt-16-373x248.jpg 373w\" sizes=\"auto, (max-width: 800px) 100vw, 800px\" \/><\/figure>\n\n\n\n<figure class=\"wp-block-image size-large\"><img loading=\"lazy\" decoding=\"async\" width=\"683\" height=\"1024\" src=\"https:\/\/rhein-main-blog.de\/wp-content\/uploads\/2021\/03\/Parks-Frankfurt-13-683x1024.jpg\" alt=\"Gr\u00fcneburgpark mit Fernsehturm in Frankfurt am Main\" class=\"wp-image-1921\" srcset=\"https:\/\/rhein-main-blog.de\/wp-content\/uploads\/2021\/03\/Parks-Frankfurt-13-683x1024.jpg 683w, https:\/\/rhein-main-blog.de\/wp-content\/uploads\/2021\/03\/Parks-Frankfurt-13-200x300.jpg 200w, https:\/\/rhein-main-blog.de\/wp-content\/uploads\/2021\/03\/Parks-Frankfurt-13-768x1152.jpg 768w, https:\/\/rhein-main-blog.de\/wp-content\/uploads\/2021\/03\/Parks-Frankfurt-13-660x990.jpg 660w, https:\/\/rhein-main-blog.de\/wp-content\/uploads\/2021\/03\/Parks-Frankfurt-13-1000x1500.jpg 1000w, https:\/\/rhein-main-blog.de\/wp-content\/uploads\/2021\/03\/Parks-Frankfurt-13.jpg 1024w\" sizes=\"auto, (max-width: 683px) 100vw, 683px\" \/><\/figure>\n\n\n\n<figure class=\"wp-block-image size-large\"><img loading=\"lazy\" decoding=\"async\" width=\"1024\" height=\"683\" src=\"https:\/\/rhein-main-blog.de\/wp-content\/uploads\/2021\/03\/Parks-Frankfurt-15.jpg\" alt=\"Gr\u00fcneburgpark in Frankfurt am Main\" class=\"wp-image-1923\" srcset=\"https:\/\/rhein-main-blog.de\/wp-content\/uploads\/2021\/03\/Parks-Frankfurt-15.jpg 1024w, https:\/\/rhein-main-blog.de\/wp-content\/uploads\/2021\/03\/Parks-Frankfurt-15-300x200.jpg 300w, https:\/\/rhein-main-blog.de\/wp-content\/uploads\/2021\/03\/Parks-Frankfurt-15-768x512.jpg 768w, https:\/\/rhein-main-blog.de\/wp-content\/uploads\/2021\/03\/Parks-Frankfurt-15-660x440.jpg 660w, https:\/\/rhein-main-blog.de\/wp-content\/uploads\/2021\/03\/Parks-Frankfurt-15-1000x667.jpg 1000w, https:\/\/rhein-main-blog.de\/wp-content\/uploads\/2021\/03\/Parks-Frankfurt-15-373x248.jpg 373w\" sizes=\"auto, (max-width: 1024px) 100vw, 1024px\" \/><\/figure>\n\n\n\n<p class=\"wp-block-paragraph\">Ein Ausflug zum Gr\u00fcneburgpark kann wunderbar mit einem Besuch im <a href=\"https:\/\/www.palmengarten.de\/de\/index.html\" target=\"_blank\" rel=\"noreferrer noopener\"><strong>Frankfurter Palmengarten<\/strong><\/a> verbunden werden. Unweit entfernt im S\u00fcden des Parks befindet sich der Eingang in der Siesmayerstra\u00dfe.<\/p>\n\n\n\n<h2 class=\"wp-block-heading\">2. Schwanheimer D\u00fcne<\/h2>\n\n\n\n<p class=\"wp-block-paragraph\">Die kleine Oase der Ruhe und Natur liegt etwas versteckt im Stadtteil Schwanheim. Ein entspannter Ausflug zu den D\u00fcnen ist perfekt, um dem Gro\u00dfstadtdschungel f\u00fcr ein paar Stunden zu entfliehen. Es f\u00fchlt sich wie ein Kurzurlaub an. Weit und breit sind wei\u00dfer Sand und Kiefernb\u00e4ume zu sehen, die an ein warmes Meerk\u00fcstengebiet erinnern. F\u00fcr noch mehr Urlaubsfeeling sorgen kleine Seen und idyllische Streuobstwiesen in der Ferne.<\/p>\n\n\n\n<figure class=\"wp-block-image size-large\"><img loading=\"lazy\" decoding=\"async\" width=\"1024\" height=\"682\" src=\"https:\/\/rhein-main-blog.de\/wp-content\/uploads\/2021\/03\/Parks-Frankfurt-08-1024x682.jpg\" alt=\"Schwanheimer D\u00fcne zum Sonnenuntergang in Frankfurt am main\" class=\"wp-image-1926\" srcset=\"https:\/\/rhein-main-blog.de\/wp-content\/uploads\/2021\/03\/Parks-Frankfurt-08-1024x682.jpg 1024w, https:\/\/rhein-main-blog.de\/wp-content\/uploads\/2021\/03\/Parks-Frankfurt-08-300x200.jpg 300w, https:\/\/rhein-main-blog.de\/wp-content\/uploads\/2021\/03\/Parks-Frankfurt-08-768x512.jpg 768w, https:\/\/rhein-main-blog.de\/wp-content\/uploads\/2021\/03\/Parks-Frankfurt-08-660x440.jpg 660w, https:\/\/rhein-main-blog.de\/wp-content\/uploads\/2021\/03\/Parks-Frankfurt-08-1000x666.jpg 1000w, https:\/\/rhein-main-blog.de\/wp-content\/uploads\/2021\/03\/Parks-Frankfurt-08-373x248.jpg 373w, https:\/\/rhein-main-blog.de\/wp-content\/uploads\/2021\/03\/Parks-Frankfurt-08.jpg 1280w\" sizes=\"auto, (max-width: 1024px) 100vw, 1024px\" \/><\/figure>\n\n\n\n<figure class=\"wp-block-image size-large\"><img loading=\"lazy\" decoding=\"async\" width=\"683\" height=\"1024\" src=\"https:\/\/rhein-main-blog.de\/wp-content\/uploads\/2021\/03\/Parks-Frankfurt-07-683x1024.jpg\" alt=\"Schwanheimer D\u00fcne zum Sonnenuntergang in Frankfurt am main\" class=\"wp-image-1925\" srcset=\"https:\/\/rhein-main-blog.de\/wp-content\/uploads\/2021\/03\/Parks-Frankfurt-07-683x1024.jpg 683w, https:\/\/rhein-main-blog.de\/wp-content\/uploads\/2021\/03\/Parks-Frankfurt-07-200x300.jpg 200w, https:\/\/rhein-main-blog.de\/wp-content\/uploads\/2021\/03\/Parks-Frankfurt-07-768x1152.jpg 768w, https:\/\/rhein-main-blog.de\/wp-content\/uploads\/2021\/03\/Parks-Frankfurt-07-660x990.jpg 660w, https:\/\/rhein-main-blog.de\/wp-content\/uploads\/2021\/03\/Parks-Frankfurt-07-1000x1500.jpg 1000w, https:\/\/rhein-main-blog.de\/wp-content\/uploads\/2021\/03\/Parks-Frankfurt-07.jpg 1024w\" sizes=\"auto, (max-width: 683px) 100vw, 683px\" \/><\/figure>\n\n\n\n<figure class=\"wp-block-image size-large\"><img loading=\"lazy\" decoding=\"async\" width=\"1024\" height=\"683\" src=\"https:\/\/rhein-main-blog.de\/wp-content\/uploads\/2021\/03\/Parks-Frankfurt-12.jpg\" alt=\"Schwanheimer D\u00fcne zum Sonnenuntergang in Frankfurt am main\" class=\"wp-image-1927\" srcset=\"https:\/\/rhein-main-blog.de\/wp-content\/uploads\/2021\/03\/Parks-Frankfurt-12.jpg 1024w, https:\/\/rhein-main-blog.de\/wp-content\/uploads\/2021\/03\/Parks-Frankfurt-12-300x200.jpg 300w, https:\/\/rhein-main-blog.de\/wp-content\/uploads\/2021\/03\/Parks-Frankfurt-12-768x512.jpg 768w, https:\/\/rhein-main-blog.de\/wp-content\/uploads\/2021\/03\/Parks-Frankfurt-12-660x440.jpg 660w, https:\/\/rhein-main-blog.de\/wp-content\/uploads\/2021\/03\/Parks-Frankfurt-12-1000x667.jpg 1000w, https:\/\/rhein-main-blog.de\/wp-content\/uploads\/2021\/03\/Parks-Frankfurt-12-373x248.jpg 373w\" sizes=\"auto, (max-width: 1024px) 100vw, 1024px\" \/><\/figure>\n\n\n\n<p class=\"wp-block-paragraph\">Durch das Naturschutzgebiet f\u00fchrt ein h\u00f6lzerner Bohlenweg, um den Lebensraum der sensiblen Tiere und Pflanzenarten zu besch\u00fctzen. Entstanden sind die Schwanheimer D\u00fcnen in der letzten Eiszeit vor 10.000 Jahren. Auf kleinen Holztafeln k\u00f6nnt ihr mehr \u00fcber die Besonderheit der seltenen Oase lernen.<\/p>\n\n\n\n<blockquote class=\"wp-block-quote is-layout-flow wp-block-quote-is-layout-flow\"><p>Bleibe immer up to date und folge Rhein-Main-Blog auf <a href=\"https:\/\/www.instagram.com\/rhein_main_blog\/?hl=de\"><strong>Instagram<\/strong><\/a>, <a href=\"https:\/\/www.facebook.com\/rheinmainblog\/?modal=admin_todo_tour\"><strong>Facebook <\/strong><\/a>und <a href=\"https:\/\/www.pinterest.de\/rheinmainblog\/\"><strong>Pinterest<\/strong><\/a>. Du bist auch auf Pinterest aktiv und hast Lust mitzupinnen? Dann schau mal <a href=\"https:\/\/www.pinterest.de\/sarahitchyfeet\/eskapaden-rhein-main-ausflugstipps-und-miniurlaub-\/\"><strong>hier<\/strong><\/a>, auf unserem Gruppenboard f\u00fcr das Rhein-Main-Gebiet, vorbei.<\/p><\/blockquote>\n\n\n\n<h2 class=\"wp-block-heading\">3. Lohrberg<\/h2>\n\n\n\n<p class=\"wp-block-paragraph\">Traumhafte Aussichten \u00fcber Frankfurt und das angrenzende Umland lassen sich vom Lohrberg im n\u00f6rdlichen Stadtteil Seckbach bestaunen. Mit 185 Meter H\u00f6he gilt er auch als Hausberg von Frankfurt und ist der einzig verbliebene Weinberg innerhalb der Stadt. Die weiten Blicke laden ein, die Seele baumeln zu lassen und einfach mal abzuschalten. An warmen Tagen sammeln sich hier Gruppen gerne zum Picknicken am Hang oder an einer der zahlreichen Grillstellen.<\/p>\n\n\n\n<figure class=\"wp-block-image size-large\"><img loading=\"lazy\" decoding=\"async\" width=\"683\" height=\"1024\" src=\"https:\/\/rhein-main-blog.de\/wp-content\/uploads\/2021\/03\/Parks-Frankfurt-05-683x1024.jpg\" alt=\"Lohrberg und Lohrpark in Frankfurt am Main\" class=\"wp-image-1929\" srcset=\"https:\/\/rhein-main-blog.de\/wp-content\/uploads\/2021\/03\/Parks-Frankfurt-05-683x1024.jpg 683w, https:\/\/rhein-main-blog.de\/wp-content\/uploads\/2021\/03\/Parks-Frankfurt-05-200x300.jpg 200w, https:\/\/rhein-main-blog.de\/wp-content\/uploads\/2021\/03\/Parks-Frankfurt-05-768x1152.jpg 768w, https:\/\/rhein-main-blog.de\/wp-content\/uploads\/2021\/03\/Parks-Frankfurt-05-660x990.jpg 660w, https:\/\/rhein-main-blog.de\/wp-content\/uploads\/2021\/03\/Parks-Frankfurt-05-1000x1500.jpg 1000w, https:\/\/rhein-main-blog.de\/wp-content\/uploads\/2021\/03\/Parks-Frankfurt-05.jpg 1024w\" sizes=\"auto, (max-width: 683px) 100vw, 683px\" \/><\/figure>\n\n\n\n<figure class=\"wp-block-image size-large\"><img loading=\"lazy\" decoding=\"async\" width=\"1024\" height=\"683\" src=\"https:\/\/rhein-main-blog.de\/wp-content\/uploads\/2021\/03\/Parks-Frankfurt-02.jpg\" alt=\"Lohrberg und Lohrpark in Frankfurt am Main\" class=\"wp-image-1928\" srcset=\"https:\/\/rhein-main-blog.de\/wp-content\/uploads\/2021\/03\/Parks-Frankfurt-02.jpg 1024w, https:\/\/rhein-main-blog.de\/wp-content\/uploads\/2021\/03\/Parks-Frankfurt-02-300x200.jpg 300w, https:\/\/rhein-main-blog.de\/wp-content\/uploads\/2021\/03\/Parks-Frankfurt-02-768x512.jpg 768w, https:\/\/rhein-main-blog.de\/wp-content\/uploads\/2021\/03\/Parks-Frankfurt-02-660x440.jpg 660w, https:\/\/rhein-main-blog.de\/wp-content\/uploads\/2021\/03\/Parks-Frankfurt-02-1000x667.jpg 1000w, https:\/\/rhein-main-blog.de\/wp-content\/uploads\/2021\/03\/Parks-Frankfurt-02-373x248.jpg 373w\" sizes=\"auto, (max-width: 1024px) 100vw, 1024px\" \/><\/figure>\n\n\n\n<p class=\"wp-block-paragraph\">Ein traditioneller Treffpunkt ist auch die <a href=\"https:\/\/www.lohrberg-schaenke.de\/\" target=\"_blank\" rel=\"noreferrer noopener\"><strong>Lohrberg-Sch\u00e4nke<\/strong><\/a> mit Biergarten. Auf der Speisekarte gibt es unter anderem Frankfurter Spezialit\u00e4ten, hessische Klassiker und nat\u00fcrlich lokalen Apfelwein. Wenn ihr Lust habt auf frisches Obst, schaut auf der anderen Seite des Bergs beim Streuobstzentrum <a href=\"http:\/\/www.mainaeppelhauslohrberg.de\/index.php\" target=\"_blank\" rel=\"noreferrer noopener\"><strong>Main\u00c4ppelHaus<\/strong><\/a> vorbei. Im Hofladen werden je nach Saison 70 verschiedene Apfelsorten angeboten sowie selbstgemachte Leckereien.<\/p>\n\n\n\n<blockquote class=\"wp-block-quote is-layout-flow wp-block-quote-is-layout-flow\"><p>Vielleicht interessiert sich auch:<strong> <a href=\"https:\/\/rhein-main-blog.de\/en\/botanischer-garten-frankfurt\/\" target=\"_blank\" rel=\"noreferrer noopener\">Botanischer Garten Frankfurt &#8211; die kleine Schwester des Palmengartens<\/a><\/strong><\/p><\/blockquote>\n\n\n\n<h2 class=\"wp-block-heading\">4. Holzhausenpark<\/h2>\n\n\n\n<p class=\"wp-block-paragraph\">Der eher kleinere Holzhausenpark ist besonders bei Kindern beliebt. Auf den gr\u00fcnen Spielwiesen und Kletterger\u00fcsten vergn\u00fcgt man sich nur allzu gerne. Eine alte Kastanienallee f\u00fchrt vom Oeder Weg in den lebhaften Park und kreiert eine vertr\u00e4umte Atmosph\u00e4re. Hierzu tr\u00e4gt sicherlich auch das charmante Wasserschloss bei, dessen Geschichte bis ins Mittelalter zur\u00fcck reicht.<\/p>\n\n\n\n<figure class=\"wp-block-image size-large\"><img loading=\"lazy\" decoding=\"async\" width=\"1024\" height=\"683\" src=\"https:\/\/rhein-main-blog.de\/wp-content\/uploads\/2021\/03\/Parks-Frankfurt-17.jpg\" alt=\"Holzhausenpark in Frankfurt am Main\" class=\"wp-image-1930\" srcset=\"https:\/\/rhein-main-blog.de\/wp-content\/uploads\/2021\/03\/Parks-Frankfurt-17.jpg 1024w, https:\/\/rhein-main-blog.de\/wp-content\/uploads\/2021\/03\/Parks-Frankfurt-17-300x200.jpg 300w, https:\/\/rhein-main-blog.de\/wp-content\/uploads\/2021\/03\/Parks-Frankfurt-17-768x512.jpg 768w, https:\/\/rhein-main-blog.de\/wp-content\/uploads\/2021\/03\/Parks-Frankfurt-17-660x440.jpg 660w, https:\/\/rhein-main-blog.de\/wp-content\/uploads\/2021\/03\/Parks-Frankfurt-17-1000x667.jpg 1000w, https:\/\/rhein-main-blog.de\/wp-content\/uploads\/2021\/03\/Parks-Frankfurt-17-373x248.jpg 373w\" sizes=\"auto, (max-width: 1024px) 100vw, 1024px\" \/><\/figure>\n\n\n\n<p class=\"wp-block-paragraph\">Heute ist das Holzhausenschl\u00f6sschen im Besitz der Frankfurter B\u00fcrgerstiftung und begr\u00fc\u00dft \u00f6ffentliches Publikum zu einer Reihe an Veranstaltungen in Kulisse einer der sch\u00f6nsten Parks in Frankfurt!<\/p>\n\n\n\n<h2 class=\"wp-block-heading\">5. Frankfurter Stadtwald<\/h2>\n\n\n\n<p class=\"wp-block-paragraph\">Ein Klassiker unter den Frankfurtern ist der Stadtwald im S\u00fcden. Wer Entspannung sucht und einmal so richtig Luft holen m\u00f6chte, ist hier genau richtig. Mit rund 5.000 Hektar Fl\u00e4che ist er der gr\u00f6\u00dfte innerst\u00e4dtische Wald Deutschlands und bietet viel Platz zum Radfahren, Joggen und f\u00fcr ausgiebige Spazierg\u00e4nge. Unter Pferdeliebhabern ist der 80km lange Reitweg bestimmt kein Geheimnis mehr.<\/p>\n\n\n\n<p class=\"wp-block-paragraph\">Inmitten des Stadtwalds liegt der ruhige Jacobiweiher. Ein Zuhause f\u00fcr zahlreiche Vogelarten und wer genau hinschaut kann an manchen Tagen sogar Schildkr\u00f6ten entdecken, die wohl von privaten Haltern ausgesetzt wurden. Ein beliebtes Ausflugslokal f\u00fcr Familien und Freunde ist die <a href=\"https:\/\/oberschweinstiege-frankfurt.de\/\" target=\"_blank\" rel=\"noreferrer noopener\"><strong>Oberschweinstiege<\/strong><\/a>, eines der bekanntesten Gasth\u00e4user in Frankfurt. \u201eL\u00e4ndlich Lecker\u201c lautet hier das Motto und kombiniert werden regionale Produkte mit Zubereitungsformen aus aller Welt.<\/p>\n\n\n\n<figure class=\"wp-block-image size-large\"><img loading=\"lazy\" decoding=\"async\" width=\"1024\" height=\"683\" src=\"https:\/\/rhein-main-blog.de\/wp-content\/uploads\/2021\/03\/Parks-Frankfurt-22.jpg\" alt=\"Stadtwald Frankfurt\" class=\"wp-image-1932\" srcset=\"https:\/\/rhein-main-blog.de\/wp-content\/uploads\/2021\/03\/Parks-Frankfurt-22.jpg 1024w, https:\/\/rhein-main-blog.de\/wp-content\/uploads\/2021\/03\/Parks-Frankfurt-22-300x200.jpg 300w, https:\/\/rhein-main-blog.de\/wp-content\/uploads\/2021\/03\/Parks-Frankfurt-22-768x512.jpg 768w, https:\/\/rhein-main-blog.de\/wp-content\/uploads\/2021\/03\/Parks-Frankfurt-22-660x440.jpg 660w, https:\/\/rhein-main-blog.de\/wp-content\/uploads\/2021\/03\/Parks-Frankfurt-22-1000x667.jpg 1000w, https:\/\/rhein-main-blog.de\/wp-content\/uploads\/2021\/03\/Parks-Frankfurt-22-373x248.jpg 373w\" sizes=\"auto, (max-width: 1024px) 100vw, 1024px\" \/><\/figure>\n\n\n\n<figure class=\"wp-block-image size-large\"><img loading=\"lazy\" decoding=\"async\" width=\"1024\" height=\"683\" src=\"https:\/\/rhein-main-blog.de\/wp-content\/uploads\/2021\/03\/Parks-Frankfurt-20.jpg\" alt=\"Stadtwald Frankfurt\" class=\"wp-image-1931\" srcset=\"https:\/\/rhein-main-blog.de\/wp-content\/uploads\/2021\/03\/Parks-Frankfurt-20.jpg 1024w, https:\/\/rhein-main-blog.de\/wp-content\/uploads\/2021\/03\/Parks-Frankfurt-20-300x200.jpg 300w, https:\/\/rhein-main-blog.de\/wp-content\/uploads\/2021\/03\/Parks-Frankfurt-20-768x512.jpg 768w, https:\/\/rhein-main-blog.de\/wp-content\/uploads\/2021\/03\/Parks-Frankfurt-20-660x440.jpg 660w, https:\/\/rhein-main-blog.de\/wp-content\/uploads\/2021\/03\/Parks-Frankfurt-20-1000x667.jpg 1000w, https:\/\/rhein-main-blog.de\/wp-content\/uploads\/2021\/03\/Parks-Frankfurt-20-373x248.jpg 373w\" sizes=\"auto, (max-width: 1024px) 100vw, 1024px\" \/><\/figure>\n\n\n\n<figure class=\"wp-block-image size-large\"><img loading=\"lazy\" decoding=\"async\" width=\"1024\" height=\"683\" src=\"https:\/\/rhein-main-blog.de\/wp-content\/uploads\/2021\/03\/Parks-Frankfurt-23.jpg\" alt=\"Stadtwald Frankfurt\" class=\"wp-image-1933\" srcset=\"https:\/\/rhein-main-blog.de\/wp-content\/uploads\/2021\/03\/Parks-Frankfurt-23.jpg 1024w, https:\/\/rhein-main-blog.de\/wp-content\/uploads\/2021\/03\/Parks-Frankfurt-23-300x200.jpg 300w, https:\/\/rhein-main-blog.de\/wp-content\/uploads\/2021\/03\/Parks-Frankfurt-23-768x512.jpg 768w, https:\/\/rhein-main-blog.de\/wp-content\/uploads\/2021\/03\/Parks-Frankfurt-23-660x440.jpg 660w, https:\/\/rhein-main-blog.de\/wp-content\/uploads\/2021\/03\/Parks-Frankfurt-23-1000x667.jpg 1000w, https:\/\/rhein-main-blog.de\/wp-content\/uploads\/2021\/03\/Parks-Frankfurt-23-373x248.jpg 373w\" sizes=\"auto, (max-width: 1024px) 100vw, 1024px\" \/><\/figure>\n\n\n\n<p class=\"wp-block-paragraph\">Einmal im Jahr wird der Stadtwald mit einem besonderen Fest geehrt, dem \u201eW\u00e4ldchestag\u201c oder auch bekannt als \u201eFrankfurts Nationalfeiertag\u201c. Schon seit dem 18. Jahrhundert str\u00f6men die B\u00fcrger am Dienstag nach Pfingsten in ihren Stadtwald, um das Volksfest zu feiern. Lange Zeit waren am Nachmittag sogar die Frankfurter Gesch\u00e4fte geschlossen und bis heute stellen einige Unternehmen ihre Mitarbeiter*innen f\u00fcr diesen besonderen Tag frei.<\/p>\n\n\n\n<p class=\"wp-block-paragraph\">Ein weiteres gr\u00fcnes Fleckchen und wahrhaftiges Blumenparadies ist der Bethmannpark in der Frankfurter Stadtmitte. Einige Impressionen findet ihr im Artikel zu den f\u00fcnf <a href=\"https:\/\/rhein-main-blog.de\/en\/ausflugsziele-fruehling-rhein-main-gebiet\/\" target=\"_blank\" rel=\"noreferrer noopener\"><strong>fr\u00fchlingshaften Ausflugszielen im Rhein-Main-Gebiet<\/strong><\/a>.<\/p>\n\n\n\n<h4 class=\"wp-block-heading\">Mehr Tipps f\u00fcr Frankfurt am Main findest du <a href=\"https:\/\/rhein-main-blog.de\/en\/category\/frankfurt\/\" target=\"_blank\" rel=\"noreferrer noopener\"><strong>hier<\/strong><\/a>.<\/h4>\n\n\n\n<p class=\"wp-block-paragraph\"><\/p>","protected":false},"excerpt":{"rendered":"<p>Fr\u00fchjahrsenergie schwebt in der Luft und wir k\u00f6nnen beobachten wie die Natur aus ihrem Winterschlaf erwacht. Versp\u00fcrt ihr auch die Lust ins Gr\u00fcne hinaus zu gehen? Wir k\u00f6nnen es gar&hellip; <a class=\"excerpt-more-link\" href=\"https:\/\/rhein-main-blog.de\/en\/parks-frankfurt\/\">Read More<\/a><\/p>","protected":false},"author":2,"featured_media":1918,"comment_status":"open","ping_status":"open","sticky":false,"template":"","format":"standard","meta":{"footnotes":""},"categories":[9,24,29],"tags":[7],"class_list":["post-1903","post","type-post","status-publish","format-standard","has-post-thumbnail","hentry","category-frankfurt","category-outdoor","category-spazieren","tag-frankfurt"],"yoast_head":"<!-- This site is optimized with the Yoast SEO plugin v28.1 - https:\/\/yoast.com\/product\/yoast-seo-wordpress\/ -->\n<title>Parks in Frankfurt am Main: 5 Green Spaces &amp; Ruheorte - Rhein-Main-Blog<\/title>\n<meta name=\"description\" content=\"So Gr\u00fcn ist Mainhattan. 5 sch\u00f6ne Parks in Frankfurt am Main zum Entspannen und Kraft tanken findest du hier. Die Lieblinge der Redaktion!\" \/>\n<meta name=\"robots\" content=\"index, follow, max-snippet:-1, max-image-preview:large, max-video-preview:-1\" \/>\n<link rel=\"canonical\" href=\"https:\/\/rhein-main-blog.de\/en\/parks-frankfurt\/\" \/>\n<meta property=\"og:locale\" content=\"en_US\" \/>\n<meta property=\"og:type\" content=\"article\" \/>\n<meta property=\"og:title\" content=\"Parks in Frankfurt am Main: 5 Green Spaces &amp; Ruheorte - Rhein-Main-Blog\" \/>\n<meta property=\"og:description\" content=\"So Gr\u00fcn ist Mainhattan. 5 sch\u00f6ne Parks in Frankfurt am Main zum Entspannen und Kraft tanken findest du hier. Die Lieblinge der Redaktion!\" \/>\n<meta property=\"og:url\" content=\"https:\/\/rhein-main-blog.de\/en\/parks-frankfurt\/\" \/>\n<meta property=\"og:site_name\" content=\"Rhein-Main-Blog\" \/>\n<meta property=\"article:published_time\" content=\"2021-03-10T15:12:22+00:00\" \/>\n<meta property=\"article:modified_time\" content=\"2022-01-04T15:45:03+00:00\" \/>\n<meta property=\"og:image\" content=\"https:\/\/rhein-main-blog.de\/wp-content\/uploads\/2021\/03\/Parks-Frankfurt-19.jpg\" \/>\n\t<meta property=\"og:image:width\" content=\"1280\" \/>\n\t<meta property=\"og:image:height\" content=\"853\" \/>\n\t<meta property=\"og:image:type\" content=\"image\/jpeg\" \/>\n<meta name=\"author\" content=\"Sarah\" \/>\n<meta name=\"twitter:card\" content=\"summary_large_image\" \/>\n<meta name=\"twitter:label1\" content=\"Written by\" \/>\n\t<meta name=\"twitter:data1\" content=\"Sarah\" \/>\n\t<meta name=\"twitter:label2\" content=\"Est. reading time\" \/>\n\t<meta name=\"twitter:data2\" content=\"8 minutes\" \/>\n<script type=\"application\/ld+json\" class=\"yoast-schema-graph\">{\"@context\":\"https:\\\/\\\/schema.org\",\"@graph\":[{\"@type\":\"Article\",\"@id\":\"https:\\\/\\\/rhein-main-blog.de\\\/parks-frankfurt\\\/#article\",\"isPartOf\":{\"@id\":\"https:\\\/\\\/rhein-main-blog.de\\\/parks-frankfurt\\\/\"},\"author\":{\"name\":\"Sarah\",\"@id\":\"https:\\\/\\\/rhein-main-blog.de\\\/#\\\/schema\\\/person\\\/ce1275bcdc476c205d78d9c932769e5c\"},\"headline\":\"Parks in Frankfurt am Main: 5 Green Spaces &#038; Ruheorte\",\"datePublished\":\"2021-03-10T15:12:22+00:00\",\"dateModified\":\"2022-01-04T15:45:03+00:00\",\"mainEntityOfPage\":{\"@id\":\"https:\\\/\\\/rhein-main-blog.de\\\/parks-frankfurt\\\/\"},\"wordCount\":980,\"commentCount\":1,\"publisher\":{\"@id\":\"https:\\\/\\\/rhein-main-blog.de\\\/#organization\"},\"image\":{\"@id\":\"https:\\\/\\\/rhein-main-blog.de\\\/parks-frankfurt\\\/#primaryimage\"},\"thumbnailUrl\":\"https:\\\/\\\/rhein-main-blog.de\\\/wp-content\\\/uploads\\\/2021\\\/03\\\/Parks-Frankfurt-19.jpg\",\"keywords\":[\"Frankfurt\"],\"articleSection\":[\"Frankfurt\",\"Outdoor\",\"Spazieren\"],\"inLanguage\":\"en-US\",\"potentialAction\":[{\"@type\":\"CommentAction\",\"name\":\"Comment\",\"target\":[\"https:\\\/\\\/rhein-main-blog.de\\\/parks-frankfurt\\\/#respond\"]}]},{\"@type\":\"WebPage\",\"@id\":\"https:\\\/\\\/rhein-main-blog.de\\\/parks-frankfurt\\\/\",\"url\":\"https:\\\/\\\/rhein-main-blog.de\\\/parks-frankfurt\\\/\",\"name\":\"Parks in Frankfurt am Main: 5 Green Spaces & Ruheorte - Rhein-Main-Blog\",\"isPartOf\":{\"@id\":\"https:\\\/\\\/rhein-main-blog.de\\\/#website\"},\"primaryImageOfPage\":{\"@id\":\"https:\\\/\\\/rhein-main-blog.de\\\/parks-frankfurt\\\/#primaryimage\"},\"image\":{\"@id\":\"https:\\\/\\\/rhein-main-blog.de\\\/parks-frankfurt\\\/#primaryimage\"},\"thumbnailUrl\":\"https:\\\/\\\/rhein-main-blog.de\\\/wp-content\\\/uploads\\\/2021\\\/03\\\/Parks-Frankfurt-19.jpg\",\"datePublished\":\"2021-03-10T15:12:22+00:00\",\"dateModified\":\"2022-01-04T15:45:03+00:00\",\"description\":\"So Gr\u00fcn ist Mainhattan. 5 sch\u00f6ne Parks in Frankfurt am Main zum Entspannen und Kraft tanken findest du hier. Die Lieblinge der Redaktion!\",\"breadcrumb\":{\"@id\":\"https:\\\/\\\/rhein-main-blog.de\\\/parks-frankfurt\\\/#breadcrumb\"},\"inLanguage\":\"en-US\",\"potentialAction\":[{\"@type\":\"ReadAction\",\"target\":[\"https:\\\/\\\/rhein-main-blog.de\\\/parks-frankfurt\\\/\"]}]},{\"@type\":\"ImageObject\",\"inLanguage\":\"en-US\",\"@id\":\"https:\\\/\\\/rhein-main-blog.de\\\/parks-frankfurt\\\/#primaryimage\",\"url\":\"https:\\\/\\\/rhein-main-blog.de\\\/wp-content\\\/uploads\\\/2021\\\/03\\\/Parks-Frankfurt-19.jpg\",\"contentUrl\":\"https:\\\/\\\/rhein-main-blog.de\\\/wp-content\\\/uploads\\\/2021\\\/03\\\/Parks-Frankfurt-19.jpg\",\"width\":1280,\"height\":853,\"caption\":\"Parks Frankfurt Blick vom Lohrpark auf die Frankfurter Skyline\"},{\"@type\":\"BreadcrumbList\",\"@id\":\"https:\\\/\\\/rhein-main-blog.de\\\/parks-frankfurt\\\/#breadcrumb\",\"itemListElement\":[{\"@type\":\"ListItem\",\"position\":1,\"name\":\"Startseite\",\"item\":\"https:\\\/\\\/rhein-main-blog.de\\\/\"},{\"@type\":\"ListItem\",\"position\":2,\"name\":\"Parks in Frankfurt am Main: 5 Green Spaces &#038; Ruheorte\"}]},{\"@type\":\"WebSite\",\"@id\":\"https:\\\/\\\/rhein-main-blog.de\\\/#website\",\"url\":\"https:\\\/\\\/rhein-main-blog.de\\\/\",\"name\":\"Rhein-Main-Blog\",\"description\":\"Die sch\u00f6nsten Ausflugsziele und Tipps f\u00fcr das Rhein-Main-Gebiet\",\"publisher\":{\"@id\":\"https:\\\/\\\/rhein-main-blog.de\\\/#organization\"},\"potentialAction\":[{\"@type\":\"SearchAction\",\"target\":{\"@type\":\"EntryPoint\",\"urlTemplate\":\"https:\\\/\\\/rhein-main-blog.de\\\/?s={search_term_string}\"},\"query-input\":{\"@type\":\"PropertyValueSpecification\",\"valueRequired\":true,\"valueName\":\"search_term_string\"}}],\"inLanguage\":\"en-US\"},{\"@type\":\"Organization\",\"@id\":\"https:\\\/\\\/rhein-main-blog.de\\\/#organization\",\"name\":\"Rhein-Main-Blog\",\"url\":\"https:\\\/\\\/rhein-main-blog.de\\\/\",\"logo\":{\"@type\":\"ImageObject\",\"inLanguage\":\"en-US\",\"@id\":\"https:\\\/\\\/rhein-main-blog.de\\\/#\\\/schema\\\/logo\\\/image\\\/\",\"url\":\"https:\\\/\\\/rhein-main-blog.de\\\/wp-content\\\/uploads\\\/2020\\\/04\\\/cropped-Rhein-Main-Blog-Header-Sarah-Waltinger-1-2.png\",\"contentUrl\":\"https:\\\/\\\/rhein-main-blog.de\\\/wp-content\\\/uploads\\\/2020\\\/04\\\/cropped-Rhein-Main-Blog-Header-Sarah-Waltinger-1-2.png\",\"width\":512,\"height\":512,\"caption\":\"Rhein-Main-Blog\"},\"image\":{\"@id\":\"https:\\\/\\\/rhein-main-blog.de\\\/#\\\/schema\\\/logo\\\/image\\\/\"},\"sameAs\":[\"https:\\\/\\\/www.pinterest.de\\\/rheinmainblog\\\/\"]},{\"@type\":\"Person\",\"@id\":\"https:\\\/\\\/rhein-main-blog.de\\\/#\\\/schema\\\/person\\\/ce1275bcdc476c205d78d9c932769e5c\",\"name\":\"Sarah\",\"image\":{\"@type\":\"ImageObject\",\"inLanguage\":\"en-US\",\"@id\":\"https:\\\/\\\/rhein-main-blog.de\\\/wp-content\\\/uploads\\\/2020\\\/11\\\/Sarah-Waltinger-Itchy-Feet-Blog-Mainz02-e1622966870914-150x150.jpg\",\"url\":\"https:\\\/\\\/rhein-main-blog.de\\\/wp-content\\\/uploads\\\/2020\\\/11\\\/Sarah-Waltinger-Itchy-Feet-Blog-Mainz02-e1622966870914-150x150.jpg\",\"contentUrl\":\"https:\\\/\\\/rhein-main-blog.de\\\/wp-content\\\/uploads\\\/2020\\\/11\\\/Sarah-Waltinger-Itchy-Feet-Blog-Mainz02-e1622966870914-150x150.jpg\",\"caption\":\"Sarah\"},\"description\":\"Mainzerin Sarah ist die Gr\u00fcnderin des Rhein-Main-Blogs und auch nach 30 Jahren gl\u00fccklich die sch\u00f6ne Stadt am Rhein ihr Zuhause nennen zu d\u00fcrfen. Wenn sie nicht gerade im Homeoffice arbeitet oder die Welt bereist, trifft sie sich mit Freunden im Lieblingscaf\u00e9, schlendert \u00fcber Wochenm\u00e4rkte und unternimmt Erkundungen in der Natur.\",\"sameAs\":[\"https:\\\/\\\/itchyfeet-travel.de\\\/\",\"https:\\\/\\\/www.instagram.com\\\/itchy.feet.blog\\\/\"],\"url\":\"https:\\\/\\\/rhein-main-blog.de\\\/en\\\/author\\\/sarah\\\/\"}]}<\/script>\n<!-- \/ Yoast SEO plugin. -->","yoast_head_json":{"title":"Parks in Frankfurt am Main: 5 Green Spaces & Ruheorte - Rhein-Main-Blog","description":"So Gr\u00fcn ist Mainhattan. 5 sch\u00f6ne Parks in Frankfurt am Main zum Entspannen und Kraft tanken findest du hier. Die Lieblinge der Redaktion!","robots":{"index":"index","follow":"follow","max-snippet":"max-snippet:-1","max-image-preview":"max-image-preview:large","max-video-preview":"max-video-preview:-1"},"canonical":"https:\/\/rhein-main-blog.de\/en\/parks-frankfurt\/","og_locale":"en_US","og_type":"article","og_title":"Parks in Frankfurt am Main: 5 Green Spaces & Ruheorte - Rhein-Main-Blog","og_description":"So Gr\u00fcn ist Mainhattan. 5 sch\u00f6ne Parks in Frankfurt am Main zum Entspannen und Kraft tanken findest du hier. Die Lieblinge der Redaktion!","og_url":"https:\/\/rhein-main-blog.de\/en\/parks-frankfurt\/","og_site_name":"Rhein-Main-Blog","article_published_time":"2021-03-10T15:12:22+00:00","article_modified_time":"2022-01-04T15:45:03+00:00","og_image":[{"width":1280,"height":853,"url":"https:\/\/rhein-main-blog.de\/wp-content\/uploads\/2021\/03\/Parks-Frankfurt-19.jpg","type":"image\/jpeg"}],"author":"Sarah","twitter_card":"summary_large_image","twitter_misc":{"Written by":"Sarah","Est. reading time":"8 minutes"},"schema":{"@context":"https:\/\/schema.org","@graph":[{"@type":"Article","@id":"https:\/\/rhein-main-blog.de\/parks-frankfurt\/#article","isPartOf":{"@id":"https:\/\/rhein-main-blog.de\/parks-frankfurt\/"},"author":{"name":"Sarah","@id":"https:\/\/rhein-main-blog.de\/#\/schema\/person\/ce1275bcdc476c205d78d9c932769e5c"},"headline":"Parks in Frankfurt am Main: 5 Green Spaces &#038; Ruheorte","datePublished":"2021-03-10T15:12:22+00:00","dateModified":"2022-01-04T15:45:03+00:00","mainEntityOfPage":{"@id":"https:\/\/rhein-main-blog.de\/parks-frankfurt\/"},"wordCount":980,"commentCount":1,"publisher":{"@id":"https:\/\/rhein-main-blog.de\/#organization"},"image":{"@id":"https:\/\/rhein-main-blog.de\/parks-frankfurt\/#primaryimage"},"thumbnailUrl":"https:\/\/rhein-main-blog.de\/wp-content\/uploads\/2021\/03\/Parks-Frankfurt-19.jpg","keywords":["Frankfurt"],"articleSection":["Frankfurt","Outdoor","Spazieren"],"inLanguage":"en-US","potentialAction":[{"@type":"CommentAction","name":"Comment","target":["https:\/\/rhein-main-blog.de\/parks-frankfurt\/#respond"]}]},{"@type":"WebPage","@id":"https:\/\/rhein-main-blog.de\/parks-frankfurt\/","url":"https:\/\/rhein-main-blog.de\/parks-frankfurt\/","name":"Parks in Frankfurt am Main: 5 Green Spaces & Ruheorte - Rhein-Main-Blog","isPartOf":{"@id":"https:\/\/rhein-main-blog.de\/#website"},"primaryImageOfPage":{"@id":"https:\/\/rhein-main-blog.de\/parks-frankfurt\/#primaryimage"},"image":{"@id":"https:\/\/rhein-main-blog.de\/parks-frankfurt\/#primaryimage"},"thumbnailUrl":"https:\/\/rhein-main-blog.de\/wp-content\/uploads\/2021\/03\/Parks-Frankfurt-19.jpg","datePublished":"2021-03-10T15:12:22+00:00","dateModified":"2022-01-04T15:45:03+00:00","description":"So Gr\u00fcn ist Mainhattan. 5 sch\u00f6ne Parks in Frankfurt am Main zum Entspannen und Kraft tanken findest du hier. Die Lieblinge der Redaktion!","breadcrumb":{"@id":"https:\/\/rhein-main-blog.de\/parks-frankfurt\/#breadcrumb"},"inLanguage":"en-US","potentialAction":[{"@type":"ReadAction","target":["https:\/\/rhein-main-blog.de\/parks-frankfurt\/"]}]},{"@type":"ImageObject","inLanguage":"en-US","@id":"https:\/\/rhein-main-blog.de\/parks-frankfurt\/#primaryimage","url":"https:\/\/rhein-main-blog.de\/wp-content\/uploads\/2021\/03\/Parks-Frankfurt-19.jpg","contentUrl":"https:\/\/rhein-main-blog.de\/wp-content\/uploads\/2021\/03\/Parks-Frankfurt-19.jpg","width":1280,"height":853,"caption":"Parks Frankfurt Blick vom Lohrpark auf die Frankfurter Skyline"},{"@type":"BreadcrumbList","@id":"https:\/\/rhein-main-blog.de\/parks-frankfurt\/#breadcrumb","itemListElement":[{"@type":"ListItem","position":1,"name":"Startseite","item":"https:\/\/rhein-main-blog.de\/"},{"@type":"ListItem","position":2,"name":"Parks in Frankfurt am Main: 5 Green Spaces &#038; Ruheorte"}]},{"@type":"WebSite","@id":"https:\/\/rhein-main-blog.de\/#website","url":"https:\/\/rhein-main-blog.de\/","name":"Rhein-Main-Blog","description":"Die sch\u00f6nsten Ausflugsziele und Tipps f\u00fcr das Rhein-Main-Gebiet","publisher":{"@id":"https:\/\/rhein-main-blog.de\/#organization"},"potentialAction":[{"@type":"SearchAction","target":{"@type":"EntryPoint","urlTemplate":"https:\/\/rhein-main-blog.de\/?s={search_term_string}"},"query-input":{"@type":"PropertyValueSpecification","valueRequired":true,"valueName":"search_term_string"}}],"inLanguage":"en-US"},{"@type":"Organization","@id":"https:\/\/rhein-main-blog.de\/#organization","name":"Rhein-Main-Blog","url":"https:\/\/rhein-main-blog.de\/","logo":{"@type":"ImageObject","inLanguage":"en-US","@id":"https:\/\/rhein-main-blog.de\/#\/schema\/logo\/image\/","url":"https:\/\/rhein-main-blog.de\/wp-content\/uploads\/2020\/04\/cropped-Rhein-Main-Blog-Header-Sarah-Waltinger-1-2.png","contentUrl":"https:\/\/rhein-main-blog.de\/wp-content\/uploads\/2020\/04\/cropped-Rhein-Main-Blog-Header-Sarah-Waltinger-1-2.png","width":512,"height":512,"caption":"Rhein-Main-Blog"},"image":{"@id":"https:\/\/rhein-main-blog.de\/#\/schema\/logo\/image\/"},"sameAs":["https:\/\/www.pinterest.de\/rheinmainblog\/"]},{"@type":"Person","@id":"https:\/\/rhein-main-blog.de\/#\/schema\/person\/ce1275bcdc476c205d78d9c932769e5c","name":"Sarah","image":{"@type":"ImageObject","inLanguage":"en-US","@id":"https:\/\/rhein-main-blog.de\/wp-content\/uploads\/2020\/11\/Sarah-Waltinger-Itchy-Feet-Blog-Mainz02-e1622966870914-150x150.jpg","url":"https:\/\/rhein-main-blog.de\/wp-content\/uploads\/2020\/11\/Sarah-Waltinger-Itchy-Feet-Blog-Mainz02-e1622966870914-150x150.jpg","contentUrl":"https:\/\/rhein-main-blog.de\/wp-content\/uploads\/2020\/11\/Sarah-Waltinger-Itchy-Feet-Blog-Mainz02-e1622966870914-150x150.jpg","caption":"Sarah"},"description":"Mainzerin Sarah ist die Gr\u00fcnderin des Rhein-Main-Blogs und auch nach 30 Jahren gl\u00fccklich die sch\u00f6ne Stadt am Rhein ihr Zuhause nennen zu d\u00fcrfen. Wenn sie nicht gerade im Homeoffice arbeitet oder die Welt bereist, trifft sie sich mit Freunden im Lieblingscaf\u00e9, schlendert \u00fcber Wochenm\u00e4rkte und unternimmt Erkundungen in der Natur.","sameAs":["https:\/\/itchyfeet-travel.de\/","https:\/\/www.instagram.com\/itchy.feet.blog\/"],"url":"https:\/\/rhein-main-blog.de\/en\/author\/sarah\/"}]}},"_links":{"self":[{"href":"https:\/\/rhein-main-blog.de\/en\/wp-json\/wp\/v2\/posts\/1903","targetHints":{"allow":["GET"]}}],"collection":[{"href":"https:\/\/rhein-main-blog.de\/en\/wp-json\/wp\/v2\/posts"}],"about":[{"href":"https:\/\/rhein-main-blog.de\/en\/wp-json\/wp\/v2\/types\/post"}],"author":[{"embeddable":true,"href":"https:\/\/rhein-main-blog.de\/en\/wp-json\/wp\/v2\/users\/2"}],"replies":[{"embeddable":true,"href":"https:\/\/rhein-main-blog.de\/en\/wp-json\/wp\/v2\/comments?post=1903"}],"version-history":[{"count":18,"href":"https:\/\/rhein-main-blog.de\/en\/wp-json\/wp\/v2\/posts\/1903\/revisions"}],"predecessor-version":[{"id":3084,"href":"https:\/\/rhein-main-blog.de\/en\/wp-json\/wp\/v2\/posts\/1903\/revisions\/3084"}],"wp:featuredmedia":[{"embeddable":true,"href":"https:\/\/rhein-main-blog.de\/en\/wp-json\/wp\/v2\/media\/1918"}],"wp:attachment":[{"href":"https:\/\/rhein-main-blog.de\/en\/wp-json\/wp\/v2\/media?parent=1903"}],"wp:term":[{"taxonomy":"category","embeddable":true,"href":"https:\/\/rhein-main-blog.de\/en\/wp-json\/wp\/v2\/categories?post=1903"},{"taxonomy":"post_tag","embeddable":true,"href":"https:\/\/rhein-main-blog.de\/en\/wp-json\/wp\/v2\/tags?post=1903"}],"curies":[{"name":"wp","href":"https:\/\/api.w.org\/{rel}","templated":true}]}}