{"id":2722,"date":"2021-07-02T16:17:10","date_gmt":"2021-07-02T14:17:10","guid":{"rendered":"https:\/\/rhein-main-blog.de\/?p=2722"},"modified":"2021-07-09T10:08:13","modified_gmt":"2021-07-09T08:08:13","slug":"bingen-swingt-2021","status":"publish","type":"post","link":"https:\/\/rhein-main-blog.de\/en\/bingen-swingt-2021\/","title":{"rendered":"Bingen swingt 2021 \u2013 Jazz am M\u00e4useturm"},"content":{"rendered":"<p class=\"wp-block-paragraph\">Saxophonkl\u00e4nge. Sanfte Begleitung von Bass und Piano. Der Rhythmus des Schlagzeugs im Hintergrund. Klangvoller Swing. Rheinhessischer Spitzenwein und geschmackvolles Fingerfood. Sonnenstrahlen auf der Haut. All das erlebt man bei <a href=\"https:\/\/www.bingen.de\/kultur\/veranstaltungen\/veranstaltungshighlights\/bingen-swingt\" target=\"_blank\" rel=\"noreferrer noopener\"><strong>Bingen swingt<\/strong><\/a>, einem einzigartigen Event, das Jazzliebhaber am 26. und 27. Juni nach <strong><a href=\"https:\/\/www.bingen.de\/\" target=\"_blank\" rel=\"noreferrer noopener\">Bingen<\/a> <\/strong>am Rhein f\u00fchrte.<\/p>\n\n\n\n<p class=\"wp-block-paragraph\">In der Regel findet dieses Ereignis am Binger Kulturufer, der Innenstadt und auf der Burg statt, worauf man sich hoffentlich im n\u00e4chsten Jahr wieder freuen kann. Zwischen dem \u00e4ltesten erhaltenen Rheinkran, dem Museum am Strom sowie Park- und Gr\u00fcnanlagen taucht man f\u00fcr gew\u00f6hnlich in die Kl\u00e4nge des Jazz ein.<\/p>\n\n\n\n<p class=\"wp-block-paragraph\">Die Veranstaltung Bingen swingt findet zwar jedes Jahr am letzten Juniwochenende statt, wird in diesem exklusiven Ambiente allerdings einmalig bleiben. Denn zum 25.-j\u00e4hrigen Jubil\u00e4um lie\u00dfen sich die Veranstalter etwas wirklich Besonderes einfallen. In diesem Jahr fand das Event im Schatten des M\u00e4useturms statt.<\/p>\n\n\n\n<h2 class=\"wp-block-heading\">Bingen swingt: Boarding am Kulturufer<\/h2>\n\n\n\n<p class=\"wp-block-paragraph\">Schon der Transport zu der eindrucksvollen Kulisse macht Eindruck. Denn die Anreise auf die Insel des Binger Wahrzeichens erfolgte mit dem Schiff. Samt Blick \u00fcber das Rheintal, mit seinen Weinbergen und Burgen. W\u00e4hrend dieser kurzen Fahrt berichtete ein G\u00e4stef\u00fchrer Wissenswertes rund um den M\u00e4useturm, die Umgebung und das anstehende Konzert.<\/p>\n\n\n\n<figure class=\"wp-block-image size-large\"><img loading=\"lazy\" decoding=\"async\" width=\"1024\" height=\"683\" src=\"https:\/\/rhein-main-blog.de\/wp-content\/uploads\/2021\/07\/Bingen-swingt-02.jpg\" alt=\"\" class=\"wp-image-2755\" srcset=\"https:\/\/rhein-main-blog.de\/wp-content\/uploads\/2021\/07\/Bingen-swingt-02.jpg 1024w, https:\/\/rhein-main-blog.de\/wp-content\/uploads\/2021\/07\/Bingen-swingt-02-300x200.jpg 300w, https:\/\/rhein-main-blog.de\/wp-content\/uploads\/2021\/07\/Bingen-swingt-02-768x512.jpg 768w, https:\/\/rhein-main-blog.de\/wp-content\/uploads\/2021\/07\/Bingen-swingt-02-660x440.jpg 660w, https:\/\/rhein-main-blog.de\/wp-content\/uploads\/2021\/07\/Bingen-swingt-02-1000x667.jpg 1000w, https:\/\/rhein-main-blog.de\/wp-content\/uploads\/2021\/07\/Bingen-swingt-02-373x248.jpg 373w\" sizes=\"auto, (max-width: 1024px) 100vw, 1024px\" \/><\/figure>\n\n\n\n<p class=\"wp-block-paragraph\">An der Location angekommen blieb vor dem Beginn des Konzerts Zeit den Turm zu besichtigen &#8211; inklusive fabelhafter Aussicht von der Plattform.<\/p>\n\n\n\n<p class=\"wp-block-paragraph\">Im Inneren des Turms warteten noch zwei kleine Highlights auf die G\u00e4ste: Auf der ersten Etage fand man eine in Bild und Schrift festgehaltene, Zusammenfassung der ber\u00fchmten Sage aus dem 10. Jahrhundert rund um den Erzbischof Hatto, die damalige Hungersnot und die Bedeutung dieser f\u00fcr den Binger M\u00e4useturm.<\/p>\n\n\n\n<p class=\"wp-block-paragraph\">Folgte man den schmalen Treppenstufen ein Stockwerk nach oben, erhaschte man sehenswerte Blicke auf eine tolle Fotoausstellung mit Jazzmomenten.<\/p>\n\n\n\n<figure class=\"wp-block-image alignwide size-large\"><img loading=\"lazy\" decoding=\"async\" width=\"576\" height=\"1024\" src=\"https:\/\/rhein-main-blog.de\/wp-content\/uploads\/2021\/07\/Bingen-swingt-14-576x1024.jpg\" alt=\"\" class=\"wp-image-2761\" srcset=\"https:\/\/rhein-main-blog.de\/wp-content\/uploads\/2021\/07\/Bingen-swingt-14-576x1024.jpg 576w, https:\/\/rhein-main-blog.de\/wp-content\/uploads\/2021\/07\/Bingen-swingt-14-169x300.jpg 169w, https:\/\/rhein-main-blog.de\/wp-content\/uploads\/2021\/07\/Bingen-swingt-14-768x1365.jpg 768w, https:\/\/rhein-main-blog.de\/wp-content\/uploads\/2021\/07\/Bingen-swingt-14-864x1536.jpg 864w, https:\/\/rhein-main-blog.de\/wp-content\/uploads\/2021\/07\/Bingen-swingt-14-660x1173.jpg 660w, https:\/\/rhein-main-blog.de\/wp-content\/uploads\/2021\/07\/Bingen-swingt-14-1000x1777.jpg 1000w, https:\/\/rhein-main-blog.de\/wp-content\/uploads\/2021\/07\/Bingen-swingt-14.jpg 1024w\" sizes=\"auto, (max-width: 576px) 100vw, 576px\" \/><\/figure>\n\n\n\n<figure class=\"wp-block-image size-large\"><img loading=\"lazy\" decoding=\"async\" width=\"1024\" height=\"683\" src=\"https:\/\/rhein-main-blog.de\/wp-content\/uploads\/2021\/07\/Bingen-swingt-04.jpg\" alt=\"\" class=\"wp-image-2756\" srcset=\"https:\/\/rhein-main-blog.de\/wp-content\/uploads\/2021\/07\/Bingen-swingt-04.jpg 1024w, https:\/\/rhein-main-blog.de\/wp-content\/uploads\/2021\/07\/Bingen-swingt-04-300x200.jpg 300w, https:\/\/rhein-main-blog.de\/wp-content\/uploads\/2021\/07\/Bingen-swingt-04-768x512.jpg 768w, https:\/\/rhein-main-blog.de\/wp-content\/uploads\/2021\/07\/Bingen-swingt-04-660x440.jpg 660w, https:\/\/rhein-main-blog.de\/wp-content\/uploads\/2021\/07\/Bingen-swingt-04-1000x667.jpg 1000w, https:\/\/rhein-main-blog.de\/wp-content\/uploads\/2021\/07\/Bingen-swingt-04-373x248.jpg 373w\" sizes=\"auto, (max-width: 1024px) 100vw, 1024px\" \/><\/figure>\n\n\n\n<p class=\"wp-block-paragraph\">Mit den leisen Kl\u00e4ngen im Hintergrund, die erahnen lie\u00dfen, was das kommende Konzert musikalisch zu bieten haben wird, tauchte man sp\u00e4testens in diesen vier W\u00e4nden in die Welt des Swing ab.<\/p>\n\n\n\n<h2 class=\"wp-block-heading\">Line-up: Wo Jazz und Atmosph\u00e4re aufeinandertreffen<\/h2>\n\n\n\n<p class=\"wp-block-paragraph\">Gleich vier regionale Jazzensembles stellten an diesem Wochenende vor dem Binger Kulturdenkmal ihre K\u00fcnste unter Beweis. Das Andreas Hertel Trio, im Zusammenspiel mit dem Saxophonisten Tony Lakatos, er\u00f6ffnete am Samstagmittag die au\u00dfergew\u00f6hnliche Veranstaltung.<\/p>\n\n\n\n<p class=\"wp-block-paragraph\">Auch der Dirigent des Chors und Orchesters des Mainzer Staatstheaters, Sebastian Laverny, bot mit seinem \u201eCross-Over\u201c Projekt, das im Wechsel mit der Zusammensetzung um Andreas Hertel an diesem Tag spielte, eine einzigartige Darbietung.<\/p>\n\n\n\n<figure class=\"wp-block-image size-large\"><img loading=\"lazy\" decoding=\"async\" width=\"1024\" height=\"627\" src=\"https:\/\/rhein-main-blog.de\/wp-content\/uploads\/2021\/07\/Bingen-swingt-13.jpg\" alt=\"\" class=\"wp-image-2758\" srcset=\"https:\/\/rhein-main-blog.de\/wp-content\/uploads\/2021\/07\/Bingen-swingt-13.jpg 1024w, https:\/\/rhein-main-blog.de\/wp-content\/uploads\/2021\/07\/Bingen-swingt-13-300x184.jpg 300w, https:\/\/rhein-main-blog.de\/wp-content\/uploads\/2021\/07\/Bingen-swingt-13-768x470.jpg 768w, https:\/\/rhein-main-blog.de\/wp-content\/uploads\/2021\/07\/Bingen-swingt-13-660x404.jpg 660w, https:\/\/rhein-main-blog.de\/wp-content\/uploads\/2021\/07\/Bingen-swingt-13-1000x612.jpg 1000w\" sizes=\"auto, (max-width: 1024px) 100vw, 1024px\" \/><\/figure>\n\n\n\n<figure class=\"wp-block-image alignwide size-large\"><img loading=\"lazy\" decoding=\"async\" width=\"683\" height=\"1024\" src=\"https:\/\/rhein-main-blog.de\/wp-content\/uploads\/2021\/07\/Bingen-swingt-16-683x1024.jpg\" alt=\"\" class=\"wp-image-2759\" srcset=\"https:\/\/rhein-main-blog.de\/wp-content\/uploads\/2021\/07\/Bingen-swingt-16-683x1024.jpg 683w, https:\/\/rhein-main-blog.de\/wp-content\/uploads\/2021\/07\/Bingen-swingt-16-200x300.jpg 200w, https:\/\/rhein-main-blog.de\/wp-content\/uploads\/2021\/07\/Bingen-swingt-16-768x1152.jpg 768w, https:\/\/rhein-main-blog.de\/wp-content\/uploads\/2021\/07\/Bingen-swingt-16-660x990.jpg 660w, https:\/\/rhein-main-blog.de\/wp-content\/uploads\/2021\/07\/Bingen-swingt-16-1000x1500.jpg 1000w, https:\/\/rhein-main-blog.de\/wp-content\/uploads\/2021\/07\/Bingen-swingt-16.jpg 1024w\" sizes=\"auto, (max-width: 683px) 100vw, 683px\" \/><\/figure>\n\n\n\n<p class=\"wp-block-paragraph\">Das Quartett, bestehend aus dem Saxophonisten Alex Schmitt, dem Bassisten Ralf Cetto, dem Schlagzeuger Alex Funk und Sebastian Laverny am Piano, sorgte vor einzigartiger Kulisse f\u00fcr wohlige und mitrei\u00dfende Jazzkl\u00e4nge. Mit ihrem Programm boten sie den Zuh\u00f6rer*innen eine Mischung aus stilvollen Klassikern und selbst komponierten Musikst\u00fccken dar.<\/p>\n\n\n\n<p class=\"wp-block-paragraph\">Die Leidenschaft zur Musik wurde w\u00e4hrend des Konzerts nicht nur h\u00f6rbar, sondern auch deutlich sp\u00fcrbar. Da die Besucheranzahl auf der Insel streng limitiert wurde, boten die K\u00fcnstler den Zuh\u00f6rer*innen in acht Veranstaltungsrunden \u00e0 30 Minuten, magische Swingmomente und lie\u00dfen sie dadurch ihren Alltag f\u00fcr einen Augenblick vergessen.<\/p>\n\n\n\n<h2 class=\"wp-block-heading\">Bingen swingt: Zweiter Tag des Jazz Konzerts<\/h2>\n\n\n\n<p class=\"wp-block-paragraph\">Am zweiten Tag der Veranstaltung standen das Oriental Jazz Quintett sowie Julia Oschewsky und Band auf dem Programm. Mit interkulturellen Rhythmen, die aus den unterschiedlichen musikalischen Wurzeln der K\u00fcnstler*innen begr\u00fcndet sind, lie\u00dfen die Musiker*innen ihre Zuh\u00f6rer*innen in ferne Welten abtauchen.<\/p>\n\n\n\n<figure class=\"wp-block-image alignwide size-large\"><img loading=\"lazy\" decoding=\"async\" width=\"683\" height=\"1024\" src=\"https:\/\/rhein-main-blog.de\/wp-content\/uploads\/2021\/07\/Bingen-swingt-06-683x1024.jpg\" alt=\"\" class=\"wp-image-2757\" srcset=\"https:\/\/rhein-main-blog.de\/wp-content\/uploads\/2021\/07\/Bingen-swingt-06-683x1024.jpg 683w, https:\/\/rhein-main-blog.de\/wp-content\/uploads\/2021\/07\/Bingen-swingt-06-200x300.jpg 200w, https:\/\/rhein-main-blog.de\/wp-content\/uploads\/2021\/07\/Bingen-swingt-06-768x1152.jpg 768w, https:\/\/rhein-main-blog.de\/wp-content\/uploads\/2021\/07\/Bingen-swingt-06-660x990.jpg 660w, https:\/\/rhein-main-blog.de\/wp-content\/uploads\/2021\/07\/Bingen-swingt-06-1000x1500.jpg 1000w, https:\/\/rhein-main-blog.de\/wp-content\/uploads\/2021\/07\/Bingen-swingt-06.jpg 1024w\" sizes=\"auto, (max-width: 683px) 100vw, 683px\" \/><\/figure>\n\n\n\n<p class=\"wp-block-paragraph\">Die Mischung aus arabischen, orientalischen und westlichen Kl\u00e4ngen des Oriental Jazz Quintett machte deutlich, dass Musik keine Grenzen kennt. Eine Mixtur aus Folk und Jazz bekamen die Zuh\u00f6rer*innen an diesem Tag von der S\u00e4ngerin Julia Oschewsky, mit Unterst\u00fctzung von Uli Bareiss am Piano, Alex Funk am Schlagzeug und Neofytos Stefanou am Bass, dargeboten.<\/p>\n\n\n\n<h2 class=\"wp-block-heading\">Kulinarische Gen\u00fcsse &amp; Ausklang an Board<\/h2>\n\n\n\n<p class=\"wp-block-paragraph\">W\u00e4hrend die BesucherInnen der Musik lauschten und die Atmosph\u00e4re auf der Insel genossen, lie\u00dfen sie sich von leckeren, rheinhessischen Weincocktails und thematisch passendem Fingerfood verw\u00f6hnen.<\/p>\n\n\n\n<figure class=\"wp-block-image alignwide size-large\"><img loading=\"lazy\" decoding=\"async\" width=\"683\" height=\"1024\" src=\"https:\/\/rhein-main-blog.de\/wp-content\/uploads\/2021\/07\/Bingen-swingt-15-683x1024.jpg\" alt=\"\" class=\"wp-image-2760\" srcset=\"https:\/\/rhein-main-blog.de\/wp-content\/uploads\/2021\/07\/Bingen-swingt-15-683x1024.jpg 683w, https:\/\/rhein-main-blog.de\/wp-content\/uploads\/2021\/07\/Bingen-swingt-15-200x300.jpg 200w, https:\/\/rhein-main-blog.de\/wp-content\/uploads\/2021\/07\/Bingen-swingt-15-768x1152.jpg 768w, https:\/\/rhein-main-blog.de\/wp-content\/uploads\/2021\/07\/Bingen-swingt-15-660x990.jpg 660w, https:\/\/rhein-main-blog.de\/wp-content\/uploads\/2021\/07\/Bingen-swingt-15-1000x1500.jpg 1000w, https:\/\/rhein-main-blog.de\/wp-content\/uploads\/2021\/07\/Bingen-swingt-15.jpg 1024w\" sizes=\"auto, (max-width: 683px) 100vw, 683px\" \/><\/figure>\n\n\n\n<p class=\"wp-block-paragraph\">Den Abschluss dieses einmaligen Events bildete die Schifffahrt zur\u00fcck an das Binger Kulturufer. An dem es sich \u00fcbrigens wunderbar einen Tag \u201ewie im Urlaub\u201c verbringen l\u00e4sst.<\/p>\n\n\n\n<p class=\"wp-block-paragraph\">Wir hoffen auf eine baldige Wiederholung dieses Konzerterlebnisses!<\/p>\n\n\n\n<h2 class=\"wp-block-heading\">Vielleicht interessiert dich auch:<\/h2>\n\n\n\n<ul class=\"wp-block-list\"><li><a href=\"https:\/\/rhein-main-blog.de\/en\/niederwalddenkmal\/\" target=\"_blank\" rel=\"noreferrer noopener\"><strong>Niederwalddenkmal<\/strong><\/a>: Tipps &amp; Highlights f\u00fcr deinen Ausflug nach R\u00fcdesheim<\/li><li>Der <strong><a href=\"https:\/\/rhein-main-blog.de\/en\/rheinterrassenweg-herbst\/\" target=\"_blank\" rel=\"noreferrer noopener\">RheinTerrassenWeg<\/a> <\/strong>im Herbst: Von Bodenheim nach Mainz-Laubenheim<\/li><li>Die<strong> <a href=\"https:\/\/rhein-main-blog.de\/en\/lauschhuette-baumhaus\/\" target=\"_blank\" rel=\"noreferrer noopener\">Lauschh\u00fctte im Binger Wald<\/a><\/strong>: \u00dcbernachten im Baumhaus<\/li><li>Rhein-Main-Gebiet: 5 <a href=\"https:\/\/rhein-main-blog.de\/en\/rhein-main-herbst\/\" target=\"_blank\" rel=\"noreferrer noopener\"><strong>Ausflugsziele im Herbst<\/strong><\/a><\/li><li>Der <a href=\"https:\/\/rhein-main-blog.de\/en\/hildegardweg\/\" target=\"_blank\" rel=\"noreferrer noopener\"><strong>R\u00fcdesheimer Hildegardweg<\/strong><\/a>: Auf den Spuren der Hildegard von Bingen<\/li><\/ul>","protected":false},"excerpt":{"rendered":"<p>Saxophonkl\u00e4nge. Sanfte Begleitung von Bass und Piano. Der Rhythmus des Schlagzeugs im Hintergrund. Klangvoller Swing. Rheinhessischer Spitzenwein und geschmackvolles Fingerfood. Sonnenstrahlen auf der Haut. All das erlebt man bei Bingen&hellip; <a class=\"excerpt-more-link\" href=\"https:\/\/rhein-main-blog.de\/en\/bingen-swingt-2021\/\">Read More<\/a><\/p>","protected":false},"author":9,"featured_media":2753,"comment_status":"open","ping_status":"open","sticky":false,"template":"","format":"standard","meta":{"footnotes":""},"categories":[61,25],"tags":[],"class_list":["post-2722","post","type-post","status-publish","format-standard","has-post-thumbnail","hentry","category-events","category-fundstuecke"],"yoast_head":"<!-- This site is optimized with the Yoast SEO plugin v28.1 - https:\/\/yoast.com\/product\/yoast-seo-wordpress\/ -->\n<title>Bingen swingt 2021 \u2013 Jazz am M\u00e4useturm - Rhein-Main-Blog<\/title>\n<meta name=\"description\" content=\"BINGEN SWINGT! Ein einzigartiges Musikerlebnis vor atemberaubender Kulisse. Taucht mit uns ein in die Kl\u00e4nge der regionalen Jazzmusik.\" \/>\n<meta name=\"robots\" content=\"index, follow, max-snippet:-1, max-image-preview:large, max-video-preview:-1\" \/>\n<link rel=\"canonical\" href=\"https:\/\/rhein-main-blog.de\/en\/bingen-swingt-2021\/\" \/>\n<meta property=\"og:locale\" content=\"en_US\" \/>\n<meta property=\"og:type\" content=\"article\" \/>\n<meta property=\"og:title\" content=\"Bingen swingt 2021 \u2013 Jazz am M\u00e4useturm - Rhein-Main-Blog\" \/>\n<meta property=\"og:description\" content=\"BINGEN SWINGT! Ein einzigartiges Musikerlebnis vor atemberaubender Kulisse. Taucht mit uns ein in die Kl\u00e4nge der regionalen Jazzmusik.\" \/>\n<meta property=\"og:url\" content=\"https:\/\/rhein-main-blog.de\/en\/bingen-swingt-2021\/\" \/>\n<meta property=\"og:site_name\" content=\"Rhein-Main-Blog\" \/>\n<meta property=\"article:published_time\" content=\"2021-07-02T14:17:10+00:00\" \/>\n<meta property=\"article:modified_time\" content=\"2021-07-09T08:08:13+00:00\" \/>\n<meta property=\"og:image\" content=\"https:\/\/rhein-main-blog.de\/wp-content\/uploads\/2021\/07\/Bingen-swingt-08.jpg\" \/>\n\t<meta property=\"og:image:width\" content=\"1024\" \/>\n\t<meta property=\"og:image:height\" content=\"683\" \/>\n\t<meta property=\"og:image:type\" content=\"image\/jpeg\" \/>\n<meta name=\"author\" content=\"Johanna\" \/>\n<meta name=\"twitter:card\" content=\"summary_large_image\" \/>\n<meta name=\"twitter:label1\" content=\"Written by\" \/>\n\t<meta name=\"twitter:data1\" content=\"Johanna\" \/>\n\t<meta name=\"twitter:label2\" content=\"Est. reading time\" \/>\n\t<meta name=\"twitter:data2\" content=\"5 minutes\" \/>\n<script type=\"application\/ld+json\" class=\"yoast-schema-graph\">{\"@context\":\"https:\\\/\\\/schema.org\",\"@graph\":[{\"@type\":\"Article\",\"@id\":\"https:\\\/\\\/rhein-main-blog.de\\\/bingen-swingt-2021\\\/#article\",\"isPartOf\":{\"@id\":\"https:\\\/\\\/rhein-main-blog.de\\\/bingen-swingt-2021\\\/\"},\"author\":{\"name\":\"Johanna\",\"@id\":\"https:\\\/\\\/rhein-main-blog.de\\\/#\\\/schema\\\/person\\\/3cd545df9cdb3080171020a70aac11e0\"},\"headline\":\"Bingen swingt 2021 \u2013 Jazz am M\u00e4useturm\",\"datePublished\":\"2021-07-02T14:17:10+00:00\",\"dateModified\":\"2021-07-09T08:08:13+00:00\",\"mainEntityOfPage\":{\"@id\":\"https:\\\/\\\/rhein-main-blog.de\\\/bingen-swingt-2021\\\/\"},\"wordCount\":753,\"commentCount\":0,\"publisher\":{\"@id\":\"https:\\\/\\\/rhein-main-blog.de\\\/#organization\"},\"image\":{\"@id\":\"https:\\\/\\\/rhein-main-blog.de\\\/bingen-swingt-2021\\\/#primaryimage\"},\"thumbnailUrl\":\"https:\\\/\\\/rhein-main-blog.de\\\/wp-content\\\/uploads\\\/2021\\\/07\\\/Bingen-swingt-08.jpg\",\"articleSection\":[\"Events\",\"Fundst\u00fccke\"],\"inLanguage\":\"en-US\",\"potentialAction\":[{\"@type\":\"CommentAction\",\"name\":\"Comment\",\"target\":[\"https:\\\/\\\/rhein-main-blog.de\\\/bingen-swingt-2021\\\/#respond\"]}]},{\"@type\":\"WebPage\",\"@id\":\"https:\\\/\\\/rhein-main-blog.de\\\/bingen-swingt-2021\\\/\",\"url\":\"https:\\\/\\\/rhein-main-blog.de\\\/bingen-swingt-2021\\\/\",\"name\":\"Bingen swingt 2021 \u2013 Jazz am M\u00e4useturm - Rhein-Main-Blog\",\"isPartOf\":{\"@id\":\"https:\\\/\\\/rhein-main-blog.de\\\/#website\"},\"primaryImageOfPage\":{\"@id\":\"https:\\\/\\\/rhein-main-blog.de\\\/bingen-swingt-2021\\\/#primaryimage\"},\"image\":{\"@id\":\"https:\\\/\\\/rhein-main-blog.de\\\/bingen-swingt-2021\\\/#primaryimage\"},\"thumbnailUrl\":\"https:\\\/\\\/rhein-main-blog.de\\\/wp-content\\\/uploads\\\/2021\\\/07\\\/Bingen-swingt-08.jpg\",\"datePublished\":\"2021-07-02T14:17:10+00:00\",\"dateModified\":\"2021-07-09T08:08:13+00:00\",\"description\":\"BINGEN SWINGT! Ein einzigartiges Musikerlebnis vor atemberaubender Kulisse. Taucht mit uns ein in die Kl\u00e4nge der regionalen Jazzmusik.\",\"breadcrumb\":{\"@id\":\"https:\\\/\\\/rhein-main-blog.de\\\/bingen-swingt-2021\\\/#breadcrumb\"},\"inLanguage\":\"en-US\",\"potentialAction\":[{\"@type\":\"ReadAction\",\"target\":[\"https:\\\/\\\/rhein-main-blog.de\\\/bingen-swingt-2021\\\/\"]}]},{\"@type\":\"ImageObject\",\"inLanguage\":\"en-US\",\"@id\":\"https:\\\/\\\/rhein-main-blog.de\\\/bingen-swingt-2021\\\/#primaryimage\",\"url\":\"https:\\\/\\\/rhein-main-blog.de\\\/wp-content\\\/uploads\\\/2021\\\/07\\\/Bingen-swingt-08.jpg\",\"contentUrl\":\"https:\\\/\\\/rhein-main-blog.de\\\/wp-content\\\/uploads\\\/2021\\\/07\\\/Bingen-swingt-08.jpg\",\"width\":1024,\"height\":683,\"caption\":\"Bingen swingt 2021\"},{\"@type\":\"BreadcrumbList\",\"@id\":\"https:\\\/\\\/rhein-main-blog.de\\\/bingen-swingt-2021\\\/#breadcrumb\",\"itemListElement\":[{\"@type\":\"ListItem\",\"position\":1,\"name\":\"Startseite\",\"item\":\"https:\\\/\\\/rhein-main-blog.de\\\/\"},{\"@type\":\"ListItem\",\"position\":2,\"name\":\"Bingen swingt 2021 \u2013 Jazz am M\u00e4useturm\"}]},{\"@type\":\"WebSite\",\"@id\":\"https:\\\/\\\/rhein-main-blog.de\\\/#website\",\"url\":\"https:\\\/\\\/rhein-main-blog.de\\\/\",\"name\":\"Rhein-Main-Blog\",\"description\":\"Die sch\u00f6nsten Ausflugsziele und Tipps f\u00fcr das Rhein-Main-Gebiet\",\"publisher\":{\"@id\":\"https:\\\/\\\/rhein-main-blog.de\\\/#organization\"},\"potentialAction\":[{\"@type\":\"SearchAction\",\"target\":{\"@type\":\"EntryPoint\",\"urlTemplate\":\"https:\\\/\\\/rhein-main-blog.de\\\/?s={search_term_string}\"},\"query-input\":{\"@type\":\"PropertyValueSpecification\",\"valueRequired\":true,\"valueName\":\"search_term_string\"}}],\"inLanguage\":\"en-US\"},{\"@type\":\"Organization\",\"@id\":\"https:\\\/\\\/rhein-main-blog.de\\\/#organization\",\"name\":\"Rhein-Main-Blog\",\"url\":\"https:\\\/\\\/rhein-main-blog.de\\\/\",\"logo\":{\"@type\":\"ImageObject\",\"inLanguage\":\"en-US\",\"@id\":\"https:\\\/\\\/rhein-main-blog.de\\\/#\\\/schema\\\/logo\\\/image\\\/\",\"url\":\"https:\\\/\\\/rhein-main-blog.de\\\/wp-content\\\/uploads\\\/2020\\\/04\\\/cropped-Rhein-Main-Blog-Header-Sarah-Waltinger-1-2.png\",\"contentUrl\":\"https:\\\/\\\/rhein-main-blog.de\\\/wp-content\\\/uploads\\\/2020\\\/04\\\/cropped-Rhein-Main-Blog-Header-Sarah-Waltinger-1-2.png\",\"width\":512,\"height\":512,\"caption\":\"Rhein-Main-Blog\"},\"image\":{\"@id\":\"https:\\\/\\\/rhein-main-blog.de\\\/#\\\/schema\\\/logo\\\/image\\\/\"},\"sameAs\":[\"https:\\\/\\\/www.pinterest.de\\\/rheinmainblog\\\/\"]},{\"@type\":\"Person\",\"@id\":\"https:\\\/\\\/rhein-main-blog.de\\\/#\\\/schema\\\/person\\\/3cd545df9cdb3080171020a70aac11e0\",\"name\":\"Johanna\",\"image\":{\"@type\":\"ImageObject\",\"inLanguage\":\"en-US\",\"@id\":\"https:\\\/\\\/rhein-main-blog.de\\\/wp-content\\\/uploads\\\/2021\\\/04\\\/IMG_20200829_154651-2-150x150.jpg\",\"url\":\"https:\\\/\\\/rhein-main-blog.de\\\/wp-content\\\/uploads\\\/2021\\\/04\\\/IMG_20200829_154651-2-150x150.jpg\",\"contentUrl\":\"https:\\\/\\\/rhein-main-blog.de\\\/wp-content\\\/uploads\\\/2021\\\/04\\\/IMG_20200829_154651-2-150x150.jpg\",\"caption\":\"Johanna\"},\"description\":\"Johanna ist im Rhein-Main-Gebiet aufgewachsen und kennt somit den ein oder anderen Geheimtipp der Region. Sie steht eindeutig lieber hinter der Kamera und setzt auf \u201edie kleinen Momente im Leben\u201c. Diese mit der Kamera einzufangen, z\u00e4hlt neben herzerw\u00e4rmenden Schnappsch\u00fcssen zu ihren Lieblingsmotiven. Einen kleinen Einblick auf ihre Sicht der Welt k\u00f6nnt ihr auf Instagram unter @escapingthedailyroutine erhalten.\",\"sameAs\":[\"https:\\\/\\\/www.instagram.com\\\/escapingthedailyroutine\\\/\"],\"url\":\"https:\\\/\\\/rhein-main-blog.de\\\/en\\\/author\\\/johanna\\\/\"}]}<\/script>\n<!-- \/ Yoast SEO plugin. -->","yoast_head_json":{"title":"Bingen swingt 2021 \u2013 Jazz am M\u00e4useturm - Rhein-Main-Blog","description":"BINGEN SWINGT! Ein einzigartiges Musikerlebnis vor atemberaubender Kulisse. Taucht mit uns ein in die Kl\u00e4nge der regionalen Jazzmusik.","robots":{"index":"index","follow":"follow","max-snippet":"max-snippet:-1","max-image-preview":"max-image-preview:large","max-video-preview":"max-video-preview:-1"},"canonical":"https:\/\/rhein-main-blog.de\/en\/bingen-swingt-2021\/","og_locale":"en_US","og_type":"article","og_title":"Bingen swingt 2021 \u2013 Jazz am M\u00e4useturm - Rhein-Main-Blog","og_description":"BINGEN SWINGT! Ein einzigartiges Musikerlebnis vor atemberaubender Kulisse. Taucht mit uns ein in die Kl\u00e4nge der regionalen Jazzmusik.","og_url":"https:\/\/rhein-main-blog.de\/en\/bingen-swingt-2021\/","og_site_name":"Rhein-Main-Blog","article_published_time":"2021-07-02T14:17:10+00:00","article_modified_time":"2021-07-09T08:08:13+00:00","og_image":[{"width":1024,"height":683,"url":"https:\/\/rhein-main-blog.de\/wp-content\/uploads\/2021\/07\/Bingen-swingt-08.jpg","type":"image\/jpeg"}],"author":"Johanna","twitter_card":"summary_large_image","twitter_misc":{"Written by":"Johanna","Est. reading time":"5 minutes"},"schema":{"@context":"https:\/\/schema.org","@graph":[{"@type":"Article","@id":"https:\/\/rhein-main-blog.de\/bingen-swingt-2021\/#article","isPartOf":{"@id":"https:\/\/rhein-main-blog.de\/bingen-swingt-2021\/"},"author":{"name":"Johanna","@id":"https:\/\/rhein-main-blog.de\/#\/schema\/person\/3cd545df9cdb3080171020a70aac11e0"},"headline":"Bingen swingt 2021 \u2013 Jazz am M\u00e4useturm","datePublished":"2021-07-02T14:17:10+00:00","dateModified":"2021-07-09T08:08:13+00:00","mainEntityOfPage":{"@id":"https:\/\/rhein-main-blog.de\/bingen-swingt-2021\/"},"wordCount":753,"commentCount":0,"publisher":{"@id":"https:\/\/rhein-main-blog.de\/#organization"},"image":{"@id":"https:\/\/rhein-main-blog.de\/bingen-swingt-2021\/#primaryimage"},"thumbnailUrl":"https:\/\/rhein-main-blog.de\/wp-content\/uploads\/2021\/07\/Bingen-swingt-08.jpg","articleSection":["Events","Fundst\u00fccke"],"inLanguage":"en-US","potentialAction":[{"@type":"CommentAction","name":"Comment","target":["https:\/\/rhein-main-blog.de\/bingen-swingt-2021\/#respond"]}]},{"@type":"WebPage","@id":"https:\/\/rhein-main-blog.de\/bingen-swingt-2021\/","url":"https:\/\/rhein-main-blog.de\/bingen-swingt-2021\/","name":"Bingen swingt 2021 \u2013 Jazz am M\u00e4useturm - Rhein-Main-Blog","isPartOf":{"@id":"https:\/\/rhein-main-blog.de\/#website"},"primaryImageOfPage":{"@id":"https:\/\/rhein-main-blog.de\/bingen-swingt-2021\/#primaryimage"},"image":{"@id":"https:\/\/rhein-main-blog.de\/bingen-swingt-2021\/#primaryimage"},"thumbnailUrl":"https:\/\/rhein-main-blog.de\/wp-content\/uploads\/2021\/07\/Bingen-swingt-08.jpg","datePublished":"2021-07-02T14:17:10+00:00","dateModified":"2021-07-09T08:08:13+00:00","description":"BINGEN SWINGT! Ein einzigartiges Musikerlebnis vor atemberaubender Kulisse. Taucht mit uns ein in die Kl\u00e4nge der regionalen Jazzmusik.","breadcrumb":{"@id":"https:\/\/rhein-main-blog.de\/bingen-swingt-2021\/#breadcrumb"},"inLanguage":"en-US","potentialAction":[{"@type":"ReadAction","target":["https:\/\/rhein-main-blog.de\/bingen-swingt-2021\/"]}]},{"@type":"ImageObject","inLanguage":"en-US","@id":"https:\/\/rhein-main-blog.de\/bingen-swingt-2021\/#primaryimage","url":"https:\/\/rhein-main-blog.de\/wp-content\/uploads\/2021\/07\/Bingen-swingt-08.jpg","contentUrl":"https:\/\/rhein-main-blog.de\/wp-content\/uploads\/2021\/07\/Bingen-swingt-08.jpg","width":1024,"height":683,"caption":"Bingen swingt 2021"},{"@type":"BreadcrumbList","@id":"https:\/\/rhein-main-blog.de\/bingen-swingt-2021\/#breadcrumb","itemListElement":[{"@type":"ListItem","position":1,"name":"Startseite","item":"https:\/\/rhein-main-blog.de\/"},{"@type":"ListItem","position":2,"name":"Bingen swingt 2021 \u2013 Jazz am M\u00e4useturm"}]},{"@type":"WebSite","@id":"https:\/\/rhein-main-blog.de\/#website","url":"https:\/\/rhein-main-blog.de\/","name":"Rhein-Main-Blog","description":"Die sch\u00f6nsten Ausflugsziele und Tipps f\u00fcr das Rhein-Main-Gebiet","publisher":{"@id":"https:\/\/rhein-main-blog.de\/#organization"},"potentialAction":[{"@type":"SearchAction","target":{"@type":"EntryPoint","urlTemplate":"https:\/\/rhein-main-blog.de\/?s={search_term_string}"},"query-input":{"@type":"PropertyValueSpecification","valueRequired":true,"valueName":"search_term_string"}}],"inLanguage":"en-US"},{"@type":"Organization","@id":"https:\/\/rhein-main-blog.de\/#organization","name":"Rhein-Main-Blog","url":"https:\/\/rhein-main-blog.de\/","logo":{"@type":"ImageObject","inLanguage":"en-US","@id":"https:\/\/rhein-main-blog.de\/#\/schema\/logo\/image\/","url":"https:\/\/rhein-main-blog.de\/wp-content\/uploads\/2020\/04\/cropped-Rhein-Main-Blog-Header-Sarah-Waltinger-1-2.png","contentUrl":"https:\/\/rhein-main-blog.de\/wp-content\/uploads\/2020\/04\/cropped-Rhein-Main-Blog-Header-Sarah-Waltinger-1-2.png","width":512,"height":512,"caption":"Rhein-Main-Blog"},"image":{"@id":"https:\/\/rhein-main-blog.de\/#\/schema\/logo\/image\/"},"sameAs":["https:\/\/www.pinterest.de\/rheinmainblog\/"]},{"@type":"Person","@id":"https:\/\/rhein-main-blog.de\/#\/schema\/person\/3cd545df9cdb3080171020a70aac11e0","name":"Johanna","image":{"@type":"ImageObject","inLanguage":"en-US","@id":"https:\/\/rhein-main-blog.de\/wp-content\/uploads\/2021\/04\/IMG_20200829_154651-2-150x150.jpg","url":"https:\/\/rhein-main-blog.de\/wp-content\/uploads\/2021\/04\/IMG_20200829_154651-2-150x150.jpg","contentUrl":"https:\/\/rhein-main-blog.de\/wp-content\/uploads\/2021\/04\/IMG_20200829_154651-2-150x150.jpg","caption":"Johanna"},"description":"Johanna ist im Rhein-Main-Gebiet aufgewachsen und kennt somit den ein oder anderen Geheimtipp der Region. Sie steht eindeutig lieber hinter der Kamera und setzt auf \u201edie kleinen Momente im Leben\u201c. Diese mit der Kamera einzufangen, z\u00e4hlt neben herzerw\u00e4rmenden Schnappsch\u00fcssen zu ihren Lieblingsmotiven. Einen kleinen Einblick auf ihre Sicht der Welt k\u00f6nnt ihr auf Instagram unter @escapingthedailyroutine erhalten.","sameAs":["https:\/\/www.instagram.com\/escapingthedailyroutine\/"],"url":"https:\/\/rhein-main-blog.de\/en\/author\/johanna\/"}]}},"_links":{"self":[{"href":"https:\/\/rhein-main-blog.de\/en\/wp-json\/wp\/v2\/posts\/2722","targetHints":{"allow":["GET"]}}],"collection":[{"href":"https:\/\/rhein-main-blog.de\/en\/wp-json\/wp\/v2\/posts"}],"about":[{"href":"https:\/\/rhein-main-blog.de\/en\/wp-json\/wp\/v2\/types\/post"}],"author":[{"embeddable":true,"href":"https:\/\/rhein-main-blog.de\/en\/wp-json\/wp\/v2\/users\/9"}],"replies":[{"embeddable":true,"href":"https:\/\/rhein-main-blog.de\/en\/wp-json\/wp\/v2\/comments?post=2722"}],"version-history":[{"count":24,"href":"https:\/\/rhein-main-blog.de\/en\/wp-json\/wp\/v2\/posts\/2722\/revisions"}],"predecessor-version":[{"id":2767,"href":"https:\/\/rhein-main-blog.de\/en\/wp-json\/wp\/v2\/posts\/2722\/revisions\/2767"}],"wp:featuredmedia":[{"embeddable":true,"href":"https:\/\/rhein-main-blog.de\/en\/wp-json\/wp\/v2\/media\/2753"}],"wp:attachment":[{"href":"https:\/\/rhein-main-blog.de\/en\/wp-json\/wp\/v2\/media?parent=2722"}],"wp:term":[{"taxonomy":"category","embeddable":true,"href":"https:\/\/rhein-main-blog.de\/en\/wp-json\/wp\/v2\/categories?post=2722"},{"taxonomy":"post_tag","embeddable":true,"href":"https:\/\/rhein-main-blog.de\/en\/wp-json\/wp\/v2\/tags?post=2722"}],"curies":[{"name":"wp","href":"https:\/\/api.w.org\/{rel}","templated":true}]}}