{"id":2888,"date":"2021-11-03T11:07:44","date_gmt":"2021-11-03T10:07:44","guid":{"rendered":"https:\/\/rhein-main-blog.de\/?p=2888"},"modified":"2021-11-03T15:37:42","modified_gmt":"2021-11-03T14:37:42","slug":"hiwweltour-heideblick","status":"publish","type":"post","link":"https:\/\/rhein-main-blog.de\/en\/hiwweltour-heideblick\/","title":{"rendered":"Hiwweltour Heideblick: Herbstwandern zwischen Siefersheim und Neu-Bamberg"},"content":{"rendered":"<p class=\"wp-block-paragraph\">Wenn es in den ersten Weinlagen wieder bunt wird, beginnt eine der sch\u00f6nsten Jahreszeiten f\u00fcr eine Wanderung in <strong><a href=\"https:\/\/rhein-main-blog.de\/en\/?s=rheinhessen&amp;submit=Suche\" target=\"_blank\" rel=\"noreferrer noopener\">Rheinhessen<\/a><\/strong>. Zwischen Siefersheim und Neu-Bamberg f\u00fchrt dich die Hiwweltour Heideblick auf einer Strecke von etwa 10km durch eine sehr sch\u00f6ne und vor allem abwechslungsreiche H\u00fcgellandschaft und bietet dir dabei wundervolle Ausblicke.<\/p>\n\n\n\n<p class=\"wp-block-paragraph\">Also los geht\u2019s &#8211; es warten bunte Weinreben, schattige W\u00e4lder und weitl\u00e4ufige Heidefl\u00e4chen auf dich. Wir beginnen unseren Rundweg auf dem Wanderparkplatz in Siefersheim. Gut ausgeschildert folgen wir dem Zuweg, der uns durch den charmanten Ortskern zur eigentlichen Wanderstrecke f\u00fchrt. Schnell erreichen wir den \u00dcbergang vom Ortsrand zum angrenzenden Weinberg und tauchen in das bunte Rebenmeer ein.<\/p>\n\n\n\n<figure class=\"wp-block-image size-large\"><img loading=\"lazy\" decoding=\"async\" width=\"1024\" height=\"683\" src=\"https:\/\/rhein-main-blog.de\/wp-content\/uploads\/2021\/11\/Wandern-Rheinhessen-01.jpg\" alt=\"\" class=\"wp-image-2891\" srcset=\"https:\/\/rhein-main-blog.de\/wp-content\/uploads\/2021\/11\/Wandern-Rheinhessen-01.jpg 1024w, https:\/\/rhein-main-blog.de\/wp-content\/uploads\/2021\/11\/Wandern-Rheinhessen-01-300x200.jpg 300w, https:\/\/rhein-main-blog.de\/wp-content\/uploads\/2021\/11\/Wandern-Rheinhessen-01-768x512.jpg 768w, https:\/\/rhein-main-blog.de\/wp-content\/uploads\/2021\/11\/Wandern-Rheinhessen-01-660x440.jpg 660w, https:\/\/rhein-main-blog.de\/wp-content\/uploads\/2021\/11\/Wandern-Rheinhessen-01-1000x667.jpg 1000w, https:\/\/rhein-main-blog.de\/wp-content\/uploads\/2021\/11\/Wandern-Rheinhessen-01-373x248.jpg 373w\" sizes=\"auto, (max-width: 1024px) 100vw, 1024px\" \/><\/figure>\n\n\n\n<h2 class=\"wp-block-heading\">Wandern auf der Hiwweltour Heideblick<\/h2>\n\n\n\n<p class=\"wp-block-paragraph\">Der erste Hiwwel l\u00e4sst nicht lange auf sich warten, es geht hinauf zur Siefersheimer H\u00f6ll. Hier kannst du bereits den herrlichen Blick \u00fcber Siefersheim und die rheinhessische H\u00fcgellandschaft genie\u00dfen. Inmitten der Weinreben l\u00e4dt das Wingertsh\u00e4uschen zu einer Rast ein. Pack dir also gerne ein paar K\u00f6stlichkeiten f\u00fcr ein kleines Picknick ein und mach es dir auf einer der B\u00e4nke gem\u00fctlich.<\/p>\n\n\n\n<p class=\"wp-block-paragraph\">Genie\u00df die Auszeit &#8211; vergiss aber nicht, dass du den Gro\u00dfteil der Wanderung noch vor dir hast und es noch einiges zu entdecken gibt.<\/p>\n\n\n\n<figure class=\"wp-block-image size-large\"><img loading=\"lazy\" decoding=\"async\" width=\"1024\" height=\"683\" src=\"https:\/\/rhein-main-blog.de\/wp-content\/uploads\/2021\/11\/Wandern-Rheinhessen-02.jpg\" alt=\"\" class=\"wp-image-2893\" srcset=\"https:\/\/rhein-main-blog.de\/wp-content\/uploads\/2021\/11\/Wandern-Rheinhessen-02.jpg 1024w, https:\/\/rhein-main-blog.de\/wp-content\/uploads\/2021\/11\/Wandern-Rheinhessen-02-300x200.jpg 300w, https:\/\/rhein-main-blog.de\/wp-content\/uploads\/2021\/11\/Wandern-Rheinhessen-02-768x512.jpg 768w, https:\/\/rhein-main-blog.de\/wp-content\/uploads\/2021\/11\/Wandern-Rheinhessen-02-660x440.jpg 660w, https:\/\/rhein-main-blog.de\/wp-content\/uploads\/2021\/11\/Wandern-Rheinhessen-02-1000x667.jpg 1000w, https:\/\/rhein-main-blog.de\/wp-content\/uploads\/2021\/11\/Wandern-Rheinhessen-02-373x248.jpg 373w\" sizes=\"auto, (max-width: 1024px) 100vw, 1024px\" \/><\/figure>\n\n\n\n<figure class=\"wp-block-image size-large\"><img loading=\"lazy\" decoding=\"async\" width=\"1024\" height=\"683\" src=\"https:\/\/rhein-main-blog.de\/wp-content\/uploads\/2021\/11\/Wandern-Rheinhessen-03.jpg\" alt=\"\" class=\"wp-image-2894\" srcset=\"https:\/\/rhein-main-blog.de\/wp-content\/uploads\/2021\/11\/Wandern-Rheinhessen-03.jpg 1024w, https:\/\/rhein-main-blog.de\/wp-content\/uploads\/2021\/11\/Wandern-Rheinhessen-03-300x200.jpg 300w, https:\/\/rhein-main-blog.de\/wp-content\/uploads\/2021\/11\/Wandern-Rheinhessen-03-768x512.jpg 768w, https:\/\/rhein-main-blog.de\/wp-content\/uploads\/2021\/11\/Wandern-Rheinhessen-03-660x440.jpg 660w, https:\/\/rhein-main-blog.de\/wp-content\/uploads\/2021\/11\/Wandern-Rheinhessen-03-1000x667.jpg 1000w, https:\/\/rhein-main-blog.de\/wp-content\/uploads\/2021\/11\/Wandern-Rheinhessen-03-373x248.jpg 373w\" sizes=\"auto, (max-width: 1024px) 100vw, 1024px\" \/><\/figure>\n\n\n\n<p class=\"wp-block-paragraph\">Weiter geht es, wir folgen den Wegkennzeichnungen durch die Wiesen und Weinberge und lassen dabei unseren Blick immer wieder \u00fcber Ackerfl\u00e4chen, Berge und T\u00e4ler schweifen.&nbsp; Am Rande des Weges k\u00f6nnen wir schon bald den Ajaxturm entdecken. Der Rundturm soll 1865 von einem Winzer erbaut worden sein. Der Name ist wohl auf dessen gleichnamigen Hund zur\u00fcckzuf\u00fchren. Begehen kann man den Turm leider nicht, er schm\u00fcckt daf\u00fcr aber die Wegkulisse dieser Hiwweltour.<\/p>\n\n\n\n<figure class=\"wp-block-image size-large\"><img loading=\"lazy\" decoding=\"async\" width=\"1024\" height=\"683\" src=\"https:\/\/rhein-main-blog.de\/wp-content\/uploads\/2021\/11\/Wandern-Rheinhessen-05.jpg\" alt=\"\" class=\"wp-image-2895\" srcset=\"https:\/\/rhein-main-blog.de\/wp-content\/uploads\/2021\/11\/Wandern-Rheinhessen-05.jpg 1024w, https:\/\/rhein-main-blog.de\/wp-content\/uploads\/2021\/11\/Wandern-Rheinhessen-05-300x200.jpg 300w, https:\/\/rhein-main-blog.de\/wp-content\/uploads\/2021\/11\/Wandern-Rheinhessen-05-768x512.jpg 768w, https:\/\/rhein-main-blog.de\/wp-content\/uploads\/2021\/11\/Wandern-Rheinhessen-05-660x440.jpg 660w, https:\/\/rhein-main-blog.de\/wp-content\/uploads\/2021\/11\/Wandern-Rheinhessen-05-1000x667.jpg 1000w, https:\/\/rhein-main-blog.de\/wp-content\/uploads\/2021\/11\/Wandern-Rheinhessen-05-373x248.jpg 373w\" sizes=\"auto, (max-width: 1024px) 100vw, 1024px\" \/><\/figure>\n\n\n\n<h2 class=\"wp-block-heading\">Mittelalterliche Burgruine und Wein auf Knopfdruck<\/h2>\n\n\n\n<p class=\"wp-block-paragraph\">Am Turm vorbei geht es auf einem uralten Wingertspfad bergab in Richtung Neu-Bamberg. Mit seinem historischen Ortskern und der imposanten Burgruine \u2013 lohnt sich ein Abstecher in jedem Fall. Solltest du davon noch nicht \u00fcberzeugt sein, lockt der Weinomat (Hesselborner M\u00fchle) mit seinem Angebot an regionalen und gek\u00fchlten Weinen auf Knopfdruck.<\/p>\n\n\n\n<figure class=\"wp-block-image size-large\"><img loading=\"lazy\" decoding=\"async\" width=\"1024\" height=\"683\" src=\"https:\/\/rhein-main-blog.de\/wp-content\/uploads\/2021\/11\/Wandern-Rheinhessen-08.jpg\" alt=\"\" class=\"wp-image-2897\" srcset=\"https:\/\/rhein-main-blog.de\/wp-content\/uploads\/2021\/11\/Wandern-Rheinhessen-08.jpg 1024w, https:\/\/rhein-main-blog.de\/wp-content\/uploads\/2021\/11\/Wandern-Rheinhessen-08-300x200.jpg 300w, https:\/\/rhein-main-blog.de\/wp-content\/uploads\/2021\/11\/Wandern-Rheinhessen-08-768x512.jpg 768w, https:\/\/rhein-main-blog.de\/wp-content\/uploads\/2021\/11\/Wandern-Rheinhessen-08-660x440.jpg 660w, https:\/\/rhein-main-blog.de\/wp-content\/uploads\/2021\/11\/Wandern-Rheinhessen-08-1000x667.jpg 1000w, https:\/\/rhein-main-blog.de\/wp-content\/uploads\/2021\/11\/Wandern-Rheinhessen-08-373x248.jpg 373w\" sizes=\"auto, (max-width: 1024px) 100vw, 1024px\" \/><\/figure>\n\n\n\n<figure class=\"wp-block-gallery aligncenter columns-1 is-cropped wp-block-gallery-1 is-layout-flex wp-block-gallery-is-layout-flex\"><ul class=\"blocks-gallery-grid\"><li class=\"blocks-gallery-item\"><figure><img loading=\"lazy\" decoding=\"async\" width=\"1024\" height=\"1536\" src=\"https:\/\/rhein-main-blog.de\/wp-content\/uploads\/2021\/11\/Wandern-Rheinhessen-07.jpg\" alt=\"\" data-id=\"2896\" class=\"wp-image-2896\" srcset=\"https:\/\/rhein-main-blog.de\/wp-content\/uploads\/2021\/11\/Wandern-Rheinhessen-07.jpg 1024w, https:\/\/rhein-main-blog.de\/wp-content\/uploads\/2021\/11\/Wandern-Rheinhessen-07-200x300.jpg 200w, https:\/\/rhein-main-blog.de\/wp-content\/uploads\/2021\/11\/Wandern-Rheinhessen-07-683x1024.jpg 683w, https:\/\/rhein-main-blog.de\/wp-content\/uploads\/2021\/11\/Wandern-Rheinhessen-07-768x1152.jpg 768w, https:\/\/rhein-main-blog.de\/wp-content\/uploads\/2021\/11\/Wandern-Rheinhessen-07-660x990.jpg 660w, https:\/\/rhein-main-blog.de\/wp-content\/uploads\/2021\/11\/Wandern-Rheinhessen-07-1000x1500.jpg 1000w\" sizes=\"auto, (max-width: 1024px) 100vw, 1024px\" \/><\/figure><\/li><\/ul><\/figure>\n\n\n\n<p class=\"wp-block-paragraph\">Nach unserer Weinpause am leise pl\u00e4tschernden Appelbach f\u00fchrt ein Pfad in den dichtbelaubten Wald. Hier erwarten dich neben schattigen Waldabschnitten auch einige H\u00f6henmeter. Im Herbst ist das bunte Bl\u00e4tterdach besonders sch\u00f6n. Wir erreichen einen Aussichtspunkt mit Blick auf die imposante Bergruine Neu-Bamberg.<\/p>\n\n\n\n<figure class=\"wp-block-image size-large\"><img loading=\"lazy\" decoding=\"async\" width=\"1024\" height=\"683\" src=\"https:\/\/rhein-main-blog.de\/wp-content\/uploads\/2021\/11\/Wandern-Rheinhessen-09.jpg\" alt=\"\" class=\"wp-image-2901\" srcset=\"https:\/\/rhein-main-blog.de\/wp-content\/uploads\/2021\/11\/Wandern-Rheinhessen-09.jpg 1024w, https:\/\/rhein-main-blog.de\/wp-content\/uploads\/2021\/11\/Wandern-Rheinhessen-09-300x200.jpg 300w, https:\/\/rhein-main-blog.de\/wp-content\/uploads\/2021\/11\/Wandern-Rheinhessen-09-768x512.jpg 768w, https:\/\/rhein-main-blog.de\/wp-content\/uploads\/2021\/11\/Wandern-Rheinhessen-09-660x440.jpg 660w, https:\/\/rhein-main-blog.de\/wp-content\/uploads\/2021\/11\/Wandern-Rheinhessen-09-1000x667.jpg 1000w, https:\/\/rhein-main-blog.de\/wp-content\/uploads\/2021\/11\/Wandern-Rheinhessen-09-373x248.jpg 373w\" sizes=\"auto, (max-width: 1024px) 100vw, 1024px\" \/><\/figure>\n\n\n\n<figure class=\"wp-block-image size-large\"><img loading=\"lazy\" decoding=\"async\" width=\"1024\" height=\"683\" src=\"https:\/\/rhein-main-blog.de\/wp-content\/uploads\/2021\/11\/Wandern-Rheinhessen-11.jpg\" alt=\"\" class=\"wp-image-2902\" srcset=\"https:\/\/rhein-main-blog.de\/wp-content\/uploads\/2021\/11\/Wandern-Rheinhessen-11.jpg 1024w, https:\/\/rhein-main-blog.de\/wp-content\/uploads\/2021\/11\/Wandern-Rheinhessen-11-300x200.jpg 300w, https:\/\/rhein-main-blog.de\/wp-content\/uploads\/2021\/11\/Wandern-Rheinhessen-11-768x512.jpg 768w, https:\/\/rhein-main-blog.de\/wp-content\/uploads\/2021\/11\/Wandern-Rheinhessen-11-660x440.jpg 660w, https:\/\/rhein-main-blog.de\/wp-content\/uploads\/2021\/11\/Wandern-Rheinhessen-11-1000x667.jpg 1000w, https:\/\/rhein-main-blog.de\/wp-content\/uploads\/2021\/11\/Wandern-Rheinhessen-11-373x248.jpg 373w\" sizes=\"auto, (max-width: 1024px) 100vw, 1024px\" \/><\/figure>\n\n\n\n<h2 class=\"wp-block-heading\">Hinauf zum Adlerdenkmal<\/h2>\n\n\n\n<p class=\"wp-block-paragraph\">Teils schmale Pfade leiten uns durch den Wald und schon bald beginnt der Anstieg Richtung M\u00fchlberg. Oben angekommen erreichen wir den H\u00f6hepunkt &#8211; das Adlerdenkmal. Einst mit Feldsteinen errichtet, um den Opfern des 1. Weltkrieges zu gedenken.<\/p>\n\n\n\n<p class=\"wp-block-paragraph\">Wer diesen Aufstieg gemeistert hat, wird mit einer tollen Aussicht \u00fcber das Naturschutzgebiet Neu-Bamberger Heide belohnt. Sp\u00e4testens jetzt macht der Name dieser Hiwweltour Sinn, denn wir befinden uns inmitten der Heide. Besonders zur zwischen August und September kannst du hier die volle Bl\u00fctenpracht bewundern.<\/p>\n\n\n\n<figure class=\"wp-block-image size-large\"><img loading=\"lazy\" decoding=\"async\" width=\"1024\" height=\"683\" src=\"https:\/\/rhein-main-blog.de\/wp-content\/uploads\/2021\/11\/Wandern-Rheinhessen-13.jpg\" alt=\"\" class=\"wp-image-2904\" srcset=\"https:\/\/rhein-main-blog.de\/wp-content\/uploads\/2021\/11\/Wandern-Rheinhessen-13.jpg 1024w, https:\/\/rhein-main-blog.de\/wp-content\/uploads\/2021\/11\/Wandern-Rheinhessen-13-300x200.jpg 300w, https:\/\/rhein-main-blog.de\/wp-content\/uploads\/2021\/11\/Wandern-Rheinhessen-13-768x512.jpg 768w, https:\/\/rhein-main-blog.de\/wp-content\/uploads\/2021\/11\/Wandern-Rheinhessen-13-660x440.jpg 660w, https:\/\/rhein-main-blog.de\/wp-content\/uploads\/2021\/11\/Wandern-Rheinhessen-13-1000x667.jpg 1000w, https:\/\/rhein-main-blog.de\/wp-content\/uploads\/2021\/11\/Wandern-Rheinhessen-13-373x248.jpg 373w\" sizes=\"auto, (max-width: 1024px) 100vw, 1024px\" \/><\/figure>\n\n\n\n<p class=\"wp-block-paragraph\">Genusswandern ohne Wein? Nicht in Rheinhessen! Nach einem kurzen Fu\u00dfmarsch erreichen wir die Winzer Alm, ihr Slogan ist vielversprechend \u2013 \u201eEnde der Durststrecke\u201c. Egal ob &nbsp;Weinschorle, Traubensaft oder Butterbrezel \u2013 auf der Winzeralm wirst du f\u00fcr deinen Aufstieg belohnt. Es gilt: immer, wenn die Fahne schwenkt wird ausgeschenkt. Die \u00d6ffnungszeiten findest du aber auch auf der Website des Weinguts Zimmermann. Neben kulinarischen K\u00f6stlichkeiten bietet dieser Platz auch einen grandiosen Panoramablick &#8211; nicht umsonst wurde er 2016 zur sch\u00f6nsten Weinsicht Rheinhessens gek\u00fcrt.<\/p>\n\n\n\n<figure class=\"wp-block-image size-large\"><img loading=\"lazy\" decoding=\"async\" width=\"1024\" height=\"683\" src=\"https:\/\/rhein-main-blog.de\/wp-content\/uploads\/2021\/11\/Wandern-Rheinhessen-12.jpg\" alt=\"\" class=\"wp-image-2905\" srcset=\"https:\/\/rhein-main-blog.de\/wp-content\/uploads\/2021\/11\/Wandern-Rheinhessen-12.jpg 1024w, https:\/\/rhein-main-blog.de\/wp-content\/uploads\/2021\/11\/Wandern-Rheinhessen-12-300x200.jpg 300w, https:\/\/rhein-main-blog.de\/wp-content\/uploads\/2021\/11\/Wandern-Rheinhessen-12-768x512.jpg 768w, https:\/\/rhein-main-blog.de\/wp-content\/uploads\/2021\/11\/Wandern-Rheinhessen-12-660x440.jpg 660w, https:\/\/rhein-main-blog.de\/wp-content\/uploads\/2021\/11\/Wandern-Rheinhessen-12-1000x667.jpg 1000w, https:\/\/rhein-main-blog.de\/wp-content\/uploads\/2021\/11\/Wandern-Rheinhessen-12-373x248.jpg 373w\" sizes=\"auto, (max-width: 1024px) 100vw, 1024px\" \/><\/figure>\n\n\n\n<p class=\"wp-block-paragraph\">Gut gest\u00e4rkt machen wir uns auf den Weg, um die letzten zweieinhalb Kilometer des Rundweges zu meistern. \u00dcbrigens: an dieser Stelle kannst du auch auf direktem Weg ganz gem\u00fctlich in 20 Minuten zur\u00fcck nach Siefersheim laufen. Vorbei an einigen Weinbergsh\u00e4uschen, dem Tisch des Weins, mitten durchs Rebenmeer f\u00fchrt uns der Weg zur\u00fcck zum Ausgangspunkt der Tour, wo wir unsere Genusswanderung beenden.<\/p>\n\n\n\n<figure class=\"wp-block-image size-large\"><img loading=\"lazy\" decoding=\"async\" width=\"1024\" height=\"683\" src=\"https:\/\/rhein-main-blog.de\/wp-content\/uploads\/2021\/11\/Wandern-Rheinhessen-14.jpg\" alt=\"\" class=\"wp-image-2907\" srcset=\"https:\/\/rhein-main-blog.de\/wp-content\/uploads\/2021\/11\/Wandern-Rheinhessen-14.jpg 1024w, https:\/\/rhein-main-blog.de\/wp-content\/uploads\/2021\/11\/Wandern-Rheinhessen-14-300x200.jpg 300w, https:\/\/rhein-main-blog.de\/wp-content\/uploads\/2021\/11\/Wandern-Rheinhessen-14-768x512.jpg 768w, https:\/\/rhein-main-blog.de\/wp-content\/uploads\/2021\/11\/Wandern-Rheinhessen-14-660x440.jpg 660w, https:\/\/rhein-main-blog.de\/wp-content\/uploads\/2021\/11\/Wandern-Rheinhessen-14-1000x667.jpg 1000w, https:\/\/rhein-main-blog.de\/wp-content\/uploads\/2021\/11\/Wandern-Rheinhessen-14-373x248.jpg 373w\" sizes=\"auto, (max-width: 1024px) 100vw, 1024px\" \/><\/figure>\n\n\n\n<figure class=\"wp-block-image size-large\"><img loading=\"lazy\" decoding=\"async\" width=\"1024\" height=\"683\" src=\"https:\/\/rhein-main-blog.de\/wp-content\/uploads\/2021\/11\/Wandern-Rheinhessen-04.jpg\" alt=\"\" class=\"wp-image-2906\" srcset=\"https:\/\/rhein-main-blog.de\/wp-content\/uploads\/2021\/11\/Wandern-Rheinhessen-04.jpg 1024w, https:\/\/rhein-main-blog.de\/wp-content\/uploads\/2021\/11\/Wandern-Rheinhessen-04-300x200.jpg 300w, https:\/\/rhein-main-blog.de\/wp-content\/uploads\/2021\/11\/Wandern-Rheinhessen-04-768x512.jpg 768w, https:\/\/rhein-main-blog.de\/wp-content\/uploads\/2021\/11\/Wandern-Rheinhessen-04-660x440.jpg 660w, https:\/\/rhein-main-blog.de\/wp-content\/uploads\/2021\/11\/Wandern-Rheinhessen-04-1000x667.jpg 1000w, https:\/\/rhein-main-blog.de\/wp-content\/uploads\/2021\/11\/Wandern-Rheinhessen-04-373x248.jpg 373w\" sizes=\"auto, (max-width: 1024px) 100vw, 1024px\" \/><\/figure>\n\n\n\n<h2 class=\"wp-block-heading\">Hiwweltour Heideblick: Praktische Tipps<\/h2>\n\n\n\n<h3 class=\"wp-block-heading\">Hinkommen<\/h3>\n\n\n\n<p class=\"wp-block-paragraph\">Bei der Anreise mit dem Auto, empfiehlt sich der kostenlose Wanderparkplatz \u201eAm G\u00e4nsborn\u201c in Siefersheim. \u00dcber den etwa 800m langen Zuweg erreichst du schnell den Einstieg in die Hiwweltour. Mit dem Bus, empfiehlt sich eine Verbindung von Bad Kreuznach nach Siefersheim. Alternativ kann dieser Rundweg auch in Neu- Bamberg gestartet werden.<\/p>\n\n\n\n<h3 class=\"wp-block-heading\">Details zur Strecke<\/h3>\n\n\n\n<p class=\"wp-block-paragraph\">F\u00fcr die Strecke von ca. 10km (mit Zuweg ca. 11,6km) und etwa 190 H\u00f6henmeter kannst du eine Dauer von 3-4 Stunden einplanen. Die Hiwweltour Heideblick ist eine leichte bis stellenweise mittelschwere Wandertour.<\/p>\n\n\n\n<p class=\"wp-block-paragraph\">Den GPS-Track kannst du <strong><a href=\"https:\/\/www.rheinhessen.de\/hiwweltour-heideblick\" target=\"_blank\" rel=\"noreferrer noopener\">hier<\/a> <\/strong>downloaden.<\/p>\n\n\n\n<h3 class=\"wp-block-heading\">Einkehrm\u00f6glichkeiten<\/h3>\n\n\n\n<p class=\"wp-block-paragraph\">Auf der gesamten Strecke laden B\u00e4nke und Rastpl\u00e4tze immer wieder zum Verweilen ein. In der Ortsmitte von Siefersheim und Neu-Bamberg bieten zahlreiche Weinstuben die M\u00f6glichkeit zum Einkehren. Dar\u00fcber hinaus hat die Winzeralm der Familie Zimmermann saisonal ge\u00f6ffnet und verk\u00f6stigt dich mit regionalen Weinen, frischen Bretzeln und leckerem Traubensaft.<\/p>\n\n\n\n<ul class=\"wp-block-list\"><li>Winzer Alm, <a href=\"https:\/\/weingut-zimmermann.de\/\" target=\"_blank\" rel=\"noreferrer noopener\"><strong>Weingut Zimmermann<\/strong><\/a> in Siefersheim<\/li><li><a href=\"https:\/\/junkermuehle.net\/\" target=\"_blank\" rel=\"noreferrer noopener\"><strong>Zur Junkerm\u00fchle<\/strong><\/a> in Neu-Bamberg<\/li><\/ul>\n\n\n\n<h2 class=\"wp-block-heading\">Weitere Tipps f\u00fcr Wanderungen in der Region findest du <a href=\"https:\/\/rhein-main-blog.de\/en\/category\/outdoor\/wandern\/\" target=\"_blank\" rel=\"noreferrer noopener\"><strong>hier<\/strong><\/a>.<\/h2>\n\n\n\n<blockquote class=\"wp-block-quote is-style-large is-layout-flow wp-block-quote-is-layout-flow\"><p>Sharing is caring &lt;3<\/p><\/blockquote>\n\n\n\n<figure class=\"wp-block-gallery aligncenter columns-2 is-cropped wp-block-gallery-2 is-layout-flex wp-block-gallery-is-layout-flex\"><ul class=\"blocks-gallery-grid\"><li class=\"blocks-gallery-item\"><figure><img loading=\"lazy\" decoding=\"async\" width=\"683\" height=\"1024\" src=\"https:\/\/rhein-main-blog.de\/wp-content\/uploads\/2021\/11\/01-Herbstwanderung-in-Rheinhessen-683x1024.jpg\" alt=\"\" data-id=\"2925\" data-full-url=\"https:\/\/rhein-main-blog.de\/wp-content\/uploads\/2021\/11\/01-Herbstwanderung-in-Rheinhessen.jpg\" data-link=\"https:\/\/rhein-main-blog.de\/?attachment_id=2925\" class=\"wp-image-2925\" srcset=\"https:\/\/rhein-main-blog.de\/wp-content\/uploads\/2021\/11\/01-Herbstwanderung-in-Rheinhessen-683x1024.jpg 683w, https:\/\/rhein-main-blog.de\/wp-content\/uploads\/2021\/11\/01-Herbstwanderung-in-Rheinhessen-200x300.jpg 200w, https:\/\/rhein-main-blog.de\/wp-content\/uploads\/2021\/11\/01-Herbstwanderung-in-Rheinhessen-768x1152.jpg 768w, https:\/\/rhein-main-blog.de\/wp-content\/uploads\/2021\/11\/01-Herbstwanderung-in-Rheinhessen-660x990.jpg 660w, https:\/\/rhein-main-blog.de\/wp-content\/uploads\/2021\/11\/01-Herbstwanderung-in-Rheinhessen-1000x1500.jpg 1000w, https:\/\/rhein-main-blog.de\/wp-content\/uploads\/2021\/11\/01-Herbstwanderung-in-Rheinhessen.jpg 1024w\" sizes=\"auto, (max-width: 683px) 100vw, 683px\" \/><\/figure><\/li><li class=\"blocks-gallery-item\"><figure><img loading=\"lazy\" decoding=\"async\" width=\"683\" height=\"1024\" src=\"https:\/\/rhein-main-blog.de\/wp-content\/uploads\/2021\/11\/01-Wandern-in-Rheinhessen-Hiwweltour-Heideblick-683x1024.jpg\" alt=\"\" data-id=\"2926\" data-full-url=\"https:\/\/rhein-main-blog.de\/wp-content\/uploads\/2021\/11\/01-Wandern-in-Rheinhessen-Hiwweltour-Heideblick.jpg\" data-link=\"https:\/\/rhein-main-blog.de\/?attachment_id=2926\" class=\"wp-image-2926\" srcset=\"https:\/\/rhein-main-blog.de\/wp-content\/uploads\/2021\/11\/01-Wandern-in-Rheinhessen-Hiwweltour-Heideblick-683x1024.jpg 683w, https:\/\/rhein-main-blog.de\/wp-content\/uploads\/2021\/11\/01-Wandern-in-Rheinhessen-Hiwweltour-Heideblick-200x300.jpg 200w, https:\/\/rhein-main-blog.de\/wp-content\/uploads\/2021\/11\/01-Wandern-in-Rheinhessen-Hiwweltour-Heideblick-768x1152.jpg 768w, https:\/\/rhein-main-blog.de\/wp-content\/uploads\/2021\/11\/01-Wandern-in-Rheinhessen-Hiwweltour-Heideblick-660x990.jpg 660w, https:\/\/rhein-main-blog.de\/wp-content\/uploads\/2021\/11\/01-Wandern-in-Rheinhessen-Hiwweltour-Heideblick-1000x1500.jpg 1000w, https:\/\/rhein-main-blog.de\/wp-content\/uploads\/2021\/11\/01-Wandern-in-Rheinhessen-Hiwweltour-Heideblick.jpg 1024w\" sizes=\"auto, (max-width: 683px) 100vw, 683px\" \/><\/figure><\/li><\/ul><\/figure>","protected":false},"excerpt":{"rendered":"<p>Wenn es in den ersten Weinlagen wieder bunt wird, beginnt eine der sch\u00f6nsten Jahreszeiten f\u00fcr eine Wanderung in Rheinhessen. Zwischen Siefersheim und Neu-Bamberg f\u00fchrt dich die Hiwweltour Heideblick auf einer&hellip; <a class=\"excerpt-more-link\" href=\"https:\/\/rhein-main-blog.de\/en\/hiwweltour-heideblick\/\">Read More<\/a><\/p>","protected":false},"author":8,"featured_media":2890,"comment_status":"open","ping_status":"open","sticky":false,"template":"","format":"standard","meta":{"footnotes":""},"categories":[50,24,26],"tags":[38],"class_list":["post-2888","post","type-post","status-publish","format-standard","has-post-thumbnail","hentry","category-herbst","category-outdoor","category-wandern","tag-rheinhessen"],"yoast_head":"<!-- This site is optimized with the Yoast SEO plugin v28.1 - https:\/\/yoast.com\/product\/yoast-seo-wordpress\/ -->\n<title>Hiwweltour Heideblick: Herbstwandern zwischen Siefersheim und Neu-Bamberg - Rhein-Main-Blog<\/title>\n<meta name=\"description\" content=\"Wer denkt, Rheinhessen best\u00fcnde nur aus Weinbergen, der wird auf der Hiwweltour Heideblick eines Besseren belehrt.\" \/>\n<meta name=\"robots\" content=\"index, follow, max-snippet:-1, max-image-preview:large, max-video-preview:-1\" \/>\n<link rel=\"canonical\" href=\"https:\/\/rhein-main-blog.de\/en\/hiwweltour-heideblick\/\" \/>\n<meta property=\"og:locale\" content=\"en_US\" \/>\n<meta property=\"og:type\" content=\"article\" \/>\n<meta property=\"og:title\" content=\"Hiwweltour Heideblick: Herbstwandern zwischen Siefersheim und Neu-Bamberg - Rhein-Main-Blog\" \/>\n<meta property=\"og:description\" content=\"Wer denkt, Rheinhessen best\u00fcnde nur aus Weinbergen, der wird auf der Hiwweltour Heideblick eines Besseren belehrt.\" \/>\n<meta property=\"og:url\" content=\"https:\/\/rhein-main-blog.de\/en\/hiwweltour-heideblick\/\" \/>\n<meta property=\"og:site_name\" content=\"Rhein-Main-Blog\" \/>\n<meta property=\"article:published_time\" content=\"2021-11-03T10:07:44+00:00\" \/>\n<meta property=\"article:modified_time\" content=\"2021-11-03T14:37:42+00:00\" \/>\n<meta property=\"og:image\" content=\"https:\/\/rhein-main-blog.de\/wp-content\/uploads\/2021\/11\/Hiwweltour-Heideblick.jpg\" \/>\n\t<meta property=\"og:image:width\" content=\"1024\" \/>\n\t<meta property=\"og:image:height\" content=\"683\" \/>\n\t<meta property=\"og:image:type\" content=\"image\/jpeg\" \/>\n<meta name=\"author\" content=\"Theresa\" \/>\n<meta name=\"twitter:card\" content=\"summary_large_image\" \/>\n<meta name=\"twitter:label1\" content=\"Written by\" \/>\n\t<meta name=\"twitter:data1\" content=\"Theresa\" \/>\n\t<meta name=\"twitter:label2\" content=\"Est. reading time\" \/>\n\t<meta name=\"twitter:data2\" content=\"7 minutes\" \/>\n<script type=\"application\/ld+json\" class=\"yoast-schema-graph\">{\"@context\":\"https:\\\/\\\/schema.org\",\"@graph\":[{\"@type\":\"Article\",\"@id\":\"https:\\\/\\\/rhein-main-blog.de\\\/hiwweltour-heideblick\\\/#article\",\"isPartOf\":{\"@id\":\"https:\\\/\\\/rhein-main-blog.de\\\/hiwweltour-heideblick\\\/\"},\"author\":{\"name\":\"Theresa\",\"@id\":\"https:\\\/\\\/rhein-main-blog.de\\\/#\\\/schema\\\/person\\\/e3836f78338c89525af3b91bd1e69acd\"},\"headline\":\"Hiwweltour Heideblick: Herbstwandern zwischen Siefersheim und Neu-Bamberg\",\"datePublished\":\"2021-11-03T10:07:44+00:00\",\"dateModified\":\"2021-11-03T14:37:42+00:00\",\"mainEntityOfPage\":{\"@id\":\"https:\\\/\\\/rhein-main-blog.de\\\/hiwweltour-heideblick\\\/\"},\"wordCount\":823,\"commentCount\":0,\"publisher\":{\"@id\":\"https:\\\/\\\/rhein-main-blog.de\\\/#organization\"},\"image\":{\"@id\":\"https:\\\/\\\/rhein-main-blog.de\\\/hiwweltour-heideblick\\\/#primaryimage\"},\"thumbnailUrl\":\"https:\\\/\\\/rhein-main-blog.de\\\/wp-content\\\/uploads\\\/2021\\\/11\\\/Hiwweltour-Heideblick.jpg\",\"keywords\":[\"Rheinhessen\"],\"articleSection\":[\"Herbst\",\"Outdoor\",\"Wandern\"],\"inLanguage\":\"en-US\",\"potentialAction\":[{\"@type\":\"CommentAction\",\"name\":\"Comment\",\"target\":[\"https:\\\/\\\/rhein-main-blog.de\\\/hiwweltour-heideblick\\\/#respond\"]}]},{\"@type\":\"WebPage\",\"@id\":\"https:\\\/\\\/rhein-main-blog.de\\\/hiwweltour-heideblick\\\/\",\"url\":\"https:\\\/\\\/rhein-main-blog.de\\\/hiwweltour-heideblick\\\/\",\"name\":\"Hiwweltour Heideblick: Herbstwandern zwischen Siefersheim und Neu-Bamberg - Rhein-Main-Blog\",\"isPartOf\":{\"@id\":\"https:\\\/\\\/rhein-main-blog.de\\\/#website\"},\"primaryImageOfPage\":{\"@id\":\"https:\\\/\\\/rhein-main-blog.de\\\/hiwweltour-heideblick\\\/#primaryimage\"},\"image\":{\"@id\":\"https:\\\/\\\/rhein-main-blog.de\\\/hiwweltour-heideblick\\\/#primaryimage\"},\"thumbnailUrl\":\"https:\\\/\\\/rhein-main-blog.de\\\/wp-content\\\/uploads\\\/2021\\\/11\\\/Hiwweltour-Heideblick.jpg\",\"datePublished\":\"2021-11-03T10:07:44+00:00\",\"dateModified\":\"2021-11-03T14:37:42+00:00\",\"description\":\"Wer denkt, Rheinhessen best\u00fcnde nur aus Weinbergen, der wird auf der Hiwweltour Heideblick eines Besseren belehrt.\",\"breadcrumb\":{\"@id\":\"https:\\\/\\\/rhein-main-blog.de\\\/hiwweltour-heideblick\\\/#breadcrumb\"},\"inLanguage\":\"en-US\",\"potentialAction\":[{\"@type\":\"ReadAction\",\"target\":[\"https:\\\/\\\/rhein-main-blog.de\\\/hiwweltour-heideblick\\\/\"]}]},{\"@type\":\"ImageObject\",\"inLanguage\":\"en-US\",\"@id\":\"https:\\\/\\\/rhein-main-blog.de\\\/hiwweltour-heideblick\\\/#primaryimage\",\"url\":\"https:\\\/\\\/rhein-main-blog.de\\\/wp-content\\\/uploads\\\/2021\\\/11\\\/Hiwweltour-Heideblick.jpg\",\"contentUrl\":\"https:\\\/\\\/rhein-main-blog.de\\\/wp-content\\\/uploads\\\/2021\\\/11\\\/Hiwweltour-Heideblick.jpg\",\"width\":1024,\"height\":683,\"caption\":\"Hiwweltour Heideblick\"},{\"@type\":\"BreadcrumbList\",\"@id\":\"https:\\\/\\\/rhein-main-blog.de\\\/hiwweltour-heideblick\\\/#breadcrumb\",\"itemListElement\":[{\"@type\":\"ListItem\",\"position\":1,\"name\":\"Startseite\",\"item\":\"https:\\\/\\\/rhein-main-blog.de\\\/\"},{\"@type\":\"ListItem\",\"position\":2,\"name\":\"Hiwweltour Heideblick: Herbstwandern zwischen Siefersheim und Neu-Bamberg\"}]},{\"@type\":\"WebSite\",\"@id\":\"https:\\\/\\\/rhein-main-blog.de\\\/#website\",\"url\":\"https:\\\/\\\/rhein-main-blog.de\\\/\",\"name\":\"Rhein-Main-Blog\",\"description\":\"Die sch\u00f6nsten Ausflugsziele und Tipps f\u00fcr das Rhein-Main-Gebiet\",\"publisher\":{\"@id\":\"https:\\\/\\\/rhein-main-blog.de\\\/#organization\"},\"potentialAction\":[{\"@type\":\"SearchAction\",\"target\":{\"@type\":\"EntryPoint\",\"urlTemplate\":\"https:\\\/\\\/rhein-main-blog.de\\\/?s={search_term_string}\"},\"query-input\":{\"@type\":\"PropertyValueSpecification\",\"valueRequired\":true,\"valueName\":\"search_term_string\"}}],\"inLanguage\":\"en-US\"},{\"@type\":\"Organization\",\"@id\":\"https:\\\/\\\/rhein-main-blog.de\\\/#organization\",\"name\":\"Rhein-Main-Blog\",\"url\":\"https:\\\/\\\/rhein-main-blog.de\\\/\",\"logo\":{\"@type\":\"ImageObject\",\"inLanguage\":\"en-US\",\"@id\":\"https:\\\/\\\/rhein-main-blog.de\\\/#\\\/schema\\\/logo\\\/image\\\/\",\"url\":\"https:\\\/\\\/rhein-main-blog.de\\\/wp-content\\\/uploads\\\/2020\\\/04\\\/cropped-Rhein-Main-Blog-Header-Sarah-Waltinger-1-2.png\",\"contentUrl\":\"https:\\\/\\\/rhein-main-blog.de\\\/wp-content\\\/uploads\\\/2020\\\/04\\\/cropped-Rhein-Main-Blog-Header-Sarah-Waltinger-1-2.png\",\"width\":512,\"height\":512,\"caption\":\"Rhein-Main-Blog\"},\"image\":{\"@id\":\"https:\\\/\\\/rhein-main-blog.de\\\/#\\\/schema\\\/logo\\\/image\\\/\"},\"sameAs\":[\"https:\\\/\\\/www.pinterest.de\\\/rheinmainblog\\\/\"]},{\"@type\":\"Person\",\"@id\":\"https:\\\/\\\/rhein-main-blog.de\\\/#\\\/schema\\\/person\\\/e3836f78338c89525af3b91bd1e69acd\",\"name\":\"Theresa\",\"image\":{\"@type\":\"ImageObject\",\"inLanguage\":\"en-US\",\"@id\":\"https:\\\/\\\/rhein-main-blog.de\\\/wp-content\\\/uploads\\\/2022\\\/09\\\/Theresa-Berke-150x150.jpg\",\"url\":\"https:\\\/\\\/rhein-main-blog.de\\\/wp-content\\\/uploads\\\/2022\\\/09\\\/Theresa-Berke-150x150.jpg\",\"contentUrl\":\"https:\\\/\\\/rhein-main-blog.de\\\/wp-content\\\/uploads\\\/2022\\\/09\\\/Theresa-Berke-150x150.jpg\",\"caption\":\"Theresa\"},\"description\":\"Von der Hauptstadtmetropole Berlin zog es Theresa der Liebe wegen ins beschauliche Wiesbaden. Doch zu Hause trifft man sie tats\u00e4chlich eher selten, denn sie liebt das Reisen. Egal ob sch\u00f6ne St\u00e4dte, herrliche Natur, s\u00fc\u00dfe Cafes oder nette Restaurants \u2013 sie ist immer auf der Suche nach neuen Entdeckungen. Das Fotografieren ist dabei ihr kreativer Ausgleich zum Arbeitsalltag. Es erm\u00f6glicht ihr, unterwegs zu sein, Dinge aus einer anderen Perspektive wahrzunehmen und die sch\u00f6nen Momente f\u00fcr die Ewigkeit festzuhalten. Einige dieser Marmeladenglasmomente findet ihr auf ihrem Instagramprofil @_theresa.be\",\"sameAs\":[\"https:\\\/\\\/www.instagram.com\\\/_theresa.be\\\/\"],\"url\":\"https:\\\/\\\/rhein-main-blog.de\\\/en\\\/author\\\/theresa\\\/\"}]}<\/script>\n<!-- \/ Yoast SEO plugin. -->","yoast_head_json":{"title":"Hiwweltour Heideblick: Herbstwandern zwischen Siefersheim und Neu-Bamberg - Rhein-Main-Blog","description":"Wer denkt, Rheinhessen best\u00fcnde nur aus Weinbergen, der wird auf der Hiwweltour Heideblick eines Besseren belehrt.","robots":{"index":"index","follow":"follow","max-snippet":"max-snippet:-1","max-image-preview":"max-image-preview:large","max-video-preview":"max-video-preview:-1"},"canonical":"https:\/\/rhein-main-blog.de\/en\/hiwweltour-heideblick\/","og_locale":"en_US","og_type":"article","og_title":"Hiwweltour Heideblick: Herbstwandern zwischen Siefersheim und Neu-Bamberg - Rhein-Main-Blog","og_description":"Wer denkt, Rheinhessen best\u00fcnde nur aus Weinbergen, der wird auf der Hiwweltour Heideblick eines Besseren belehrt.","og_url":"https:\/\/rhein-main-blog.de\/en\/hiwweltour-heideblick\/","og_site_name":"Rhein-Main-Blog","article_published_time":"2021-11-03T10:07:44+00:00","article_modified_time":"2021-11-03T14:37:42+00:00","og_image":[{"width":1024,"height":683,"url":"https:\/\/rhein-main-blog.de\/wp-content\/uploads\/2021\/11\/Hiwweltour-Heideblick.jpg","type":"image\/jpeg"}],"author":"Theresa","twitter_card":"summary_large_image","twitter_misc":{"Written by":"Theresa","Est. reading time":"7 minutes"},"schema":{"@context":"https:\/\/schema.org","@graph":[{"@type":"Article","@id":"https:\/\/rhein-main-blog.de\/hiwweltour-heideblick\/#article","isPartOf":{"@id":"https:\/\/rhein-main-blog.de\/hiwweltour-heideblick\/"},"author":{"name":"Theresa","@id":"https:\/\/rhein-main-blog.de\/#\/schema\/person\/e3836f78338c89525af3b91bd1e69acd"},"headline":"Hiwweltour Heideblick: Herbstwandern zwischen Siefersheim und Neu-Bamberg","datePublished":"2021-11-03T10:07:44+00:00","dateModified":"2021-11-03T14:37:42+00:00","mainEntityOfPage":{"@id":"https:\/\/rhein-main-blog.de\/hiwweltour-heideblick\/"},"wordCount":823,"commentCount":0,"publisher":{"@id":"https:\/\/rhein-main-blog.de\/#organization"},"image":{"@id":"https:\/\/rhein-main-blog.de\/hiwweltour-heideblick\/#primaryimage"},"thumbnailUrl":"https:\/\/rhein-main-blog.de\/wp-content\/uploads\/2021\/11\/Hiwweltour-Heideblick.jpg","keywords":["Rheinhessen"],"articleSection":["Herbst","Outdoor","Wandern"],"inLanguage":"en-US","potentialAction":[{"@type":"CommentAction","name":"Comment","target":["https:\/\/rhein-main-blog.de\/hiwweltour-heideblick\/#respond"]}]},{"@type":"WebPage","@id":"https:\/\/rhein-main-blog.de\/hiwweltour-heideblick\/","url":"https:\/\/rhein-main-blog.de\/hiwweltour-heideblick\/","name":"Hiwweltour Heideblick: Herbstwandern zwischen Siefersheim und Neu-Bamberg - Rhein-Main-Blog","isPartOf":{"@id":"https:\/\/rhein-main-blog.de\/#website"},"primaryImageOfPage":{"@id":"https:\/\/rhein-main-blog.de\/hiwweltour-heideblick\/#primaryimage"},"image":{"@id":"https:\/\/rhein-main-blog.de\/hiwweltour-heideblick\/#primaryimage"},"thumbnailUrl":"https:\/\/rhein-main-blog.de\/wp-content\/uploads\/2021\/11\/Hiwweltour-Heideblick.jpg","datePublished":"2021-11-03T10:07:44+00:00","dateModified":"2021-11-03T14:37:42+00:00","description":"Wer denkt, Rheinhessen best\u00fcnde nur aus Weinbergen, der wird auf der Hiwweltour Heideblick eines Besseren belehrt.","breadcrumb":{"@id":"https:\/\/rhein-main-blog.de\/hiwweltour-heideblick\/#breadcrumb"},"inLanguage":"en-US","potentialAction":[{"@type":"ReadAction","target":["https:\/\/rhein-main-blog.de\/hiwweltour-heideblick\/"]}]},{"@type":"ImageObject","inLanguage":"en-US","@id":"https:\/\/rhein-main-blog.de\/hiwweltour-heideblick\/#primaryimage","url":"https:\/\/rhein-main-blog.de\/wp-content\/uploads\/2021\/11\/Hiwweltour-Heideblick.jpg","contentUrl":"https:\/\/rhein-main-blog.de\/wp-content\/uploads\/2021\/11\/Hiwweltour-Heideblick.jpg","width":1024,"height":683,"caption":"Hiwweltour Heideblick"},{"@type":"BreadcrumbList","@id":"https:\/\/rhein-main-blog.de\/hiwweltour-heideblick\/#breadcrumb","itemListElement":[{"@type":"ListItem","position":1,"name":"Startseite","item":"https:\/\/rhein-main-blog.de\/"},{"@type":"ListItem","position":2,"name":"Hiwweltour Heideblick: Herbstwandern zwischen Siefersheim und Neu-Bamberg"}]},{"@type":"WebSite","@id":"https:\/\/rhein-main-blog.de\/#website","url":"https:\/\/rhein-main-blog.de\/","name":"Rhein-Main-Blog","description":"Die sch\u00f6nsten Ausflugsziele und Tipps f\u00fcr das Rhein-Main-Gebiet","publisher":{"@id":"https:\/\/rhein-main-blog.de\/#organization"},"potentialAction":[{"@type":"SearchAction","target":{"@type":"EntryPoint","urlTemplate":"https:\/\/rhein-main-blog.de\/?s={search_term_string}"},"query-input":{"@type":"PropertyValueSpecification","valueRequired":true,"valueName":"search_term_string"}}],"inLanguage":"en-US"},{"@type":"Organization","@id":"https:\/\/rhein-main-blog.de\/#organization","name":"Rhein-Main-Blog","url":"https:\/\/rhein-main-blog.de\/","logo":{"@type":"ImageObject","inLanguage":"en-US","@id":"https:\/\/rhein-main-blog.de\/#\/schema\/logo\/image\/","url":"https:\/\/rhein-main-blog.de\/wp-content\/uploads\/2020\/04\/cropped-Rhein-Main-Blog-Header-Sarah-Waltinger-1-2.png","contentUrl":"https:\/\/rhein-main-blog.de\/wp-content\/uploads\/2020\/04\/cropped-Rhein-Main-Blog-Header-Sarah-Waltinger-1-2.png","width":512,"height":512,"caption":"Rhein-Main-Blog"},"image":{"@id":"https:\/\/rhein-main-blog.de\/#\/schema\/logo\/image\/"},"sameAs":["https:\/\/www.pinterest.de\/rheinmainblog\/"]},{"@type":"Person","@id":"https:\/\/rhein-main-blog.de\/#\/schema\/person\/e3836f78338c89525af3b91bd1e69acd","name":"Theresa","image":{"@type":"ImageObject","inLanguage":"en-US","@id":"https:\/\/rhein-main-blog.de\/wp-content\/uploads\/2022\/09\/Theresa-Berke-150x150.jpg","url":"https:\/\/rhein-main-blog.de\/wp-content\/uploads\/2022\/09\/Theresa-Berke-150x150.jpg","contentUrl":"https:\/\/rhein-main-blog.de\/wp-content\/uploads\/2022\/09\/Theresa-Berke-150x150.jpg","caption":"Theresa"},"description":"Von der Hauptstadtmetropole Berlin zog es Theresa der Liebe wegen ins beschauliche Wiesbaden. Doch zu Hause trifft man sie tats\u00e4chlich eher selten, denn sie liebt das Reisen. Egal ob sch\u00f6ne St\u00e4dte, herrliche Natur, s\u00fc\u00dfe Cafes oder nette Restaurants \u2013 sie ist immer auf der Suche nach neuen Entdeckungen. Das Fotografieren ist dabei ihr kreativer Ausgleich zum Arbeitsalltag. Es erm\u00f6glicht ihr, unterwegs zu sein, Dinge aus einer anderen Perspektive wahrzunehmen und die sch\u00f6nen Momente f\u00fcr die Ewigkeit festzuhalten. Einige dieser Marmeladenglasmomente findet ihr auf ihrem Instagramprofil @_theresa.be","sameAs":["https:\/\/www.instagram.com\/_theresa.be\/"],"url":"https:\/\/rhein-main-blog.de\/en\/author\/theresa\/"}]}},"_links":{"self":[{"href":"https:\/\/rhein-main-blog.de\/en\/wp-json\/wp\/v2\/posts\/2888","targetHints":{"allow":["GET"]}}],"collection":[{"href":"https:\/\/rhein-main-blog.de\/en\/wp-json\/wp\/v2\/posts"}],"about":[{"href":"https:\/\/rhein-main-blog.de\/en\/wp-json\/wp\/v2\/types\/post"}],"author":[{"embeddable":true,"href":"https:\/\/rhein-main-blog.de\/en\/wp-json\/wp\/v2\/users\/8"}],"replies":[{"embeddable":true,"href":"https:\/\/rhein-main-blog.de\/en\/wp-json\/wp\/v2\/comments?post=2888"}],"version-history":[{"count":30,"href":"https:\/\/rhein-main-blog.de\/en\/wp-json\/wp\/v2\/posts\/2888\/revisions"}],"predecessor-version":[{"id":2941,"href":"https:\/\/rhein-main-blog.de\/en\/wp-json\/wp\/v2\/posts\/2888\/revisions\/2941"}],"wp:featuredmedia":[{"embeddable":true,"href":"https:\/\/rhein-main-blog.de\/en\/wp-json\/wp\/v2\/media\/2890"}],"wp:attachment":[{"href":"https:\/\/rhein-main-blog.de\/en\/wp-json\/wp\/v2\/media?parent=2888"}],"wp:term":[{"taxonomy":"category","embeddable":true,"href":"https:\/\/rhein-main-blog.de\/en\/wp-json\/wp\/v2\/categories?post=2888"},{"taxonomy":"post_tag","embeddable":true,"href":"https:\/\/rhein-main-blog.de\/en\/wp-json\/wp\/v2\/tags?post=2888"}],"curies":[{"name":"wp","href":"https:\/\/api.w.org\/{rel}","templated":true}]}}