{"id":3264,"date":"2022-06-24T18:57:01","date_gmt":"2022-06-24T16:57:01","guid":{"rendered":"https:\/\/rhein-main-blog.de\/?p=3264"},"modified":"2025-03-01T19:58:45","modified_gmt":"2025-03-01T18:58:45","slug":"cafes-wiesbaden","status":"publish","type":"post","link":"https:\/\/rhein-main-blog.de\/en\/cafes-wiesbaden\/","title":{"rendered":"Die sch\u00f6nsten Caf\u00e9s in Wiesbaden"},"content":{"rendered":"<p class=\"wp-block-paragraph\">Den Tag mit einem ausgiebigen Fr\u00fchst\u00fcck starten, beim Kaffeedate den besten Kuchen der Stadt genie\u00dfen oder in der Mittagspause mal eben Pausenbrot gegen Sauerteigstulle eintauschen? In <strong><a href=\"https:\/\/rhein-main-blog.de\/en\/category\/wiesbaden\/\" target=\"_blank\" rel=\"noreferrer noopener\">Wiesbaden<\/a> <\/strong>findet ihr sie, die kleinen und gro\u00dfen Caf\u00e9s, die den Alltag einfach sch\u00f6ner machen. Vier meiner <strong><a href=\"https:\/\/rhein-main-blog.de\/en\/category\/cafes\/\" target=\"_blank\" rel=\"noreferrer noopener\">Lieblingscaf\u00e9s<\/a> <\/strong>m\u00f6chte ich euch in diesem Beitrag vorstellen.<\/p>\n\n\n\n<h2 class=\"wp-block-heading\">Inhalt<\/h2>\n\n\n\n<ul class=\"wp-block-list\">\n<li><a href=\"https:\/\/rhein-main-blog.de\/wp-admin\/post.php?post=3215&amp;action=edit#Cafes\">Caf\u00e9s in Wiesbaden in der \u00dcbersicht<\/a><\/li>\n\n\n\n<li>Ahoi Caf\u00e9<\/li>\n\n\n\n<li><a href=\"https:\/\/rhein-main-blog.de\/wp-admin\/post.php?post=3215&amp;action=edit#Maldaner\">Maldaner Coffee Roasters<\/a><\/li>\n\n\n\n<li><a href=\"https:\/\/rhein-main-blog.de\/wp-admin\/post.php?post=3215&amp;action=edit#Hier\">Hier und Jetzt<\/a><\/li>\n\n\n\n<li><a href=\"https:\/\/rhein-main-blog.de\/wp-admin\/post.php?post=3215&amp;action=edit#Wild\">Wild &amp; Wood Caf\u00e9<\/a><\/li>\n<\/ul>\n\n\n\n<h2 class=\"wp-block-heading\">Caf\u00e9s in Wiesbaden in der \u00dcbersicht<\/h2>\n\n\n\n<p class=\"wp-block-paragraph\">Auf dieser Karte findest du meine Caf\u00e9-Lieblinge in Wiesbaden im \u00dcberblick.<\/p>\n\n\n\n<iframe loading=\"lazy\" src=\"https:\/\/www.google.com\/maps\/d\/embed?mid=10YFW4_TcL1ZdKjNzTiIEr0N1IJtO1Ug&amp;ehbc=2E312F\" width=\"640\" height=\"480\"><\/iframe>\n\n\n\n<h2 class=\"wp-block-heading\">#1 Ahoi Caf\u00e9<\/h2>\n\n\n\n<p class=\"wp-block-paragraph\">Die kulinarische Reise beginnt im Stadtzentrum von Wiesbaden, in der Karlstra\u00dfe Ecke Adelheidstra\u00dfe. Das <strong><a href=\"https:\/\/heimathafen-wiesbaden.de\/cafe\/\" target=\"_blank\" rel=\"noreferrer noopener\">Ahoi Cafe<\/a> <\/strong>ist eine bunte Mischung aus Caf\u00e9, Co-Working Space, Konferenz- und Veranstaltungslocation. Genie\u00dfer, Kreative und Selbst\u00e4ndige kommen hier voll auf ihre Kosten.<\/p>\n\n\n\n<div class=\"wp-block-group\"><div class=\"wp-block-group__inner-container is-layout-constrained wp-block-group-is-layout-constrained\">\n<div class=\"wp-block-columns is-layout-flex wp-container-core-columns-is-layout-8f761849 wp-block-columns-is-layout-flex\">\n<div class=\"wp-block-column is-layout-flow wp-block-column-is-layout-flow\" style=\"flex-basis:100%\">\n<figure class=\"wp-block-image size-large is-resized\"><img loading=\"lazy\" decoding=\"async\" width=\"6024\" height=\"4024\" src=\"https:\/\/rhein-main-blog.de\/wp-content\/uploads\/2025\/03\/DSC08205-edited.jpg\" alt=\"\" class=\"wp-image-4730\" style=\"width:671px;height:auto\" srcset=\"https:\/\/rhein-main-blog.de\/wp-content\/uploads\/2025\/03\/DSC08205-edited.jpg 6024w, https:\/\/rhein-main-blog.de\/wp-content\/uploads\/2025\/03\/DSC08205-edited-300x200.jpg 300w, https:\/\/rhein-main-blog.de\/wp-content\/uploads\/2025\/03\/DSC08205-edited-1024x684.jpg 1024w, https:\/\/rhein-main-blog.de\/wp-content\/uploads\/2025\/03\/DSC08205-edited-768x513.jpg 768w, https:\/\/rhein-main-blog.de\/wp-content\/uploads\/2025\/03\/DSC08205-edited-1536x1026.jpg 1536w, https:\/\/rhein-main-blog.de\/wp-content\/uploads\/2025\/03\/DSC08205-edited-2048x1368.jpg 2048w, https:\/\/rhein-main-blog.de\/wp-content\/uploads\/2025\/03\/DSC08205-edited-18x12.jpg 18w, https:\/\/rhein-main-blog.de\/wp-content\/uploads\/2025\/03\/DSC08205-edited-660x440.jpg 660w, https:\/\/rhein-main-blog.de\/wp-content\/uploads\/2025\/03\/DSC08205-edited-1000x668.jpg 1000w, https:\/\/rhein-main-blog.de\/wp-content\/uploads\/2025\/03\/DSC08205-edited-373x248.jpg 373w\" sizes=\"auto, (max-width: 6024px) 100vw, 6024px\" \/><\/figure>\n<\/div>\n<\/div>\n<\/div><\/div>\n\n\n\n<p class=\"wp-block-paragraph\">Das Ambiente ist gem\u00fctlich. Schlichte Holztische, unverputzte W\u00e4nde, M\u00f6bel im Industrial-Retrolook kombiniert mit bequemen Sitzgelegenheiten spiegeln den Geist des Caf\u00e9s perfekt wider. Vom \u00e0 la Carte Fr\u00fchst\u00fcck mit hausgemachtem M\u00fcsli \u00fcber leckere Pancakes bis hin zur Lunchbowl bekommt ihr hier alles was euer kulinarisches Herz h\u00f6herschlagen l\u00e4sst. Auch Kuchenliebhaber werden hier gl\u00fccklich &#8211; den hausgemachten Carrot Cake muss man einfach m\u00f6gen. Dazu gibt es lokale Kaffeer\u00f6stungen. Wer auf der Suche nach vegetarischen, veganen oder glutenfreien Alternativen ist, wird im Heimathafen auch f\u00fcndig.<\/p>\n\n\n\n<p class=\"wp-block-paragraph\">Eine Reservierung f\u00fcr das Caf\u00e9 ist am Wochenende in jedem Fall empfehlenswert. Bei gutem Wetter k\u00f6nnt ihr alternativ auch an einem der Tische drau\u00dfen sitzen.<\/p>\n\n\n\n<div class=\"wp-block-group is-vertical is-content-justification-left is-nowrap is-layout-flex wp-container-core-group-is-layout-217b7ed3 wp-block-group-is-layout-flex\">\n<div class=\"wp-block-columns is-layout-flex wp-container-core-columns-is-layout-8f761849 wp-block-columns-is-layout-flex\">\n<div class=\"wp-block-column is-vertically-aligned-bottom is-layout-flow wp-block-column-is-layout-flow\" style=\"flex-basis:100%\">\n<figure class=\"wp-block-gallery has-nested-images columns-default is-cropped wp-block-gallery-1 is-layout-flex wp-block-gallery-is-layout-flex\">\n<figure class=\"wp-block-image size-large\"><img loading=\"lazy\" decoding=\"async\" width=\"684\" height=\"1024\" data-id=\"4732\" src=\"https:\/\/rhein-main-blog.de\/wp-content\/uploads\/2025\/03\/DSC08190-1-684x1024.jpg\" alt=\"\" class=\"wp-image-4732\" srcset=\"https:\/\/rhein-main-blog.de\/wp-content\/uploads\/2025\/03\/DSC08190-1-684x1024.jpg 684w, https:\/\/rhein-main-blog.de\/wp-content\/uploads\/2025\/03\/DSC08190-1-200x300.jpg 200w, https:\/\/rhein-main-blog.de\/wp-content\/uploads\/2025\/03\/DSC08190-1-768x1150.jpg 768w, https:\/\/rhein-main-blog.de\/wp-content\/uploads\/2025\/03\/DSC08190-1-1026x1536.jpg 1026w, https:\/\/rhein-main-blog.de\/wp-content\/uploads\/2025\/03\/DSC08190-1-1368x2048.jpg 1368w, https:\/\/rhein-main-blog.de\/wp-content\/uploads\/2025\/03\/DSC08190-1-8x12.jpg 8w, https:\/\/rhein-main-blog.de\/wp-content\/uploads\/2025\/03\/DSC08190-1-660x988.jpg 660w, https:\/\/rhein-main-blog.de\/wp-content\/uploads\/2025\/03\/DSC08190-1-1000x1497.jpg 1000w\" sizes=\"auto, (max-width: 684px) 100vw, 684px\" \/><\/figure>\n\n\n\n<figure class=\"wp-block-image size-large\"><img loading=\"lazy\" decoding=\"async\" width=\"684\" height=\"1024\" data-id=\"4733\" src=\"https:\/\/rhein-main-blog.de\/wp-content\/uploads\/2025\/03\/DSC08222-684x1024.jpg\" alt=\"\" class=\"wp-image-4733\" srcset=\"https:\/\/rhein-main-blog.de\/wp-content\/uploads\/2025\/03\/DSC08222-684x1024.jpg 684w, https:\/\/rhein-main-blog.de\/wp-content\/uploads\/2025\/03\/DSC08222-200x300.jpg 200w, https:\/\/rhein-main-blog.de\/wp-content\/uploads\/2025\/03\/DSC08222-768x1150.jpg 768w, https:\/\/rhein-main-blog.de\/wp-content\/uploads\/2025\/03\/DSC08222-1026x1536.jpg 1026w, https:\/\/rhein-main-blog.de\/wp-content\/uploads\/2025\/03\/DSC08222-1368x2048.jpg 1368w, https:\/\/rhein-main-blog.de\/wp-content\/uploads\/2025\/03\/DSC08222-8x12.jpg 8w, https:\/\/rhein-main-blog.de\/wp-content\/uploads\/2025\/03\/DSC08222-660x988.jpg 660w, https:\/\/rhein-main-blog.de\/wp-content\/uploads\/2025\/03\/DSC08222-1000x1497.jpg 1000w\" sizes=\"auto, (max-width: 684px) 100vw, 684px\" \/><\/figure>\n<\/figure>\n<\/div>\n<\/div>\n<\/div>\n\n\n\n<p class=\"wp-block-paragraph\">Ihr plant einen Ausflug ins Gr\u00fcne oder eine Wanderung durch die Weinberge und m\u00f6chtet etwas To Go mitnehmen? Unter dem Motto #unterwegsgenie\u00dfen k\u00f6nnt ihr eine Picknickbox bestellen. Das Proviantpaket, bestehend aus selbstgemachter Quiche, hausgemachtem Kuchen, Hummus und vielem mehr eignet sich perfekt f\u00fcr euren n\u00e4chsten Trip.<\/p>\n\n\n\n<p class=\"wp-block-paragraph\">Noch mehr Raum f\u00fcr Kreativit\u00e4t, Gr\u00fcndergeist und soziale Innovation entsteht gerade in den R\u00e4umlichkeiten des Alten Gerichts. Der Heimathafen vergr\u00f6\u00dfert sich. Das urspr\u00fcngliche Caf\u00e9 in der Karlstra\u00dfe bleibt aber bestehen, lediglich die Co-Working Fl\u00e4chen, die Konferenz- und Eventr\u00e4ume ziehen um.<\/p>\n\n\n\n<h3 class=\"wp-block-heading\">Adresse &amp; \u00d6ffnungszeiten<\/h3>\n\n\n\n<p class=\"wp-block-paragraph\">Karlstra\u00dfe 22<br>65185 Wiesbaden<\/p>\n\n\n\n<p class=\"wp-block-paragraph\"><strong>Coworking: <\/strong>Montag bis Freitag&nbsp;09:00 \u2013 17:00 Uhr<br><strong>Caf\u00e9: <\/strong>Montag bis Sonntag09:00 \u2013 17:00 Uhr, Sonntag 09:30 \u2013 14:30 Uhr<\/p>\n\n\n\n<h2 class=\"wp-block-heading\">Delikt Tagbar<\/h2>\n\n\n\n<figure class=\"wp-block-gallery has-nested-images columns-default is-cropped wp-block-gallery-2 is-layout-flex wp-block-gallery-is-layout-flex\">\n<figure class=\"wp-block-image size-large\"><img loading=\"lazy\" decoding=\"async\" width=\"683\" height=\"1024\" data-id=\"4748\" src=\"https:\/\/rhein-main-blog.de\/wp-content\/uploads\/2025\/03\/A9C9C238-5E9C-4146-81F6-B1721ADF335E_CR3-1-683x1024.jpg\" alt=\"\" class=\"wp-image-4748\" srcset=\"https:\/\/rhein-main-blog.de\/wp-content\/uploads\/2025\/03\/A9C9C238-5E9C-4146-81F6-B1721ADF335E_CR3-1-683x1024.jpg 683w, https:\/\/rhein-main-blog.de\/wp-content\/uploads\/2025\/03\/A9C9C238-5E9C-4146-81F6-B1721ADF335E_CR3-1-200x300.jpg 200w, https:\/\/rhein-main-blog.de\/wp-content\/uploads\/2025\/03\/A9C9C238-5E9C-4146-81F6-B1721ADF335E_CR3-1-768x1152.jpg 768w, https:\/\/rhein-main-blog.de\/wp-content\/uploads\/2025\/03\/A9C9C238-5E9C-4146-81F6-B1721ADF335E_CR3-1-1024x1536.jpg 1024w, https:\/\/rhein-main-blog.de\/wp-content\/uploads\/2025\/03\/A9C9C238-5E9C-4146-81F6-B1721ADF335E_CR3-1-1365x2048.jpg 1365w, https:\/\/rhein-main-blog.de\/wp-content\/uploads\/2025\/03\/A9C9C238-5E9C-4146-81F6-B1721ADF335E_CR3-1-8x12.jpg 8w, https:\/\/rhein-main-blog.de\/wp-content\/uploads\/2025\/03\/A9C9C238-5E9C-4146-81F6-B1721ADF335E_CR3-1-660x990.jpg 660w, https:\/\/rhein-main-blog.de\/wp-content\/uploads\/2025\/03\/A9C9C238-5E9C-4146-81F6-B1721ADF335E_CR3-1-1000x1500.jpg 1000w\" sizes=\"auto, (max-width: 683px) 100vw, 683px\" \/><\/figure>\n<\/figure>\n\n\n\n<h2 class=\"wp-block-heading\">#2 Maldaner Coffee Roasters<\/h2>\n\n\n\n<p class=\"wp-block-paragraph\">Herrlicher Kaffeeduft und lateinamerikanische Kl\u00e4nge liegen in der Luft, als ich den Hinterhof im belebten Wiesbadener- Westend betrete. Etwas versteckt, daf\u00fcr aber mit einer ganz besonderen Atmosph\u00e4re findet ihr die <a href=\"https:\/\/maldanercoffee.com\/\" target=\"_blank\" rel=\"noreferrer noopener\"><strong>Maldaner Coffee Roasters<\/strong><\/a> im Hinterhof-Loft. Mit gro\u00dfer Leidenschaft f\u00fcr richtig guten Kaffee betreibt Sebastian Schulz seit 2018 die Kaffeer\u00f6sterei.<\/p>\n\n\n\n<p class=\"wp-block-paragraph\">Die Idee: traditionelle Kaffeehauskultur vom familiengef\u00fchrten Kaffeehaus Maldaner mit regionalem Spezialit\u00e4tenkaffee und einem modernen Konzept vereinen. Traditionell sind nach wie vor die Produktnahmen der Kaffeesorten: Wilhelm, Franz, Elisabeth &#8211; alles Namen der Familie Maldaner.<\/p>\n\n\n\n<figure class=\"wp-block-image size-large\"><img decoding=\"async\" src=\"https:\/\/rhein-main-blog.de\/wp-content\/uploads\/2022\/06\/Maldaner-Wiesbaden.jpg\" alt=\"\"\/><\/figure>\n\n\n\n<figure class=\"wp-block-image size-large\"><img loading=\"lazy\" decoding=\"async\" width=\"5639\" height=\"3759\" src=\"https:\/\/rhein-main-blog.de\/wp-content\/uploads\/2025\/03\/IMG_3227_CR3-edited.jpg\" alt=\"\" class=\"wp-image-4738\" srcset=\"https:\/\/rhein-main-blog.de\/wp-content\/uploads\/2025\/03\/IMG_3227_CR3-edited.jpg 5639w, https:\/\/rhein-main-blog.de\/wp-content\/uploads\/2025\/03\/IMG_3227_CR3-edited-300x200.jpg 300w, https:\/\/rhein-main-blog.de\/wp-content\/uploads\/2025\/03\/IMG_3227_CR3-edited-1024x683.jpg 1024w, https:\/\/rhein-main-blog.de\/wp-content\/uploads\/2025\/03\/IMG_3227_CR3-edited-768x512.jpg 768w, https:\/\/rhein-main-blog.de\/wp-content\/uploads\/2025\/03\/IMG_3227_CR3-edited-1536x1024.jpg 1536w, https:\/\/rhein-main-blog.de\/wp-content\/uploads\/2025\/03\/IMG_3227_CR3-edited-2048x1365.jpg 2048w, https:\/\/rhein-main-blog.de\/wp-content\/uploads\/2025\/03\/IMG_3227_CR3-edited-18x12.jpg 18w, https:\/\/rhein-main-blog.de\/wp-content\/uploads\/2025\/03\/IMG_3227_CR3-edited-660x440.jpg 660w, https:\/\/rhein-main-blog.de\/wp-content\/uploads\/2025\/03\/IMG_3227_CR3-edited-1000x667.jpg 1000w, https:\/\/rhein-main-blog.de\/wp-content\/uploads\/2025\/03\/IMG_3227_CR3-edited-373x248.jpg 373w\" sizes=\"auto, (max-width: 5639px) 100vw, 5639px\" \/><\/figure>\n\n\n\n<p class=\"wp-block-paragraph\">Die junge Kaffeer\u00f6sterei aus Wiesbaden versteht sich als sozial bewusstes Unternehmen. Ethisch handeln, handwerklich r\u00f6sten und Vielfalt genie\u00dfen ist ihr Motto.<\/p>\n\n\n\n<figure class=\"wp-block-image size-large\"><img loading=\"lazy\" decoding=\"async\" width=\"1024\" height=\"683\" src=\"https:\/\/rhein-main-blog.de\/wp-content\/uploads\/2025\/03\/IMG_3303_CR3-1-1024x683.jpg\" alt=\"\" class=\"wp-image-4736\" srcset=\"https:\/\/rhein-main-blog.de\/wp-content\/uploads\/2025\/03\/IMG_3303_CR3-1-1024x683.jpg 1024w, https:\/\/rhein-main-blog.de\/wp-content\/uploads\/2025\/03\/IMG_3303_CR3-1-300x200.jpg 300w, https:\/\/rhein-main-blog.de\/wp-content\/uploads\/2025\/03\/IMG_3303_CR3-1-768x512.jpg 768w, https:\/\/rhein-main-blog.de\/wp-content\/uploads\/2025\/03\/IMG_3303_CR3-1-1536x1024.jpg 1536w, https:\/\/rhein-main-blog.de\/wp-content\/uploads\/2025\/03\/IMG_3303_CR3-1-2048x1365.jpg 2048w, https:\/\/rhein-main-blog.de\/wp-content\/uploads\/2025\/03\/IMG_3303_CR3-1-18x12.jpg 18w, https:\/\/rhein-main-blog.de\/wp-content\/uploads\/2025\/03\/IMG_3303_CR3-1-660x440.jpg 660w, https:\/\/rhein-main-blog.de\/wp-content\/uploads\/2025\/03\/IMG_3303_CR3-1-1000x667.jpg 1000w, https:\/\/rhein-main-blog.de\/wp-content\/uploads\/2025\/03\/IMG_3303_CR3-1-373x248.jpg 373w\" sizes=\"auto, (max-width: 1024px) 100vw, 1024px\" \/><\/figure>\n\n\n\n<p class=\"wp-block-paragraph\">Damit werden nicht nur Kaffeeliebhaber, sondern auch Hobby Barista und diese, die es einmal werden wollen angesprochen. In passenden Workshops kann man die Welt des Kaffees erkunden. Dazu werden Kurse angeboten, in denen ihr etwas \u00fcber die Kaffeebohne lernt aber auch praktische Workshops wie das Kaffeer\u00f6sten oder Latte Art.<\/p>\n\n\n\n<p class=\"wp-block-paragraph\">Getreu dem Slogan #supportyourlocaldealer kann ich euch nur empfehlen, in die wunderbare Welt des Kaffees einzutauchen und euch durch die verschiedenen R\u00f6stungen zu probieren. Es gibt jeden Tag eine andere Hausmischung oder einen ausgefallen Spezialit\u00e4tenkaffee mit besonderen Aromen.<\/p>\n\n\n\n<p class=\"wp-block-paragraph\">Wenn ihr Gl\u00fcck habt, erwartet euch am Wochenende passend zum Kaffeegenuss eine Kuchenauswahl aus dem Kaffeehaus Maldaner. Sitzgelegenheiten gibt es im Innen- und Au\u00dfenbereich.<\/p>\n\n\n\n<p class=\"wp-block-paragraph\">Produkte, so umweltfreundlich wie m\u00f6glich zu gestalten und dabei ein St\u00fcck zum nachhaltigeren Bewusstsein beizutragen, ist den Coffee Roasters ein besonderes Anliegen. Daher k\u00f6nnt ihr eure Lieblingsbohnen mit den Mehr-Fair-Weg-Flaschen nach der Verkostung auch einfach mit nach Hause nehmen.<\/p>\n\n\n\n<p class=\"wp-block-paragraph\">Neben der R\u00f6sterei in Wiesbaden k\u00f6nnt ihr \u00fcbrigens auch in der Coffee Br\u00fchbar in Mainz oder unterwegs vom Kaffeemobil handgebr\u00fchten Kaffee oder einen Flatwhite genie\u00dfen.<\/p>\n\n\n\n<h3 class=\"wp-block-heading\">Adresse &amp; \u00d6ffnungszeiten<\/h3>\n\n\n\n<p class=\"wp-block-paragraph\">Hellmundstra\u00dfe 37<br>65183 Wiesbaden<br><br>Augustinerstra\u00dfe 19<br>55116 Mainz<br><br><strong>Wiesbaden<\/strong>: Mittwoch bis Freitag 13:00 bis 18:00 Uhr, Samstag 12:00 &#8211; 16:00 Uhr<br><strong>Mainz<\/strong>: Montag bis Samstag 10:00 bis 18:00 Uhr<\/p>\n\n\n\n<h2 class=\"wp-block-heading\">#3 Hier und Jetzt<\/h2>\n\n\n\n<p class=\"wp-block-paragraph\">In der Bl\u00fccherstra\u00dfe, im Viertel Westend findet ihr das Caf\u00e9 <a href=\"https:\/\/www.instagram.com\/hierundjetzt_wiesbaden\/?hl=de\" target=\"_blank\" rel=\"noreferrer noopener\"><strong>Hier und Jetzt<\/strong><\/a>. Die Inneneinrichtung des Kiez-Caf\u00e9s verspr\u00fcht durch ihre zusammengew\u00fcrfelten Vintage- und Holzm\u00f6bel eine absolute Wohlf\u00fchlatmosph\u00e4re. Frische Blumen auf gro\u00dfen Holztischen, B\u00fccher \u00fcber Urban Gardening, Selbstbedienung am Tresen &#8211; das Caf\u00e9 bietet alles, was man sich vom Lieblingscaf\u00e9 in der Nachbarschaft w\u00fcnscht.<\/p>\n\n\n\n<figure class=\"wp-block-image size-large\"><img loading=\"lazy\" decoding=\"async\" width=\"1024\" height=\"683\" src=\"https:\/\/rhein-main-blog.de\/wp-content\/uploads\/2025\/03\/A8656A2D-2753-49C5-8972-CAC7189185F2-1024x683.jpeg\" alt=\"\" class=\"wp-image-4746\" srcset=\"https:\/\/rhein-main-blog.de\/wp-content\/uploads\/2025\/03\/A8656A2D-2753-49C5-8972-CAC7189185F2-1024x683.jpeg 1024w, https:\/\/rhein-main-blog.de\/wp-content\/uploads\/2025\/03\/A8656A2D-2753-49C5-8972-CAC7189185F2-300x200.jpeg 300w, https:\/\/rhein-main-blog.de\/wp-content\/uploads\/2025\/03\/A8656A2D-2753-49C5-8972-CAC7189185F2-768x512.jpeg 768w, https:\/\/rhein-main-blog.de\/wp-content\/uploads\/2025\/03\/A8656A2D-2753-49C5-8972-CAC7189185F2-1536x1024.jpeg 1536w, https:\/\/rhein-main-blog.de\/wp-content\/uploads\/2025\/03\/A8656A2D-2753-49C5-8972-CAC7189185F2-2048x1365.jpeg 2048w, https:\/\/rhein-main-blog.de\/wp-content\/uploads\/2025\/03\/A8656A2D-2753-49C5-8972-CAC7189185F2-18x12.jpeg 18w, https:\/\/rhein-main-blog.de\/wp-content\/uploads\/2025\/03\/A8656A2D-2753-49C5-8972-CAC7189185F2-660x440.jpeg 660w, https:\/\/rhein-main-blog.de\/wp-content\/uploads\/2025\/03\/A8656A2D-2753-49C5-8972-CAC7189185F2-1000x667.jpeg 1000w, https:\/\/rhein-main-blog.de\/wp-content\/uploads\/2025\/03\/A8656A2D-2753-49C5-8972-CAC7189185F2-373x248.jpeg 373w\" sizes=\"auto, (max-width: 1024px) 100vw, 1024px\" \/><\/figure>\n\n\n\n<figure class=\"wp-block-gallery has-nested-images columns-default is-cropped wp-block-gallery-3 is-layout-flex wp-block-gallery-is-layout-flex\">\n<figure class=\"wp-block-image size-large\"><img loading=\"lazy\" decoding=\"async\" width=\"3798\" height=\"5713\" data-id=\"4744\" src=\"https:\/\/rhein-main-blog.de\/wp-content\/uploads\/2025\/03\/2DA260EF-FB05-48E0-8AD2-D40441AE452C-edited.jpg\" alt=\"\" class=\"wp-image-4744\" srcset=\"https:\/\/rhein-main-blog.de\/wp-content\/uploads\/2025\/03\/2DA260EF-FB05-48E0-8AD2-D40441AE452C-edited.jpg 3798w, https:\/\/rhein-main-blog.de\/wp-content\/uploads\/2025\/03\/2DA260EF-FB05-48E0-8AD2-D40441AE452C-edited-199x300.jpg 199w, https:\/\/rhein-main-blog.de\/wp-content\/uploads\/2025\/03\/2DA260EF-FB05-48E0-8AD2-D40441AE452C-edited-681x1024.jpg 681w, https:\/\/rhein-main-blog.de\/wp-content\/uploads\/2025\/03\/2DA260EF-FB05-48E0-8AD2-D40441AE452C-edited-768x1155.jpg 768w, https:\/\/rhein-main-blog.de\/wp-content\/uploads\/2025\/03\/2DA260EF-FB05-48E0-8AD2-D40441AE452C-edited-1021x1536.jpg 1021w, https:\/\/rhein-main-blog.de\/wp-content\/uploads\/2025\/03\/2DA260EF-FB05-48E0-8AD2-D40441AE452C-edited-1362x2048.jpg 1362w, https:\/\/rhein-main-blog.de\/wp-content\/uploads\/2025\/03\/2DA260EF-FB05-48E0-8AD2-D40441AE452C-edited-8x12.jpg 8w, https:\/\/rhein-main-blog.de\/wp-content\/uploads\/2025\/03\/2DA260EF-FB05-48E0-8AD2-D40441AE452C-edited-660x993.jpg 660w, https:\/\/rhein-main-blog.de\/wp-content\/uploads\/2025\/03\/2DA260EF-FB05-48E0-8AD2-D40441AE452C-edited-1000x1504.jpg 1000w\" sizes=\"auto, (max-width: 3798px) 100vw, 3798px\" \/><\/figure>\n\n\n\n<figure class=\"wp-block-image size-large\"><img loading=\"lazy\" decoding=\"async\" width=\"683\" height=\"1024\" data-id=\"4742\" src=\"https:\/\/rhein-main-blog.de\/wp-content\/uploads\/2025\/03\/7FD07BB5-BAC0-4E4C-8A42-4B800600DBB3-1-683x1024.jpeg\" alt=\"\" class=\"wp-image-4742\" srcset=\"https:\/\/rhein-main-blog.de\/wp-content\/uploads\/2025\/03\/7FD07BB5-BAC0-4E4C-8A42-4B800600DBB3-1-683x1024.jpeg 683w, https:\/\/rhein-main-blog.de\/wp-content\/uploads\/2025\/03\/7FD07BB5-BAC0-4E4C-8A42-4B800600DBB3-1-200x300.jpeg 200w, https:\/\/rhein-main-blog.de\/wp-content\/uploads\/2025\/03\/7FD07BB5-BAC0-4E4C-8A42-4B800600DBB3-1-768x1152.jpeg 768w, https:\/\/rhein-main-blog.de\/wp-content\/uploads\/2025\/03\/7FD07BB5-BAC0-4E4C-8A42-4B800600DBB3-1-1024x1536.jpeg 1024w, https:\/\/rhein-main-blog.de\/wp-content\/uploads\/2025\/03\/7FD07BB5-BAC0-4E4C-8A42-4B800600DBB3-1-1365x2048.jpeg 1365w, https:\/\/rhein-main-blog.de\/wp-content\/uploads\/2025\/03\/7FD07BB5-BAC0-4E4C-8A42-4B800600DBB3-1-8x12.jpeg 8w, https:\/\/rhein-main-blog.de\/wp-content\/uploads\/2025\/03\/7FD07BB5-BAC0-4E4C-8A42-4B800600DBB3-1-660x990.jpeg 660w, https:\/\/rhein-main-blog.de\/wp-content\/uploads\/2025\/03\/7FD07BB5-BAC0-4E4C-8A42-4B800600DBB3-1-1000x1500.jpeg 1000w\" sizes=\"auto, (max-width: 683px) 100vw, 683px\" \/><\/figure>\n\n\n\n<figure class=\"wp-block-image size-large\"><img loading=\"lazy\" decoding=\"async\" width=\"3504\" height=\"4672\" data-id=\"4745\" src=\"https:\/\/rhein-main-blog.de\/wp-content\/uploads\/2025\/03\/IMG_5715-edited.jpg\" alt=\"\" class=\"wp-image-4745\" srcset=\"https:\/\/rhein-main-blog.de\/wp-content\/uploads\/2025\/03\/IMG_5715-edited.jpg 3504w, https:\/\/rhein-main-blog.de\/wp-content\/uploads\/2025\/03\/IMG_5715-edited-225x300.jpg 225w, https:\/\/rhein-main-blog.de\/wp-content\/uploads\/2025\/03\/IMG_5715-edited-768x1024.jpg 768w, https:\/\/rhein-main-blog.de\/wp-content\/uploads\/2025\/03\/IMG_5715-edited-1152x1536.jpg 1152w, https:\/\/rhein-main-blog.de\/wp-content\/uploads\/2025\/03\/IMG_5715-edited-1536x2048.jpg 1536w, https:\/\/rhein-main-blog.de\/wp-content\/uploads\/2025\/03\/IMG_5715-edited-9x12.jpg 9w, https:\/\/rhein-main-blog.de\/wp-content\/uploads\/2025\/03\/IMG_5715-edited-660x880.jpg 660w, https:\/\/rhein-main-blog.de\/wp-content\/uploads\/2025\/03\/IMG_5715-edited-1000x1333.jpg 1000w\" sizes=\"auto, (max-width: 3504px) 100vw, 3504px\" \/><\/figure>\n<\/figure>\n\n\n\n<p class=\"wp-block-paragraph\">Der Start, im Sommer 2020, war allerdings nicht ganz einfach, denn die Er\u00f6ffnung fiel ausgerechnet in die Pandemiezeit. Zum Gl\u00fcck war die Unterst\u00fctzung durch die Nachbarschaft so gro\u00df, dass sich das Caf\u00e9 schnell zu einem besonderen Ort f\u00fcr alle Kaffee- und Kuchenliebhaber, auch \u00fcber die Kiezgrenzen hinaus, etablierte. Auf der Karte stehen frische R\u00f6stbrote, selbstgemachte Kuchen und hausgemachte Limos. &nbsp;F\u00fcr ein ausgedehntes Fr\u00fchst\u00fcck habt ihr die Wahl zwischen der vegetarischen, veganen oder s\u00fc\u00dfen Variante. Eines meiner absoluten Highlights sind aber die Zimt- und Kardamonschnecken &#8211; die m\u00fcsst ihr unbedingt probieren!<\/p>\n\n\n\n<p class=\"wp-block-paragraph\">Bei der Zubereitung und dem Einkauf von Lebensmitteln wird gro\u00dfen Wert auf Regionalit\u00e4t gelegt. Das junge Betreiberpaar kooperiert daher mit lokalen Zulieferern und steht selbst in der Backstube. Aus dem Gastraum heraus k\u00f6nnt ihr sogar die Herstellung von Sauerteig und anderen Backwaren beobachten.<\/p>\n\n\n\n<figure class=\"wp-block-image size-large\"><img decoding=\"async\" src=\"https:\/\/rhein-main-blog.de\/wp-content\/uploads\/2022\/06\/Hier-und-Jetzt-Wiesbaden-3.jpg\" alt=\"\"\/><\/figure>\n\n\n\n<p class=\"wp-block-paragraph\">Bei sch\u00f6nem Wetter bietet der Au\u00dfenbereich noch mehr Platz zum Verweilen. Bunte Wimpelketten und das bepflanzte Hochbeet machen den Look vom Kiez-Caf\u00e9 perfekt. Am liebsten sitze ich an einem der kleinen Tische im Freien, genie\u00dfe die Sonne beim Kaffeetrinken und beobachte dabei das wilde Treiben im Kiez.<\/p>\n\n\n\n<h3 class=\"wp-block-heading\">Adresse &amp; \u00d6ffnungszeiten<\/h3>\n\n\n\n<p class=\"wp-block-paragraph\">Bl\u00fccherstra\u00dfe 30<br>65195 Wiesbaden<br><br>Mittwoch bis Sonntag 09:30 &#8211; 18:00 Uhr, Fr\u00fchst\u00fcck bis 13:00 Uhr<\/p>\n\n\n\n<h2 class=\"wp-block-heading\">#4 Wild &amp; Wood Caf\u00e9<\/h2>\n\n\n\n<p class=\"wp-block-paragraph\">Den ganzen Tag brunchen, das klingt perfekt f\u00fcr euch? Dann ist das <a href=\"https:\/\/wildandwoodcafewiesbaden.de\/\" target=\"_blank\" rel=\"noreferrer noopener\"><strong>Wild &amp; Wood Caf\u00e9<\/strong><\/a> die richtige Anlaufstelle. Es liegt im Herzen der Landeshauptstadt, nur wenige Gehminuten vom Kurhaus entfernt. Der Name ist Programm. Gem\u00fctliche Holzm\u00f6bel und Gr\u00fcnpflanzen zieren das Caf\u00e9.<\/p>\n\n\n\n<figure class=\"wp-block-image size-large\"><img decoding=\"async\" src=\"https:\/\/rhein-main-blog.de\/wp-content\/uploads\/2022\/06\/Wild-und-Wood-Cafe-Wiesbaden-3-2-683x1024.jpg\" alt=\"\"\/><\/figure>\n\n\n\n<figure class=\"wp-block-image size-large\"><img decoding=\"async\" src=\"https:\/\/rhein-main-blog.de\/wp-content\/uploads\/2022\/06\/Wild-und-Wood-Cafe-Wiesbaden-4.jpg\" alt=\"\"\/><\/figure>\n\n\n\n<p class=\"wp-block-paragraph\">Die Schwestern Azin und Mellody sind die Gr\u00fcnderinnen. Sie kommen urspr\u00fcnglich aus Flensburg, leben aber seit vielen Jahren in Wiesbaden und haben sich 2020 mit dem Caf\u00e9 einen langersehnten Traum erf\u00fcllt. Das Herzblut der beiden sp\u00fcrt man. Sie selbst geh\u00f6ren zu den Menschen, die am allerliebsten fr\u00fchst\u00fccken und das den ganzen Tag lang. Deshalb gibt es nicht nur sonntags und am Morgen Brunch, sondern einfach immer. Bis 16:00 Uhr k\u00f6nnt ihr hier in gem\u00fctlicher Atmosph\u00e4re gesund und lecker fr\u00fchst\u00fccken.<\/p>\n\n\n\n<p class=\"wp-block-paragraph\">Die Speisekarte l\u00e4sst kaum einen Wunsch offen &#8211; Sauerteigbrote, Acai Bowls, Granola und Pancakes. Au\u00dferdem werden immer wieder Specials zum Lunch angeboten, die nicht nur Brunchliebhaber gl\u00fccklich machen.<\/p>\n\n\n\n<p class=\"wp-block-paragraph\">Das Besondere im Wild &amp; Wood, bei den Backwaren wird fast komplett auf tierische Produkte verzichtet. Das vegane Kuchenangebot bietet daher eine gro\u00dfe Vielfalt. F\u00fcnf von sechs Kuchen sind vegan. Zu meinen Lieblingen z\u00e4hlen der Peanutbutter-Cheese-Cake und der Blueberry-Chocolate-Cake.<\/p>\n\n\n\n<figure class=\"wp-block-image size-large\"><img decoding=\"async\" src=\"https:\/\/rhein-main-blog.de\/wp-content\/uploads\/2022\/06\/Wild-und-Wood-Cafe-Wiesbaden-1.jpg\" alt=\"\"\/><\/figure>\n\n\n\n<p class=\"wp-block-paragraph\">Mit ihrer eigenen Espressomischung aus fair gehandeltem Kaffee, dem Wild &amp; Wood Blend, setzen Azin und Mellody auf den bewussten und nachhaltigen Umgang mit der Umwelt.<\/p>\n\n\n\n<p class=\"wp-block-paragraph\">Am Wochenende solltet ihr unbedingt fr\u00fch da sein, denn reservieren kann man nicht. Kartenzahlung ist im Caf\u00e9 nicht m\u00f6glich, nehmt also Bargeld mit.<\/p>\n\n\n\n<h3 class=\"wp-block-heading\">Adresse &amp; \u00d6ffnungszeiten<\/h3>\n\n\n\n<p class=\"wp-block-paragraph\">Obere Webergasse 48<br>65183 Wiesbaden<\/p>\n\n\n\n<p class=\"wp-block-paragraph\">Montag bis Sonntag 09:00 &#8211; 18:00 Uhr, Samstag und Sonntag 10:00 &#8211; 18:00 Uhr, K\u00fcche bis 16:00 Uhr<\/p>\n\n\n\n<p class=\"wp-block-paragraph\">Ich hoffe, dass ich euch mit diesem Beitrag Lust auf euer n\u00e4chstes Fr\u00fchst\u00fccks- oder Kaffeedate machen konnte.<\/p>\n\n\n\n<p class=\"wp-block-paragraph\">Wenn ja, dann nichts wie raus! &nbsp;Schnappt euch ein gutes Buch, eure beste Freundin oder euren besten Freund oder gleich die ganze Familie und nehmt euch mal wieder so richtig Zeit zum Kaffeetrinken und Genie\u00dfen.<\/p>\n\n\n\n<h3 class=\"wp-block-heading\">Welche sind eure liebsten Caf\u00e9s in Wiesbaden? Verratet es uns in den Kommentaren.<\/h3>\n\n\n\n<blockquote class=\"wp-block-quote is-style-large is-layout-flow wp-block-quote-is-layout-flow\">\n<p class=\"wp-block-paragraph\">Like it? Pin it<\/p>\n<\/blockquote>\n\n\n\n<figure class=\"wp-block-gallery has-nested-images columns-default is-cropped wp-block-gallery-4 is-layout-flex wp-block-gallery-is-layout-flex\">\n<figure class=\"wp-block-image size-large\"><img loading=\"lazy\" decoding=\"async\" width=\"683\" height=\"1024\" data-id=\"3254\" src=\"https:\/\/rhein-main-blog.de\/wp-content\/uploads\/2022\/06\/Wiesbaden-683x1024.jpg\" alt=\"\" class=\"wp-image-3254\" srcset=\"https:\/\/rhein-main-blog.de\/wp-content\/uploads\/2022\/06\/Wiesbaden-683x1024.jpg 683w, https:\/\/rhein-main-blog.de\/wp-content\/uploads\/2022\/06\/Wiesbaden-200x300.jpg 200w, https:\/\/rhein-main-blog.de\/wp-content\/uploads\/2022\/06\/Wiesbaden-768x1152.jpg 768w, https:\/\/rhein-main-blog.de\/wp-content\/uploads\/2022\/06\/Wiesbaden-660x990.jpg 660w, https:\/\/rhein-main-blog.de\/wp-content\/uploads\/2022\/06\/Wiesbaden-1000x1500.jpg 1000w, https:\/\/rhein-main-blog.de\/wp-content\/uploads\/2022\/06\/Wiesbaden.jpg 1024w\" sizes=\"auto, (max-width: 683px) 100vw, 683px\" \/><\/figure>\n\n\n\n<figure class=\"wp-block-image size-large\"><img loading=\"lazy\" decoding=\"async\" width=\"683\" height=\"1024\" data-id=\"3255\" src=\"https:\/\/rhein-main-blog.de\/wp-content\/uploads\/2022\/06\/Wiesbaden-Cafes-683x1024.jpg\" alt=\"\" class=\"wp-image-3255\" srcset=\"https:\/\/rhein-main-blog.de\/wp-content\/uploads\/2022\/06\/Wiesbaden-Cafes-683x1024.jpg 683w, https:\/\/rhein-main-blog.de\/wp-content\/uploads\/2022\/06\/Wiesbaden-Cafes-200x300.jpg 200w, https:\/\/rhein-main-blog.de\/wp-content\/uploads\/2022\/06\/Wiesbaden-Cafes-768x1152.jpg 768w, https:\/\/rhein-main-blog.de\/wp-content\/uploads\/2022\/06\/Wiesbaden-Cafes-660x990.jpg 660w, https:\/\/rhein-main-blog.de\/wp-content\/uploads\/2022\/06\/Wiesbaden-Cafes-1000x1500.jpg 1000w, https:\/\/rhein-main-blog.de\/wp-content\/uploads\/2022\/06\/Wiesbaden-Cafes.jpg 1024w\" sizes=\"auto, (max-width: 683px) 100vw, 683px\" \/><\/figure>\n<\/figure>\n\n\n\n<h2 class=\"wp-block-heading\">Rhein-Main-Blog kommt gr\u00f6\u00dftenteils werbefrei aus. Daher freut sich unser Redaktions-Team umso mehr \u00fcber eine Spende in die Kaffeekasse:<\/h2>\n\n\n\n<form action=\"https:\/\/www.paypal.com\/donate\" method=\"post\" target=\"_top\">\n<input type=\"hidden\" name=\"hosted_button_id\" value=\"56G4W3N8AJ2Z8\">\n<input type=\"image\" src=\"https:\/\/www.paypalobjects.com\/de_DE\/DE\/i\/btn\/btn_donateCC_LG.gif\" border=\"0\" name=\"submit\" title=\"PayPal - The safer, easier way to pay online!\" alt=\"Spenden mit dem PayPal-Button\">\n<img loading=\"lazy\" decoding=\"async\" alt=\"\" border=\"0\" src=\"https:\/\/www.paypal.com\/de_DE\/i\/scr\/pixel.gif\" width=\"1\" height=\"1\">\n<\/form>","protected":false},"excerpt":{"rendered":"<p>Den Tag mit einem ausgiebigen Fr\u00fchst\u00fcck starten, beim Kaffeedate den besten Kuchen der Stadt genie\u00dfen oder in der Mittagspause mal eben Pausenbrot gegen Sauerteigstulle eintauschen? In Wiesbaden findet ihr sie,&hellip; <a class=\"excerpt-more-link\" href=\"https:\/\/rhein-main-blog.de\/en\/cafes-wiesbaden\/\">Read More<\/a><\/p>","protected":false},"author":8,"featured_media":3231,"comment_status":"open","ping_status":"open","sticky":false,"template":"","format":"standard","meta":{"footnotes":""},"categories":[5,17],"tags":[],"class_list":["post-3264","post","type-post","status-publish","format-standard","has-post-thumbnail","hentry","category-cafes","category-wiesbaden"],"yoast_head":"<!-- This site is optimized with the Yoast SEO plugin v28.1 - https:\/\/yoast.com\/product\/yoast-seo-wordpress\/ -->\n<title>Die sch\u00f6nsten Caf\u00e9s in Wiesbaden - Rhein-Main-Blog<\/title>\n<meta name=\"description\" content=\"Diese Caf\u00e9s in Wiesbaden sind so gem\u00fctlich, dass sie sich hervorragend f\u00fcr ein ausgedehntes Fr\u00fchst\u00fcck &amp; Co eignen. Viel Spa\u00df beim Genie\u00dfen!\" \/>\n<meta name=\"robots\" content=\"index, follow, max-snippet:-1, max-image-preview:large, max-video-preview:-1\" \/>\n<link rel=\"canonical\" href=\"https:\/\/rhein-main-blog.de\/en\/cafes-wiesbaden\/\" \/>\n<meta property=\"og:locale\" content=\"en_US\" \/>\n<meta property=\"og:type\" content=\"article\" \/>\n<meta property=\"og:title\" content=\"Die sch\u00f6nsten Caf\u00e9s in Wiesbaden - Rhein-Main-Blog\" \/>\n<meta property=\"og:description\" content=\"Diese Caf\u00e9s in Wiesbaden sind so gem\u00fctlich, dass sie sich hervorragend f\u00fcr ein ausgedehntes Fr\u00fchst\u00fcck &amp; Co eignen. Viel Spa\u00df beim Genie\u00dfen!\" \/>\n<meta property=\"og:url\" content=\"https:\/\/rhein-main-blog.de\/en\/cafes-wiesbaden\/\" \/>\n<meta property=\"og:site_name\" content=\"Rhein-Main-Blog\" \/>\n<meta property=\"article:published_time\" content=\"2022-06-24T16:57:01+00:00\" \/>\n<meta property=\"article:modified_time\" content=\"2025-03-01T18:58:45+00:00\" \/>\n<meta property=\"og:image\" content=\"https:\/\/rhein-main-blog.de\/wp-content\/uploads\/2022\/06\/Cafes-Wiesbaden.jpg\" \/>\n\t<meta property=\"og:image:width\" content=\"1024\" \/>\n\t<meta property=\"og:image:height\" content=\"683\" \/>\n\t<meta property=\"og:image:type\" content=\"image\/jpeg\" \/>\n<meta name=\"author\" content=\"Theresa\" \/>\n<meta name=\"twitter:card\" content=\"summary_large_image\" \/>\n<meta name=\"twitter:label1\" content=\"Written by\" \/>\n\t<meta name=\"twitter:data1\" content=\"Theresa\" \/>\n\t<meta name=\"twitter:label2\" content=\"Est. reading time\" \/>\n\t<meta name=\"twitter:data2\" content=\"11 minutes\" \/>\n<script type=\"application\/ld+json\" class=\"yoast-schema-graph\">{\"@context\":\"https:\\\/\\\/schema.org\",\"@graph\":[{\"@type\":\"Article\",\"@id\":\"https:\\\/\\\/rhein-main-blog.de\\\/cafes-wiesbaden\\\/#article\",\"isPartOf\":{\"@id\":\"https:\\\/\\\/rhein-main-blog.de\\\/cafes-wiesbaden\\\/\"},\"author\":{\"name\":\"Theresa\",\"@id\":\"https:\\\/\\\/rhein-main-blog.de\\\/#\\\/schema\\\/person\\\/e3836f78338c89525af3b91bd1e69acd\"},\"headline\":\"Die sch\u00f6nsten Caf\u00e9s in Wiesbaden\",\"datePublished\":\"2022-06-24T16:57:01+00:00\",\"dateModified\":\"2025-03-01T18:58:45+00:00\",\"mainEntityOfPage\":{\"@id\":\"https:\\\/\\\/rhein-main-blog.de\\\/cafes-wiesbaden\\\/\"},\"wordCount\":1378,\"commentCount\":5,\"publisher\":{\"@id\":\"https:\\\/\\\/rhein-main-blog.de\\\/#organization\"},\"image\":{\"@id\":\"https:\\\/\\\/rhein-main-blog.de\\\/cafes-wiesbaden\\\/#primaryimage\"},\"thumbnailUrl\":\"https:\\\/\\\/rhein-main-blog.de\\\/wp-content\\\/uploads\\\/2022\\\/06\\\/Cafes-Wiesbaden.jpg\",\"articleSection\":[\"Caf\u00e9s\",\"Wiesbaden\"],\"inLanguage\":\"en-US\",\"potentialAction\":[{\"@type\":\"CommentAction\",\"name\":\"Comment\",\"target\":[\"https:\\\/\\\/rhein-main-blog.de\\\/cafes-wiesbaden\\\/#respond\"]}]},{\"@type\":\"WebPage\",\"@id\":\"https:\\\/\\\/rhein-main-blog.de\\\/cafes-wiesbaden\\\/\",\"url\":\"https:\\\/\\\/rhein-main-blog.de\\\/cafes-wiesbaden\\\/\",\"name\":\"Die sch\u00f6nsten Caf\u00e9s in Wiesbaden - Rhein-Main-Blog\",\"isPartOf\":{\"@id\":\"https:\\\/\\\/rhein-main-blog.de\\\/#website\"},\"primaryImageOfPage\":{\"@id\":\"https:\\\/\\\/rhein-main-blog.de\\\/cafes-wiesbaden\\\/#primaryimage\"},\"image\":{\"@id\":\"https:\\\/\\\/rhein-main-blog.de\\\/cafes-wiesbaden\\\/#primaryimage\"},\"thumbnailUrl\":\"https:\\\/\\\/rhein-main-blog.de\\\/wp-content\\\/uploads\\\/2022\\\/06\\\/Cafes-Wiesbaden.jpg\",\"datePublished\":\"2022-06-24T16:57:01+00:00\",\"dateModified\":\"2025-03-01T18:58:45+00:00\",\"description\":\"Diese Caf\u00e9s in Wiesbaden sind so gem\u00fctlich, dass sie sich hervorragend f\u00fcr ein ausgedehntes Fr\u00fchst\u00fcck & Co eignen. Viel Spa\u00df beim Genie\u00dfen!\",\"breadcrumb\":{\"@id\":\"https:\\\/\\\/rhein-main-blog.de\\\/cafes-wiesbaden\\\/#breadcrumb\"},\"inLanguage\":\"en-US\",\"potentialAction\":[{\"@type\":\"ReadAction\",\"target\":[\"https:\\\/\\\/rhein-main-blog.de\\\/cafes-wiesbaden\\\/\"]}]},{\"@type\":\"ImageObject\",\"inLanguage\":\"en-US\",\"@id\":\"https:\\\/\\\/rhein-main-blog.de\\\/cafes-wiesbaden\\\/#primaryimage\",\"url\":\"https:\\\/\\\/rhein-main-blog.de\\\/wp-content\\\/uploads\\\/2022\\\/06\\\/Cafes-Wiesbaden.jpg\",\"contentUrl\":\"https:\\\/\\\/rhein-main-blog.de\\\/wp-content\\\/uploads\\\/2022\\\/06\\\/Cafes-Wiesbaden.jpg\",\"width\":1024,\"height\":683,\"caption\":\"Cafes Wiesbaden\"},{\"@type\":\"BreadcrumbList\",\"@id\":\"https:\\\/\\\/rhein-main-blog.de\\\/cafes-wiesbaden\\\/#breadcrumb\",\"itemListElement\":[{\"@type\":\"ListItem\",\"position\":1,\"name\":\"Startseite\",\"item\":\"https:\\\/\\\/rhein-main-blog.de\\\/\"},{\"@type\":\"ListItem\",\"position\":2,\"name\":\"Die sch\u00f6nsten Caf\u00e9s in Wiesbaden\"}]},{\"@type\":\"WebSite\",\"@id\":\"https:\\\/\\\/rhein-main-blog.de\\\/#website\",\"url\":\"https:\\\/\\\/rhein-main-blog.de\\\/\",\"name\":\"Rhein-Main-Blog\",\"description\":\"Die sch\u00f6nsten Ausflugsziele und Tipps f\u00fcr das Rhein-Main-Gebiet\",\"publisher\":{\"@id\":\"https:\\\/\\\/rhein-main-blog.de\\\/#organization\"},\"potentialAction\":[{\"@type\":\"SearchAction\",\"target\":{\"@type\":\"EntryPoint\",\"urlTemplate\":\"https:\\\/\\\/rhein-main-blog.de\\\/?s={search_term_string}\"},\"query-input\":{\"@type\":\"PropertyValueSpecification\",\"valueRequired\":true,\"valueName\":\"search_term_string\"}}],\"inLanguage\":\"en-US\"},{\"@type\":\"Organization\",\"@id\":\"https:\\\/\\\/rhein-main-blog.de\\\/#organization\",\"name\":\"Rhein-Main-Blog\",\"url\":\"https:\\\/\\\/rhein-main-blog.de\\\/\",\"logo\":{\"@type\":\"ImageObject\",\"inLanguage\":\"en-US\",\"@id\":\"https:\\\/\\\/rhein-main-blog.de\\\/#\\\/schema\\\/logo\\\/image\\\/\",\"url\":\"https:\\\/\\\/rhein-main-blog.de\\\/wp-content\\\/uploads\\\/2020\\\/04\\\/cropped-Rhein-Main-Blog-Header-Sarah-Waltinger-1-2.png\",\"contentUrl\":\"https:\\\/\\\/rhein-main-blog.de\\\/wp-content\\\/uploads\\\/2020\\\/04\\\/cropped-Rhein-Main-Blog-Header-Sarah-Waltinger-1-2.png\",\"width\":512,\"height\":512,\"caption\":\"Rhein-Main-Blog\"},\"image\":{\"@id\":\"https:\\\/\\\/rhein-main-blog.de\\\/#\\\/schema\\\/logo\\\/image\\\/\"},\"sameAs\":[\"https:\\\/\\\/www.pinterest.de\\\/rheinmainblog\\\/\"]},{\"@type\":\"Person\",\"@id\":\"https:\\\/\\\/rhein-main-blog.de\\\/#\\\/schema\\\/person\\\/e3836f78338c89525af3b91bd1e69acd\",\"name\":\"Theresa\",\"image\":{\"@type\":\"ImageObject\",\"inLanguage\":\"en-US\",\"@id\":\"https:\\\/\\\/rhein-main-blog.de\\\/wp-content\\\/uploads\\\/2022\\\/09\\\/Theresa-Berke-150x150.jpg\",\"url\":\"https:\\\/\\\/rhein-main-blog.de\\\/wp-content\\\/uploads\\\/2022\\\/09\\\/Theresa-Berke-150x150.jpg\",\"contentUrl\":\"https:\\\/\\\/rhein-main-blog.de\\\/wp-content\\\/uploads\\\/2022\\\/09\\\/Theresa-Berke-150x150.jpg\",\"caption\":\"Theresa\"},\"description\":\"Von der Hauptstadtmetropole Berlin zog es Theresa der Liebe wegen ins beschauliche Wiesbaden. Doch zu Hause trifft man sie tats\u00e4chlich eher selten, denn sie liebt das Reisen. Egal ob sch\u00f6ne St\u00e4dte, herrliche Natur, s\u00fc\u00dfe Cafes oder nette Restaurants \u2013 sie ist immer auf der Suche nach neuen Entdeckungen. Das Fotografieren ist dabei ihr kreativer Ausgleich zum Arbeitsalltag. Es erm\u00f6glicht ihr, unterwegs zu sein, Dinge aus einer anderen Perspektive wahrzunehmen und die sch\u00f6nen Momente f\u00fcr die Ewigkeit festzuhalten. Einige dieser Marmeladenglasmomente findet ihr auf ihrem Instagramprofil @_theresa.be\",\"sameAs\":[\"https:\\\/\\\/www.instagram.com\\\/_theresa.be\\\/\"],\"url\":\"https:\\\/\\\/rhein-main-blog.de\\\/en\\\/author\\\/theresa\\\/\"}]}<\/script>\n<!-- \/ Yoast SEO plugin. -->","yoast_head_json":{"title":"Die sch\u00f6nsten Caf\u00e9s in Wiesbaden - Rhein-Main-Blog","description":"Diese Caf\u00e9s in Wiesbaden sind so gem\u00fctlich, dass sie sich hervorragend f\u00fcr ein ausgedehntes Fr\u00fchst\u00fcck & Co eignen. Viel Spa\u00df beim Genie\u00dfen!","robots":{"index":"index","follow":"follow","max-snippet":"max-snippet:-1","max-image-preview":"max-image-preview:large","max-video-preview":"max-video-preview:-1"},"canonical":"https:\/\/rhein-main-blog.de\/en\/cafes-wiesbaden\/","og_locale":"en_US","og_type":"article","og_title":"Die sch\u00f6nsten Caf\u00e9s in Wiesbaden - Rhein-Main-Blog","og_description":"Diese Caf\u00e9s in Wiesbaden sind so gem\u00fctlich, dass sie sich hervorragend f\u00fcr ein ausgedehntes Fr\u00fchst\u00fcck & Co eignen. Viel Spa\u00df beim Genie\u00dfen!","og_url":"https:\/\/rhein-main-blog.de\/en\/cafes-wiesbaden\/","og_site_name":"Rhein-Main-Blog","article_published_time":"2022-06-24T16:57:01+00:00","article_modified_time":"2025-03-01T18:58:45+00:00","og_image":[{"width":1024,"height":683,"url":"https:\/\/rhein-main-blog.de\/wp-content\/uploads\/2022\/06\/Cafes-Wiesbaden.jpg","type":"image\/jpeg"}],"author":"Theresa","twitter_card":"summary_large_image","twitter_misc":{"Written by":"Theresa","Est. reading time":"11 minutes"},"schema":{"@context":"https:\/\/schema.org","@graph":[{"@type":"Article","@id":"https:\/\/rhein-main-blog.de\/cafes-wiesbaden\/#article","isPartOf":{"@id":"https:\/\/rhein-main-blog.de\/cafes-wiesbaden\/"},"author":{"name":"Theresa","@id":"https:\/\/rhein-main-blog.de\/#\/schema\/person\/e3836f78338c89525af3b91bd1e69acd"},"headline":"Die sch\u00f6nsten Caf\u00e9s in Wiesbaden","datePublished":"2022-06-24T16:57:01+00:00","dateModified":"2025-03-01T18:58:45+00:00","mainEntityOfPage":{"@id":"https:\/\/rhein-main-blog.de\/cafes-wiesbaden\/"},"wordCount":1378,"commentCount":5,"publisher":{"@id":"https:\/\/rhein-main-blog.de\/#organization"},"image":{"@id":"https:\/\/rhein-main-blog.de\/cafes-wiesbaden\/#primaryimage"},"thumbnailUrl":"https:\/\/rhein-main-blog.de\/wp-content\/uploads\/2022\/06\/Cafes-Wiesbaden.jpg","articleSection":["Caf\u00e9s","Wiesbaden"],"inLanguage":"en-US","potentialAction":[{"@type":"CommentAction","name":"Comment","target":["https:\/\/rhein-main-blog.de\/cafes-wiesbaden\/#respond"]}]},{"@type":"WebPage","@id":"https:\/\/rhein-main-blog.de\/cafes-wiesbaden\/","url":"https:\/\/rhein-main-blog.de\/cafes-wiesbaden\/","name":"Die sch\u00f6nsten Caf\u00e9s in Wiesbaden - Rhein-Main-Blog","isPartOf":{"@id":"https:\/\/rhein-main-blog.de\/#website"},"primaryImageOfPage":{"@id":"https:\/\/rhein-main-blog.de\/cafes-wiesbaden\/#primaryimage"},"image":{"@id":"https:\/\/rhein-main-blog.de\/cafes-wiesbaden\/#primaryimage"},"thumbnailUrl":"https:\/\/rhein-main-blog.de\/wp-content\/uploads\/2022\/06\/Cafes-Wiesbaden.jpg","datePublished":"2022-06-24T16:57:01+00:00","dateModified":"2025-03-01T18:58:45+00:00","description":"Diese Caf\u00e9s in Wiesbaden sind so gem\u00fctlich, dass sie sich hervorragend f\u00fcr ein ausgedehntes Fr\u00fchst\u00fcck & Co eignen. Viel Spa\u00df beim Genie\u00dfen!","breadcrumb":{"@id":"https:\/\/rhein-main-blog.de\/cafes-wiesbaden\/#breadcrumb"},"inLanguage":"en-US","potentialAction":[{"@type":"ReadAction","target":["https:\/\/rhein-main-blog.de\/cafes-wiesbaden\/"]}]},{"@type":"ImageObject","inLanguage":"en-US","@id":"https:\/\/rhein-main-blog.de\/cafes-wiesbaden\/#primaryimage","url":"https:\/\/rhein-main-blog.de\/wp-content\/uploads\/2022\/06\/Cafes-Wiesbaden.jpg","contentUrl":"https:\/\/rhein-main-blog.de\/wp-content\/uploads\/2022\/06\/Cafes-Wiesbaden.jpg","width":1024,"height":683,"caption":"Cafes Wiesbaden"},{"@type":"BreadcrumbList","@id":"https:\/\/rhein-main-blog.de\/cafes-wiesbaden\/#breadcrumb","itemListElement":[{"@type":"ListItem","position":1,"name":"Startseite","item":"https:\/\/rhein-main-blog.de\/"},{"@type":"ListItem","position":2,"name":"Die sch\u00f6nsten Caf\u00e9s in Wiesbaden"}]},{"@type":"WebSite","@id":"https:\/\/rhein-main-blog.de\/#website","url":"https:\/\/rhein-main-blog.de\/","name":"Rhein-Main-Blog","description":"Die sch\u00f6nsten Ausflugsziele und Tipps f\u00fcr das Rhein-Main-Gebiet","publisher":{"@id":"https:\/\/rhein-main-blog.de\/#organization"},"potentialAction":[{"@type":"SearchAction","target":{"@type":"EntryPoint","urlTemplate":"https:\/\/rhein-main-blog.de\/?s={search_term_string}"},"query-input":{"@type":"PropertyValueSpecification","valueRequired":true,"valueName":"search_term_string"}}],"inLanguage":"en-US"},{"@type":"Organization","@id":"https:\/\/rhein-main-blog.de\/#organization","name":"Rhein-Main-Blog","url":"https:\/\/rhein-main-blog.de\/","logo":{"@type":"ImageObject","inLanguage":"en-US","@id":"https:\/\/rhein-main-blog.de\/#\/schema\/logo\/image\/","url":"https:\/\/rhein-main-blog.de\/wp-content\/uploads\/2020\/04\/cropped-Rhein-Main-Blog-Header-Sarah-Waltinger-1-2.png","contentUrl":"https:\/\/rhein-main-blog.de\/wp-content\/uploads\/2020\/04\/cropped-Rhein-Main-Blog-Header-Sarah-Waltinger-1-2.png","width":512,"height":512,"caption":"Rhein-Main-Blog"},"image":{"@id":"https:\/\/rhein-main-blog.de\/#\/schema\/logo\/image\/"},"sameAs":["https:\/\/www.pinterest.de\/rheinmainblog\/"]},{"@type":"Person","@id":"https:\/\/rhein-main-blog.de\/#\/schema\/person\/e3836f78338c89525af3b91bd1e69acd","name":"Theresa","image":{"@type":"ImageObject","inLanguage":"en-US","@id":"https:\/\/rhein-main-blog.de\/wp-content\/uploads\/2022\/09\/Theresa-Berke-150x150.jpg","url":"https:\/\/rhein-main-blog.de\/wp-content\/uploads\/2022\/09\/Theresa-Berke-150x150.jpg","contentUrl":"https:\/\/rhein-main-blog.de\/wp-content\/uploads\/2022\/09\/Theresa-Berke-150x150.jpg","caption":"Theresa"},"description":"Von der Hauptstadtmetropole Berlin zog es Theresa der Liebe wegen ins beschauliche Wiesbaden. Doch zu Hause trifft man sie tats\u00e4chlich eher selten, denn sie liebt das Reisen. Egal ob sch\u00f6ne St\u00e4dte, herrliche Natur, s\u00fc\u00dfe Cafes oder nette Restaurants \u2013 sie ist immer auf der Suche nach neuen Entdeckungen. Das Fotografieren ist dabei ihr kreativer Ausgleich zum Arbeitsalltag. Es erm\u00f6glicht ihr, unterwegs zu sein, Dinge aus einer anderen Perspektive wahrzunehmen und die sch\u00f6nen Momente f\u00fcr die Ewigkeit festzuhalten. Einige dieser Marmeladenglasmomente findet ihr auf ihrem Instagramprofil @_theresa.be","sameAs":["https:\/\/www.instagram.com\/_theresa.be\/"],"url":"https:\/\/rhein-main-blog.de\/en\/author\/theresa\/"}]}},"_links":{"self":[{"href":"https:\/\/rhein-main-blog.de\/en\/wp-json\/wp\/v2\/posts\/3264","targetHints":{"allow":["GET"]}}],"collection":[{"href":"https:\/\/rhein-main-blog.de\/en\/wp-json\/wp\/v2\/posts"}],"about":[{"href":"https:\/\/rhein-main-blog.de\/en\/wp-json\/wp\/v2\/types\/post"}],"author":[{"embeddable":true,"href":"https:\/\/rhein-main-blog.de\/en\/wp-json\/wp\/v2\/users\/8"}],"replies":[{"embeddable":true,"href":"https:\/\/rhein-main-blog.de\/en\/wp-json\/wp\/v2\/comments?post=3264"}],"version-history":[{"count":8,"href":"https:\/\/rhein-main-blog.de\/en\/wp-json\/wp\/v2\/posts\/3264\/revisions"}],"predecessor-version":[{"id":4749,"href":"https:\/\/rhein-main-blog.de\/en\/wp-json\/wp\/v2\/posts\/3264\/revisions\/4749"}],"wp:featuredmedia":[{"embeddable":true,"href":"https:\/\/rhein-main-blog.de\/en\/wp-json\/wp\/v2\/media\/3231"}],"wp:attachment":[{"href":"https:\/\/rhein-main-blog.de\/en\/wp-json\/wp\/v2\/media?parent=3264"}],"wp:term":[{"taxonomy":"category","embeddable":true,"href":"https:\/\/rhein-main-blog.de\/en\/wp-json\/wp\/v2\/categories?post=3264"},{"taxonomy":"post_tag","embeddable":true,"href":"https:\/\/rhein-main-blog.de\/en\/wp-json\/wp\/v2\/tags?post=3264"}],"curies":[{"name":"wp","href":"https:\/\/api.w.org\/{rel}","templated":true}]}}