{"id":3381,"date":"2026-03-18T20:01:17","date_gmt":"2026-03-18T19:01:17","guid":{"rendered":"https:\/\/rhein-main-blog.de\/?p=3381"},"modified":"2026-03-18T20:01:19","modified_gmt":"2026-03-18T19:01:19","slug":"fruehstuecken-in-wiesbaden","status":"publish","type":"post","link":"https:\/\/rhein-main-blog.de\/en\/fruehstuecken-in-wiesbaden\/","title":{"rendered":"Fr\u00fchst\u00fccken in Wiesbaden: 5 Lieblingscaf\u00e9s"},"content":{"rendered":"<p class=\"wp-block-paragraph\">In Wiesbaden gibt es so viele tolle Fr\u00fchst\u00fccksrestaurants und so g\u00f6nne ich mir oft den kleinen Luxus, die erste Mahlzeit des Tages an einem sch\u00f6nen Ort einzunehmen. Dabei freue ich mich immer wieder neue <a href=\"https:\/\/rhein-main-blog.de\/en\/cafes-wiesbaden\/\" target=\"_blank\" rel=\"noreferrer noopener\"><strong>Caf\u00e9s in Wiesbaden<\/strong><\/a> auszutesten &#8211; auf der Suche nach dem besten Fr\u00fchst\u00fcck der Stadt.<\/p>\n\n\n\n<p class=\"wp-block-paragraph\">Hier sind einige meiner Lieblingsorte, um bei Flat White und Pancakes in den Tag zu starten &#8211; f\u00fcnf Lieblingscaf\u00e9s zum Fr\u00fchst\u00fccken in Wiesbaden.<\/p>\n\n\n\n<h3 class=\"wp-block-heading\">Inhalt<\/h3>\n\n\n\n<ul class=\"wp-block-list\">\n<li><a href=\"#ahoi\">aho\u00ef Caf\u00e9 \u2013 Wohlf\u00fchloase mit industriellem Charme<\/a><\/li>\n\n\n\n<li><a href=\"#wild\">Wild &amp; Wood \u2013 Hinsetzen, Seele baumeln lassen, genie\u00dfen<\/a><\/li>\n\n\n\n<li><a href=\"#messieurs\">Les deux Messieurs \u2013 Fr\u00fchst\u00fccken wie Gott in Frankreich<\/a><\/li>\n\n\n\n<li><a href=\"#alex\">ALEX \u2013 Fr\u00fchst\u00fccksbuffet gef\u00e4llig?<\/a><\/li>\n\n\n\n<li><a href=\"#duundich\">Du &amp; Ich \u2013 Breakfast all day long<\/a><\/li>\n<\/ul>\n\n\n\n<h2 class=\"wp-block-heading\">Fr\u00fchst\u00fccken in Wiesbaden: Meine Highlights im \u00dcberblick<\/h2>\n\n\n\n<p class=\"wp-block-paragraph\">Auf dieser Karte findest du meine Caf\u00e9-Lieblinge in <strong><a href=\"https:\/\/rhein-main-blog.de\/en\/category\/wiesbaden\/\" target=\"_blank\" rel=\"noreferrer noopener\">Wiesbaden<\/a> <\/strong>zum Fr\u00fchst\u00fccken oder Brunchen auf einen Blick.<\/p>\n\n\n\n<iframe loading=\"lazy\" src=\"https:\/\/www.google.com\/maps\/d\/embed?mid=1b8mdCOowOtwusji1AdI8pjlKxQqPynU&amp;ehbc=2E312F\" width=\"640\" height=\"480\"><\/iframe>\n\n\n\n<h2 class=\"wp-block-heading\" id=\"ahoi\">aho\u00ef Caf\u00e9 \u2013 Wohlf\u00fchloase mit industriellem Charme<\/h2>\n\n\n\n<p class=\"wp-block-paragraph\">Als ersten Favoriten f\u00fcr ein tolles Fr\u00fchst\u00fcck in Wiesbaden stellen wir euch heute das aho\u00ef Caf\u00e9 vor. Ehemals verbunden mit dem Co-Working Space des Heimathafen geht das <a href=\"https:\/\/heimathafen-wiesbaden.de\/cafe\/\" target=\"_blank\" rel=\"noreferrer noopener\"><strong>Caf\u00e9 aho\u00ef<\/strong><\/a> nun seine eigenen gastronomischen Wege. Betritt man das Caf\u00e9 st\u00f6\u00dft man auf heimelige Sofas und Sessel gepaart mit minimalistischem Industrialdesign. Eine stimmungsvolle Mischung aus zwei Welten.<\/p>\n\n\n\n<p class=\"wp-block-paragraph\">Die Wohlf\u00fchloase in der Karlstra\u00dfe bleibt also trotz Trennung der Unternehmen zuk\u00fcnftig bestehen. Auch die sch\u00f6nen Gew\u00e4chsh\u00e4user auf der Terrasse laden weiterhin zum Verweilen und Genie\u00dfen ein. Im<em> <\/em>aho\u00ef Caf\u00e9 findet ihr neben einem einmaligen Ambiente nicht nur tolle Kaffeespezialit\u00e4ten und diverse Kaltgetr\u00e4nke, sondern auch ein vielf\u00e4ltiges Angebot an regionalen und fair gehandelten Speisen, deren Zutaten biologisch produziert wurden. Von liebevoll belegten Bagel oder Stullen, Bircherm\u00fcsli, Porridge und Pancakes bis hin zu einem klassischen franz\u00f6sischen Fr\u00fchst\u00fcck oder einer Auswahl an ziemlich allem, was das Herz begehrt (Nizza des Nordens), wird Dir allerlei Leckeres geboten.<\/p>\n\n\n\n<figure class=\"wp-block-image size-large\"><img loading=\"lazy\" decoding=\"async\" width=\"683\" height=\"1024\" src=\"https:\/\/rhein-main-blog.de\/wp-content\/uploads\/2023\/04\/Ahoi-Wiesbaden-683x1024.jpg\" alt=\"\" class=\"wp-image-3474\" srcset=\"https:\/\/rhein-main-blog.de\/wp-content\/uploads\/2023\/04\/Ahoi-Wiesbaden-683x1024.jpg 683w, https:\/\/rhein-main-blog.de\/wp-content\/uploads\/2023\/04\/Ahoi-Wiesbaden-200x300.jpg 200w, https:\/\/rhein-main-blog.de\/wp-content\/uploads\/2023\/04\/Ahoi-Wiesbaden-768x1152.jpg 768w, https:\/\/rhein-main-blog.de\/wp-content\/uploads\/2023\/04\/Ahoi-Wiesbaden-660x990.jpg 660w, https:\/\/rhein-main-blog.de\/wp-content\/uploads\/2023\/04\/Ahoi-Wiesbaden-1000x1500.jpg 1000w, https:\/\/rhein-main-blog.de\/wp-content\/uploads\/2023\/04\/Ahoi-Wiesbaden.jpg 1024w\" sizes=\"auto, (max-width: 683px) 100vw, 683px\" \/><\/figure>\n\n\n\n<figure class=\"wp-block-image size-large\"><img loading=\"lazy\" decoding=\"async\" width=\"683\" height=\"1024\" src=\"https:\/\/rhein-main-blog.de\/wp-content\/uploads\/2023\/04\/Ahoi-Wiesbaden-3-683x1024.jpg\" alt=\"\" class=\"wp-image-3476\" srcset=\"https:\/\/rhein-main-blog.de\/wp-content\/uploads\/2023\/04\/Ahoi-Wiesbaden-3-683x1024.jpg 683w, https:\/\/rhein-main-blog.de\/wp-content\/uploads\/2023\/04\/Ahoi-Wiesbaden-3-200x300.jpg 200w, https:\/\/rhein-main-blog.de\/wp-content\/uploads\/2023\/04\/Ahoi-Wiesbaden-3-768x1152.jpg 768w, https:\/\/rhein-main-blog.de\/wp-content\/uploads\/2023\/04\/Ahoi-Wiesbaden-3-660x990.jpg 660w, https:\/\/rhein-main-blog.de\/wp-content\/uploads\/2023\/04\/Ahoi-Wiesbaden-3-1000x1500.jpg 1000w, https:\/\/rhein-main-blog.de\/wp-content\/uploads\/2023\/04\/Ahoi-Wiesbaden-3.jpg 1024w\" sizes=\"auto, (max-width: 683px) 100vw, 683px\" \/><\/figure>\n\n\n\n<figure class=\"wp-block-image size-large\"><img loading=\"lazy\" decoding=\"async\" width=\"683\" height=\"1024\" src=\"https:\/\/rhein-main-blog.de\/wp-content\/uploads\/2023\/04\/Ahoi-Wiesbaden-2-683x1024.jpg\" alt=\"\" class=\"wp-image-3475\" srcset=\"https:\/\/rhein-main-blog.de\/wp-content\/uploads\/2023\/04\/Ahoi-Wiesbaden-2-683x1024.jpg 683w, https:\/\/rhein-main-blog.de\/wp-content\/uploads\/2023\/04\/Ahoi-Wiesbaden-2-200x300.jpg 200w, https:\/\/rhein-main-blog.de\/wp-content\/uploads\/2023\/04\/Ahoi-Wiesbaden-2-768x1152.jpg 768w, https:\/\/rhein-main-blog.de\/wp-content\/uploads\/2023\/04\/Ahoi-Wiesbaden-2-660x990.jpg 660w, https:\/\/rhein-main-blog.de\/wp-content\/uploads\/2023\/04\/Ahoi-Wiesbaden-2-1000x1500.jpg 1000w, https:\/\/rhein-main-blog.de\/wp-content\/uploads\/2023\/04\/Ahoi-Wiesbaden-2.jpg 1024w\" sizes=\"auto, (max-width: 683px) 100vw, 683px\" \/><\/figure>\n\n\n\n<p class=\"wp-block-paragraph\">Du findest hier immer auch etwas Vegetarisches oder Veganes auf der Speisekarte. Solltet ihr erst sp\u00e4ter kommen oder noch etwas l\u00e4nger sitzen bleiben, k\u00f6nnt ihr auch aus einer kleinen Anzahl an warmen Gerichten w\u00e4hlen. Wir empfehlen Dir vor Deinem Besuch online einen Tisch zu reservieren.<\/p>\n\n\n\n<p class=\"wp-block-paragraph\">Ein weiteres Highlight dieses Caf\u00e9s: Wenn mal kein Platz mehr frei sein sollte oder ihr einfach das sch\u00f6ne Wetter drau\u00dfen genie\u00dfen wollt, k\u00f6nnt ihr in den Sommermonaten online eine Picknick-Box vorbestellen und gem\u00fctlich vor Ort in der Karlstra\u00dfe abholen. Im Winter gibt es der Jahreszeit entsprechend eine Winterbox, die zum Schlemmen einl\u00e4dt.<\/p>\n\n\n\n<h2 class=\"wp-block-heading\" id=\"wild\">Wild &amp; Wood \u2013 Hinsetzen, Seele baumeln lassen, genie\u00dfen<\/h2>\n\n\n\n<p class=\"wp-block-paragraph\">Sicher hast Du schon in Theresas Beitrag \u00fcber ihre <a href=\"https:\/\/rhein-main-blog.de\/en\/cafes-wiesbaden\/\" target=\"_blank\" rel=\"noreferrer noopener\"><strong>Lieblingscaf\u00e9s in Wiesbaden<\/strong><\/a> gelesen, dass Du im <a href=\"https:\/\/wildandwoodcafewiesbaden.de\/\" target=\"_blank\" rel=\"noreferrer noopener\"><strong>Wild &amp; Wood<\/strong><\/a> den ganzen Tag \u00fcber brunchen kannst. Deshalb darf es auch in diesem Artikel auf keinen Fall fehlen, denn die Philosophie der beiden Gr\u00fcnderinnen lautet: den ganzen Tag in einer sch\u00f6nen Atmosph\u00e4re mit seinen Liebsten gesund und lecker fr\u00fchst\u00fccken. Ideal also f\u00fcr einen Langschl\u00e4fer wie mich. Das Angebot des Teams des Wild &amp; Wood reicht von vielf\u00e4ltig belegten Stullen \u00fcber vitaminreiche Bowls bis hin zu Pancakes und hausgemachtem Granola.<\/p>\n\n\n\n<p class=\"wp-block-paragraph\">Eine Vielzahl, der in der Kuchenauslage zu findenden S\u00fc\u00dfwaren, sind zudem vegan. Auch eine kleine Auswahl an herzhaften Lunchgerichten wird Dir im Wild &amp; Wood geboten. Die Gr\u00fcnderinnen lassen sich zudem immer wieder besondere Specials einfallen, die sie zus\u00e4tzlich zu der t\u00e4glich bestehenden Karte anbieten. Neugierig geworden? Dann nichts wie los.<\/p>\n\n\n\n<figure class=\"wp-block-image size-large\"><img loading=\"lazy\" decoding=\"async\" width=\"679\" height=\"1024\" src=\"https:\/\/rhein-main-blog.de\/wp-content\/uploads\/2023\/04\/Wild-und-Wood-Wiesbaden-4-679x1024.jpg\" alt=\"\" class=\"wp-image-3478\" srcset=\"https:\/\/rhein-main-blog.de\/wp-content\/uploads\/2023\/04\/Wild-und-Wood-Wiesbaden-4-679x1024.jpg 679w, https:\/\/rhein-main-blog.de\/wp-content\/uploads\/2023\/04\/Wild-und-Wood-Wiesbaden-4-199x300.jpg 199w, https:\/\/rhein-main-blog.de\/wp-content\/uploads\/2023\/04\/Wild-und-Wood-Wiesbaden-4-768x1159.jpg 768w, https:\/\/rhein-main-blog.de\/wp-content\/uploads\/2023\/04\/Wild-und-Wood-Wiesbaden-4-1018x1536.jpg 1018w, https:\/\/rhein-main-blog.de\/wp-content\/uploads\/2023\/04\/Wild-und-Wood-Wiesbaden-4-660x996.jpg 660w, https:\/\/rhein-main-blog.de\/wp-content\/uploads\/2023\/04\/Wild-und-Wood-Wiesbaden-4-1000x1509.jpg 1000w, https:\/\/rhein-main-blog.de\/wp-content\/uploads\/2023\/04\/Wild-und-Wood-Wiesbaden-4.jpg 1024w\" sizes=\"auto, (max-width: 679px) 100vw, 679px\" \/><\/figure>\n\n\n\n<figure class=\"wp-block-image size-large\"><img loading=\"lazy\" decoding=\"async\" width=\"1024\" height=\"622\" src=\"https:\/\/rhein-main-blog.de\/wp-content\/uploads\/2023\/04\/Wild-und-Wood-Wiesbaden.jpg\" alt=\"\" class=\"wp-image-3479\" srcset=\"https:\/\/rhein-main-blog.de\/wp-content\/uploads\/2023\/04\/Wild-und-Wood-Wiesbaden.jpg 1024w, https:\/\/rhein-main-blog.de\/wp-content\/uploads\/2023\/04\/Wild-und-Wood-Wiesbaden-300x182.jpg 300w, https:\/\/rhein-main-blog.de\/wp-content\/uploads\/2023\/04\/Wild-und-Wood-Wiesbaden-768x467.jpg 768w, https:\/\/rhein-main-blog.de\/wp-content\/uploads\/2023\/04\/Wild-und-Wood-Wiesbaden-660x401.jpg 660w, https:\/\/rhein-main-blog.de\/wp-content\/uploads\/2023\/04\/Wild-und-Wood-Wiesbaden-1000x607.jpg 1000w\" sizes=\"auto, (max-width: 1024px) 100vw, 1024px\" \/><\/figure>\n\n\n\n<figure class=\"wp-block-image size-large\"><img loading=\"lazy\" decoding=\"async\" width=\"1024\" height=\"683\" src=\"https:\/\/rhein-main-blog.de\/wp-content\/uploads\/2023\/04\/Wild-und-Wood-Wiesbaden-3.jpg\" alt=\"\" class=\"wp-image-3480\" srcset=\"https:\/\/rhein-main-blog.de\/wp-content\/uploads\/2023\/04\/Wild-und-Wood-Wiesbaden-3.jpg 1024w, https:\/\/rhein-main-blog.de\/wp-content\/uploads\/2023\/04\/Wild-und-Wood-Wiesbaden-3-300x200.jpg 300w, https:\/\/rhein-main-blog.de\/wp-content\/uploads\/2023\/04\/Wild-und-Wood-Wiesbaden-3-768x512.jpg 768w, https:\/\/rhein-main-blog.de\/wp-content\/uploads\/2023\/04\/Wild-und-Wood-Wiesbaden-3-660x440.jpg 660w, https:\/\/rhein-main-blog.de\/wp-content\/uploads\/2023\/04\/Wild-und-Wood-Wiesbaden-3-1000x667.jpg 1000w, https:\/\/rhein-main-blog.de\/wp-content\/uploads\/2023\/04\/Wild-und-Wood-Wiesbaden-3-373x248.jpg 373w\" sizes=\"auto, (max-width: 1024px) 100vw, 1024px\" \/><\/figure>\n\n\n\n<p class=\"wp-block-paragraph\">Wichtig ist allerdings noch zu wissen: Im Wild &amp; Wood wird frei nach dem Motto \u201afirst come first served\u2018 gearbeitet und Deine EC-Karte darfst Du zuhause lassen, denn hier kannst Du nur mit Bargeld zahlen.<\/p>\n\n\n\n<h2 class=\"wp-block-heading\" id=\"messieurs\">Les deux Messieurs \u2013 Speisen wie Gott in Frankreich<\/h2>\n\n\n\n<p class=\"wp-block-paragraph\">Unterhalb des Wiesbadener Rathauses \u00f6ffnet das <a href=\"https:\/\/www.les-deux-messieurs.de\/\" target=\"_blank\" rel=\"noreferrer noopener\"><strong>Les deux Messieurs<\/strong><\/a> t\u00e4glich seine Pforten. Hier kannst Du mit Blick auf das Dern\u2019sche Gel\u00e4nde gem\u00fctlich fr\u00fchst\u00fccken und brunchen &#8211; stilecht wie in Frankreich. Neben k\u00f6stlichen franz\u00f6sischen Backwaren findest Du hier auf der Speisekarte verschiedene Fr\u00fchst\u00fcckskombinationen, Eierspeisen, Obstsalat, M\u00fcsli, Porridge, French Toast oder auch herzhafte Quiches.<\/p>\n\n\n\n<p class=\"wp-block-paragraph\">Ebenfalls, wie im Wild &amp; Wood, kannst Du Dein Fr\u00fchst\u00fcck bei Les Deux Messieurs ganzt\u00e4gig genie\u00dfen. Wir empfehlen vor Deinem Besuch einen Tisch zu reservieren. Sollte drinnen und auch drau\u00dfen auf der sch\u00f6nen Terrasse mal kein freier Platz mehr zur Verf\u00fcgung stehen, kannst Du Dir vorne in der Boulangerie tolle franz\u00f6sische Spezialit\u00e4ten und Backwaren einpacken lassen, deinen Kaffee to go bestellen und Dir ein sch\u00f6nes Pl\u00e4tzchen auf dem Dern\u2019schen Gel\u00e4nde zum Genie\u00dfen suchen.<\/p>\n\n\n\n<figure class=\"wp-block-image size-large\"><img loading=\"lazy\" decoding=\"async\" width=\"683\" height=\"1024\" src=\"https:\/\/rhein-main-blog.de\/wp-content\/uploads\/2023\/04\/Les-deux-messieurs-Wiesbaden-7-683x1024.jpg\" alt=\"\" class=\"wp-image-3482\" srcset=\"https:\/\/rhein-main-blog.de\/wp-content\/uploads\/2023\/04\/Les-deux-messieurs-Wiesbaden-7-683x1024.jpg 683w, https:\/\/rhein-main-blog.de\/wp-content\/uploads\/2023\/04\/Les-deux-messieurs-Wiesbaden-7-200x300.jpg 200w, https:\/\/rhein-main-blog.de\/wp-content\/uploads\/2023\/04\/Les-deux-messieurs-Wiesbaden-7-768x1152.jpg 768w, https:\/\/rhein-main-blog.de\/wp-content\/uploads\/2023\/04\/Les-deux-messieurs-Wiesbaden-7-660x990.jpg 660w, https:\/\/rhein-main-blog.de\/wp-content\/uploads\/2023\/04\/Les-deux-messieurs-Wiesbaden-7-1000x1500.jpg 1000w, https:\/\/rhein-main-blog.de\/wp-content\/uploads\/2023\/04\/Les-deux-messieurs-Wiesbaden-7.jpg 1024w\" sizes=\"auto, (max-width: 683px) 100vw, 683px\" \/><\/figure>\n\n\n\n<figure class=\"wp-block-image size-large\"><img loading=\"lazy\" decoding=\"async\" width=\"711\" height=\"1024\" src=\"https:\/\/rhein-main-blog.de\/wp-content\/uploads\/2023\/04\/Les-deux-messieurs-Wiesbaden-6-711x1024.jpg\" alt=\"\" class=\"wp-image-3481\" srcset=\"https:\/\/rhein-main-blog.de\/wp-content\/uploads\/2023\/04\/Les-deux-messieurs-Wiesbaden-6-711x1024.jpg 711w, https:\/\/rhein-main-blog.de\/wp-content\/uploads\/2023\/04\/Les-deux-messieurs-Wiesbaden-6-208x300.jpg 208w, https:\/\/rhein-main-blog.de\/wp-content\/uploads\/2023\/04\/Les-deux-messieurs-Wiesbaden-6-768x1106.jpg 768w, https:\/\/rhein-main-blog.de\/wp-content\/uploads\/2023\/04\/Les-deux-messieurs-Wiesbaden-6-660x950.jpg 660w, https:\/\/rhein-main-blog.de\/wp-content\/uploads\/2023\/04\/Les-deux-messieurs-Wiesbaden-6-1000x1439.jpg 1000w, https:\/\/rhein-main-blog.de\/wp-content\/uploads\/2023\/04\/Les-deux-messieurs-Wiesbaden-6.jpg 1024w\" sizes=\"auto, (max-width: 711px) 100vw, 711px\" \/><\/figure>\n\n\n\n<figure class=\"wp-block-image size-large\"><img loading=\"lazy\" decoding=\"async\" width=\"683\" height=\"1024\" src=\"https:\/\/rhein-main-blog.de\/wp-content\/uploads\/2023\/04\/Les-deux-messieurs-Wiesbaden-3-683x1024.jpg\" alt=\"\" class=\"wp-image-3483\" srcset=\"https:\/\/rhein-main-blog.de\/wp-content\/uploads\/2023\/04\/Les-deux-messieurs-Wiesbaden-3-683x1024.jpg 683w, https:\/\/rhein-main-blog.de\/wp-content\/uploads\/2023\/04\/Les-deux-messieurs-Wiesbaden-3-200x300.jpg 200w, https:\/\/rhein-main-blog.de\/wp-content\/uploads\/2023\/04\/Les-deux-messieurs-Wiesbaden-3-768x1152.jpg 768w, https:\/\/rhein-main-blog.de\/wp-content\/uploads\/2023\/04\/Les-deux-messieurs-Wiesbaden-3-660x990.jpg 660w, https:\/\/rhein-main-blog.de\/wp-content\/uploads\/2023\/04\/Les-deux-messieurs-Wiesbaden-3-1000x1500.jpg 1000w, https:\/\/rhein-main-blog.de\/wp-content\/uploads\/2023\/04\/Les-deux-messieurs-Wiesbaden-3.jpg 1024w\" sizes=\"auto, (max-width: 683px) 100vw, 683px\" \/><\/figure>\n\n\n\n<p class=\"wp-block-paragraph\">Oder Du machst vor Deinem Fr\u00fchst\u00fcck noch einen kurzen Spaziergang und l\u00e4ufst rund 400 Meter bis Du den Park Warmer Damm, auf der R\u00fcckseite des Staatstheaters, erreichst. \u00dcberzeuge Dich selbst von dem franz\u00f6sischen Charm und genie\u00dfe das tolle Angebot des Les deux Messieurs.<\/p>\n\n\n\n<h2 class=\"wp-block-heading\" id=\"alex\">ALEX \u2013 Fr\u00fchst\u00fccksbuffet gef\u00e4llig?<\/h2>\n\n\n\n<p class=\"wp-block-paragraph\">Du kannst Dich heute nicht so richtig f\u00fcr eine Sache entscheiden und willst vielleicht die Auswahl aus mehreren Gerichten haben? Dann ist das <strong><a href=\"https:\/\/www.dein-alex.de\/wiesbaden\" target=\"_blank\" rel=\"noreferrer noopener\">ALEX<\/a> <\/strong>mit seinem reichhaltigen Fr\u00fchst\u00fccksbuffet vielleicht das Passende f\u00fcr Dich. T\u00e4glich bietet Dir das Restaurant ein gro\u00dfes Fr\u00fchst\u00fccksbuffet \u2013 Sonntags sogar mit dem Zusatz von diversen warmen Speisen \u2013 oder ein klassisches franz\u00f6sisches Fr\u00fchst\u00fcck an.<\/p>\n\n\n\n<p class=\"wp-block-paragraph\">F\u00fcr jeden Geschmack egal ob Gro\u00df oder Klein, Vegetarisch oder Herzhaft, S\u00fc\u00df oder Salzig ist bei dieser Auswahl etwas dabei. Auch hier lohnt es sich, vor allem sonntags, vorher einen Tisch zu reservieren. Sollte noch etwas Platz im Magen \u00fcbrig sein und ihr noch eine Weile l\u00e4nger in dem sch\u00f6nen Ambiente sitzen wollen, findet ihr auf der normalen Karte eine Vielzahl an weiteren leckeren Speisen und Getr\u00e4nken.<\/p>\n\n\n\n<figure class=\"wp-block-gallery aligncenter has-nested-images columns-default is-cropped wp-block-gallery-1 is-layout-flex wp-block-gallery-is-layout-flex\">\n<figure class=\"wp-block-image size-large\"><img loading=\"lazy\" decoding=\"async\" width=\"1024\" height=\"689\" data-id=\"3484\" src=\"https:\/\/rhein-main-blog.de\/wp-content\/uploads\/2023\/04\/Alex-Wiesbaden.jpg\" alt=\"\" class=\"wp-image-3484\" srcset=\"https:\/\/rhein-main-blog.de\/wp-content\/uploads\/2023\/04\/Alex-Wiesbaden.jpg 1024w, https:\/\/rhein-main-blog.de\/wp-content\/uploads\/2023\/04\/Alex-Wiesbaden-300x202.jpg 300w, https:\/\/rhein-main-blog.de\/wp-content\/uploads\/2023\/04\/Alex-Wiesbaden-768x517.jpg 768w, https:\/\/rhein-main-blog.de\/wp-content\/uploads\/2023\/04\/Alex-Wiesbaden-660x444.jpg 660w, https:\/\/rhein-main-blog.de\/wp-content\/uploads\/2023\/04\/Alex-Wiesbaden-1000x673.jpg 1000w\" sizes=\"auto, (max-width: 1024px) 100vw, 1024px\" \/><\/figure>\n<\/figure>\n\n\n\n<p class=\"wp-block-paragraph\">Auch praktisch: die gegessenen Kalorien kann man sich bei einer gro\u00dfen Shoppingtour durch die angrenzende Wiesbadener Innenstadt oder einem ausgiebigen Spaziergang durch den nahegelegenen Kurpark wieder abtrainieren.<\/p>\n\n\n\n<h2 class=\"wp-block-heading\" id=\"duundich\">Du &amp; Ich \u2013 Breakfast all day long<\/h2>\n\n\n\n<p class=\"wp-block-paragraph\">Ein weiteres Lieblingscaf\u00e9 zum Fr\u00fchst\u00fccken in Wiesbaden findest du in einer Seitengasse der Wiesbadener Innenstadt. Das <a href=\"https:\/\/www.du-und-ich.info\/\" target=\"_blank\" rel=\"noreferrer noopener\"><strong>Du &amp; Ich<\/strong><\/a> beeindruckt mit einem gem\u00fctlichen aber rustikal angehauchten Ambiente. Auch hier lautet die Devise \u201afirst come first served\u2018 \u2013 Du kannst also leider nicht reservieren. Die Mitarbeitenden sind allerdings immer darum bem\u00fcht schnellstm\u00f6glich ein sch\u00f6nes Pl\u00e4tzchen f\u00fcr Dich und Deine Liebsten zu finden.<\/p>\n\n\n\n<figure class=\"wp-block-image size-large\"><img loading=\"lazy\" decoding=\"async\" width=\"629\" height=\"1024\" src=\"https:\/\/rhein-main-blog.de\/wp-content\/uploads\/2023\/04\/Du-und-ich-Wiesbaden-3-629x1024.jpg\" alt=\"\" class=\"wp-image-3485\" srcset=\"https:\/\/rhein-main-blog.de\/wp-content\/uploads\/2023\/04\/Du-und-ich-Wiesbaden-3-629x1024.jpg 629w, https:\/\/rhein-main-blog.de\/wp-content\/uploads\/2023\/04\/Du-und-ich-Wiesbaden-3-184x300.jpg 184w, https:\/\/rhein-main-blog.de\/wp-content\/uploads\/2023\/04\/Du-und-ich-Wiesbaden-3-768x1250.jpg 768w, https:\/\/rhein-main-blog.de\/wp-content\/uploads\/2023\/04\/Du-und-ich-Wiesbaden-3-944x1536.jpg 944w, https:\/\/rhein-main-blog.de\/wp-content\/uploads\/2023\/04\/Du-und-ich-Wiesbaden-3-660x1074.jpg 660w, https:\/\/rhein-main-blog.de\/wp-content\/uploads\/2023\/04\/Du-und-ich-Wiesbaden-3-1000x1627.jpg 1000w, https:\/\/rhein-main-blog.de\/wp-content\/uploads\/2023\/04\/Du-und-ich-Wiesbaden-3.jpg 1024w\" sizes=\"auto, (max-width: 629px) 100vw, 629px\" \/><\/figure>\n\n\n<div class=\"wp-block-image\">\n<figure class=\"aligncenter size-large\"><img loading=\"lazy\" decoding=\"async\" width=\"1024\" height=\"690\" src=\"https:\/\/rhein-main-blog.de\/wp-content\/uploads\/2023\/04\/Du-und-ich-Wiesbaden.jpg\" alt=\"\" class=\"wp-image-3486\" srcset=\"https:\/\/rhein-main-blog.de\/wp-content\/uploads\/2023\/04\/Du-und-ich-Wiesbaden.jpg 1024w, https:\/\/rhein-main-blog.de\/wp-content\/uploads\/2023\/04\/Du-und-ich-Wiesbaden-300x202.jpg 300w, https:\/\/rhein-main-blog.de\/wp-content\/uploads\/2023\/04\/Du-und-ich-Wiesbaden-768x518.jpg 768w, https:\/\/rhein-main-blog.de\/wp-content\/uploads\/2023\/04\/Du-und-ich-Wiesbaden-660x445.jpg 660w, https:\/\/rhein-main-blog.de\/wp-content\/uploads\/2023\/04\/Du-und-ich-Wiesbaden-1000x674.jpg 1000w\" sizes=\"auto, (max-width: 1024px) 100vw, 1024px\" \/><\/figure>\n<\/div>\n\n\n<p class=\"wp-block-paragraph\">Neben einem vielf\u00e4ltigen Fr\u00fchst\u00fccksangebot bietet Dir das Du &amp; Ich auch Speisen, die Deine Mittagspause oder ein sch\u00f6nes Abendessen zu etwas Besonderem machen. Auch hier ist das Fr\u00fchst\u00fccksangebot all day long verf\u00fcgbar. Nur die Panini und angebotenen Kuchen sind, je nachdem wie schnell sie verputzt werden, zeitlich begrenzt zu genie\u00dfen. Ob Bagel, French Toast, Eierspeisen, Herzhaft, K\u00e4sespezialit\u00e4ten, Joghurt mit M\u00fcsli und Fr\u00fcchten oder Pfannkuchen \u2013 f\u00fcr jedes Fr\u00fchst\u00fccksherz ist auf dieser Karte etwas Passendes dabei.<\/p>\n\n\n\n<h3 class=\"wp-block-heading\">Was sind eure liebsten Caf\u00e9s zum Fr\u00fchst\u00fccken in Wiesbaden? Verratet es uns in den Kommentaren.<\/h3>\n\n\n\n<p class=\"wp-block-paragraph\">TO BE CONTINUED \u2013 dieser Beitrag endet hier noch nicht. Wir sind weiterhin f\u00fcr euch auf der Suche nach den besten Fr\u00fchst\u00fcckspl\u00e4tzen in der Umgebung.<\/p>\n\n\n\n<p class=\"wp-block-paragraph\">Schau doch immer mal wieder hier herein und lass Dich \u00fcberraschen, wie dieser Beitrag in Zukunft wachsen wird.<\/p>\n\n\n\n<blockquote class=\"wp-block-quote is-layout-flow wp-block-quote-is-layout-flow\">\n<p class=\"wp-block-paragraph\">Speichere diesen Beitrag auf Pinterest<\/p>\n<\/blockquote>\n\n\n\n<figure class=\"wp-block-gallery has-nested-images columns-default is-cropped wp-block-gallery-2 is-layout-flex wp-block-gallery-is-layout-flex\">\n<figure class=\"wp-block-image size-large\"><img loading=\"lazy\" decoding=\"async\" width=\"683\" height=\"1024\" data-id=\"3471\" src=\"https:\/\/rhein-main-blog.de\/wp-content\/uploads\/2023\/04\/Wiesbaden-Cafes-683x1024.jpg\" alt=\"\" class=\"wp-image-3471\" srcset=\"https:\/\/rhein-main-blog.de\/wp-content\/uploads\/2023\/04\/Wiesbaden-Cafes-683x1024.jpg 683w, https:\/\/rhein-main-blog.de\/wp-content\/uploads\/2023\/04\/Wiesbaden-Cafes-200x300.jpg 200w, https:\/\/rhein-main-blog.de\/wp-content\/uploads\/2023\/04\/Wiesbaden-Cafes-768x1152.jpg 768w, https:\/\/rhein-main-blog.de\/wp-content\/uploads\/2023\/04\/Wiesbaden-Cafes-660x990.jpg 660w, https:\/\/rhein-main-blog.de\/wp-content\/uploads\/2023\/04\/Wiesbaden-Cafes-1000x1500.jpg 1000w, https:\/\/rhein-main-blog.de\/wp-content\/uploads\/2023\/04\/Wiesbaden-Cafes.jpg 1024w\" sizes=\"auto, (max-width: 683px) 100vw, 683px\" \/><\/figure>\n\n\n\n<figure class=\"wp-block-image size-large\"><img loading=\"lazy\" decoding=\"async\" width=\"683\" height=\"1024\" data-id=\"3472\" src=\"https:\/\/rhein-main-blog.de\/wp-content\/uploads\/2023\/04\/Wiesbaden-Fruehstueckstipps-683x1024.jpg\" alt=\"\" class=\"wp-image-3472\" srcset=\"https:\/\/rhein-main-blog.de\/wp-content\/uploads\/2023\/04\/Wiesbaden-Fruehstueckstipps-683x1024.jpg 683w, https:\/\/rhein-main-blog.de\/wp-content\/uploads\/2023\/04\/Wiesbaden-Fruehstueckstipps-200x300.jpg 200w, https:\/\/rhein-main-blog.de\/wp-content\/uploads\/2023\/04\/Wiesbaden-Fruehstueckstipps-768x1152.jpg 768w, https:\/\/rhein-main-blog.de\/wp-content\/uploads\/2023\/04\/Wiesbaden-Fruehstueckstipps-660x990.jpg 660w, https:\/\/rhein-main-blog.de\/wp-content\/uploads\/2023\/04\/Wiesbaden-Fruehstueckstipps-1000x1500.jpg 1000w, https:\/\/rhein-main-blog.de\/wp-content\/uploads\/2023\/04\/Wiesbaden-Fruehstueckstipps.jpg 1024w\" sizes=\"auto, (max-width: 683px) 100vw, 683px\" \/><\/figure>\n<\/figure>","protected":false},"excerpt":{"rendered":"<p>In Wiesbaden gibt es so viele tolle Fr\u00fchst\u00fccksrestaurants und so g\u00f6nne ich mir oft den kleinen Luxus, die erste Mahlzeit des Tages an einem sch\u00f6nen Ort einzunehmen. Dabei freue ich&hellip; <a class=\"excerpt-more-link\" href=\"https:\/\/rhein-main-blog.de\/en\/fruehstuecken-in-wiesbaden\/\">Read More<\/a><\/p>","protected":false},"author":9,"featured_media":3455,"comment_status":"open","ping_status":"open","sticky":false,"template":"","format":"standard","meta":{"footnotes":""},"categories":[5,17],"tags":[6],"class_list":["post-3381","post","type-post","status-publish","format-standard","has-post-thumbnail","hentry","category-cafes","category-wiesbaden","tag-fruehstuecken"],"yoast_head":"<!-- This site is optimized with the Yoast SEO plugin v28.1 - https:\/\/yoast.com\/product\/yoast-seo-wordpress\/ -->\n<title>Fr\u00fchst\u00fccken in Wiesbaden: 5 Lieblingscaf\u00e9s - Rhein-Main-Blog<\/title>\n<meta name=\"description\" content=\"Die sch\u00f6nsten Orte, um bei Flat White und Pancakes in den Tag zu starten. Unsere Lieblingscafes zum Fr\u00fchst\u00fccken in Wiesbaden.\" \/>\n<meta name=\"robots\" content=\"index, follow, max-snippet:-1, max-image-preview:large, max-video-preview:-1\" \/>\n<link rel=\"canonical\" href=\"https:\/\/rhein-main-blog.de\/en\/fruehstuecken-in-wiesbaden\/\" \/>\n<meta property=\"og:locale\" content=\"en_US\" \/>\n<meta property=\"og:type\" content=\"article\" \/>\n<meta property=\"og:title\" content=\"Fr\u00fchst\u00fccken in Wiesbaden: 5 Lieblingscaf\u00e9s - Rhein-Main-Blog\" \/>\n<meta property=\"og:description\" content=\"Die sch\u00f6nsten Orte, um bei Flat White und Pancakes in den Tag zu starten. Unsere Lieblingscafes zum Fr\u00fchst\u00fccken in Wiesbaden.\" \/>\n<meta property=\"og:url\" content=\"https:\/\/rhein-main-blog.de\/en\/fruehstuecken-in-wiesbaden\/\" \/>\n<meta property=\"og:site_name\" content=\"Rhein-Main-Blog\" \/>\n<meta property=\"article:published_time\" content=\"2026-03-18T19:01:17+00:00\" \/>\n<meta property=\"article:modified_time\" content=\"2026-03-18T19:01:19+00:00\" \/>\n<meta property=\"og:image\" content=\"https:\/\/rhein-main-blog.de\/wp-content\/uploads\/2023\/04\/Fruehstuecken-in-Wiesbaden-1024x683.jpg\" \/>\n\t<meta property=\"og:image:width\" content=\"1024\" \/>\n\t<meta property=\"og:image:height\" content=\"683\" \/>\n\t<meta property=\"og:image:type\" content=\"image\/jpeg\" \/>\n<meta name=\"author\" content=\"Johanna\" \/>\n<meta name=\"twitter:card\" content=\"summary_large_image\" \/>\n<meta name=\"twitter:label1\" content=\"Written by\" \/>\n\t<meta name=\"twitter:data1\" content=\"Johanna\" \/>\n\t<meta name=\"twitter:label2\" content=\"Est. reading time\" \/>\n\t<meta name=\"twitter:data2\" content=\"9 minutes\" \/>\n<script type=\"application\/ld+json\" class=\"yoast-schema-graph\">{\"@context\":\"https:\\\/\\\/schema.org\",\"@graph\":[{\"@type\":\"Article\",\"@id\":\"https:\\\/\\\/rhein-main-blog.de\\\/fruehstuecken-in-wiesbaden\\\/#article\",\"isPartOf\":{\"@id\":\"https:\\\/\\\/rhein-main-blog.de\\\/fruehstuecken-in-wiesbaden\\\/\"},\"author\":{\"name\":\"Johanna\",\"@id\":\"https:\\\/\\\/rhein-main-blog.de\\\/#\\\/schema\\\/person\\\/3cd545df9cdb3080171020a70aac11e0\"},\"headline\":\"Fr\u00fchst\u00fccken in Wiesbaden: 5 Lieblingscaf\u00e9s\",\"datePublished\":\"2026-03-18T19:01:17+00:00\",\"dateModified\":\"2026-03-18T19:01:19+00:00\",\"mainEntityOfPage\":{\"@id\":\"https:\\\/\\\/rhein-main-blog.de\\\/fruehstuecken-in-wiesbaden\\\/\"},\"wordCount\":1246,\"commentCount\":3,\"publisher\":{\"@id\":\"https:\\\/\\\/rhein-main-blog.de\\\/#organization\"},\"image\":{\"@id\":\"https:\\\/\\\/rhein-main-blog.de\\\/fruehstuecken-in-wiesbaden\\\/#primaryimage\"},\"thumbnailUrl\":\"https:\\\/\\\/rhein-main-blog.de\\\/wp-content\\\/uploads\\\/2023\\\/04\\\/Fruehstuecken-in-Wiesbaden.jpg\",\"keywords\":[\"Fr\u00fchst\u00fccken\"],\"articleSection\":[\"Caf\u00e9s\",\"Wiesbaden\"],\"inLanguage\":\"en-US\",\"potentialAction\":[{\"@type\":\"CommentAction\",\"name\":\"Comment\",\"target\":[\"https:\\\/\\\/rhein-main-blog.de\\\/fruehstuecken-in-wiesbaden\\\/#respond\"]}]},{\"@type\":\"WebPage\",\"@id\":\"https:\\\/\\\/rhein-main-blog.de\\\/fruehstuecken-in-wiesbaden\\\/\",\"url\":\"https:\\\/\\\/rhein-main-blog.de\\\/fruehstuecken-in-wiesbaden\\\/\",\"name\":\"Fr\u00fchst\u00fccken in Wiesbaden: 5 Lieblingscaf\u00e9s - Rhein-Main-Blog\",\"isPartOf\":{\"@id\":\"https:\\\/\\\/rhein-main-blog.de\\\/#website\"},\"primaryImageOfPage\":{\"@id\":\"https:\\\/\\\/rhein-main-blog.de\\\/fruehstuecken-in-wiesbaden\\\/#primaryimage\"},\"image\":{\"@id\":\"https:\\\/\\\/rhein-main-blog.de\\\/fruehstuecken-in-wiesbaden\\\/#primaryimage\"},\"thumbnailUrl\":\"https:\\\/\\\/rhein-main-blog.de\\\/wp-content\\\/uploads\\\/2023\\\/04\\\/Fruehstuecken-in-Wiesbaden.jpg\",\"datePublished\":\"2026-03-18T19:01:17+00:00\",\"dateModified\":\"2026-03-18T19:01:19+00:00\",\"description\":\"Die sch\u00f6nsten Orte, um bei Flat White und Pancakes in den Tag zu starten. Unsere Lieblingscafes zum Fr\u00fchst\u00fccken in Wiesbaden.\",\"breadcrumb\":{\"@id\":\"https:\\\/\\\/rhein-main-blog.de\\\/fruehstuecken-in-wiesbaden\\\/#breadcrumb\"},\"inLanguage\":\"en-US\",\"potentialAction\":[{\"@type\":\"ReadAction\",\"target\":[\"https:\\\/\\\/rhein-main-blog.de\\\/fruehstuecken-in-wiesbaden\\\/\"]}]},{\"@type\":\"ImageObject\",\"inLanguage\":\"en-US\",\"@id\":\"https:\\\/\\\/rhein-main-blog.de\\\/fruehstuecken-in-wiesbaden\\\/#primaryimage\",\"url\":\"https:\\\/\\\/rhein-main-blog.de\\\/wp-content\\\/uploads\\\/2023\\\/04\\\/Fruehstuecken-in-Wiesbaden.jpg\",\"contentUrl\":\"https:\\\/\\\/rhein-main-blog.de\\\/wp-content\\\/uploads\\\/2023\\\/04\\\/Fruehstuecken-in-Wiesbaden.jpg\",\"width\":6000,\"height\":4000,\"caption\":\"Fr\u00fchst\u00fccken in Wiesbaden\"},{\"@type\":\"BreadcrumbList\",\"@id\":\"https:\\\/\\\/rhein-main-blog.de\\\/fruehstuecken-in-wiesbaden\\\/#breadcrumb\",\"itemListElement\":[{\"@type\":\"ListItem\",\"position\":1,\"name\":\"Startseite\",\"item\":\"https:\\\/\\\/rhein-main-blog.de\\\/\"},{\"@type\":\"ListItem\",\"position\":2,\"name\":\"Fr\u00fchst\u00fccken in Wiesbaden: 5 Lieblingscaf\u00e9s\"}]},{\"@type\":\"WebSite\",\"@id\":\"https:\\\/\\\/rhein-main-blog.de\\\/#website\",\"url\":\"https:\\\/\\\/rhein-main-blog.de\\\/\",\"name\":\"Rhein-Main-Blog\",\"description\":\"Die sch\u00f6nsten Ausflugsziele und Tipps f\u00fcr das Rhein-Main-Gebiet\",\"publisher\":{\"@id\":\"https:\\\/\\\/rhein-main-blog.de\\\/#organization\"},\"potentialAction\":[{\"@type\":\"SearchAction\",\"target\":{\"@type\":\"EntryPoint\",\"urlTemplate\":\"https:\\\/\\\/rhein-main-blog.de\\\/?s={search_term_string}\"},\"query-input\":{\"@type\":\"PropertyValueSpecification\",\"valueRequired\":true,\"valueName\":\"search_term_string\"}}],\"inLanguage\":\"en-US\"},{\"@type\":\"Organization\",\"@id\":\"https:\\\/\\\/rhein-main-blog.de\\\/#organization\",\"name\":\"Rhein-Main-Blog\",\"url\":\"https:\\\/\\\/rhein-main-blog.de\\\/\",\"logo\":{\"@type\":\"ImageObject\",\"inLanguage\":\"en-US\",\"@id\":\"https:\\\/\\\/rhein-main-blog.de\\\/#\\\/schema\\\/logo\\\/image\\\/\",\"url\":\"https:\\\/\\\/rhein-main-blog.de\\\/wp-content\\\/uploads\\\/2020\\\/04\\\/cropped-Rhein-Main-Blog-Header-Sarah-Waltinger-1-2.png\",\"contentUrl\":\"https:\\\/\\\/rhein-main-blog.de\\\/wp-content\\\/uploads\\\/2020\\\/04\\\/cropped-Rhein-Main-Blog-Header-Sarah-Waltinger-1-2.png\",\"width\":512,\"height\":512,\"caption\":\"Rhein-Main-Blog\"},\"image\":{\"@id\":\"https:\\\/\\\/rhein-main-blog.de\\\/#\\\/schema\\\/logo\\\/image\\\/\"},\"sameAs\":[\"https:\\\/\\\/www.pinterest.de\\\/rheinmainblog\\\/\"]},{\"@type\":\"Person\",\"@id\":\"https:\\\/\\\/rhein-main-blog.de\\\/#\\\/schema\\\/person\\\/3cd545df9cdb3080171020a70aac11e0\",\"name\":\"Johanna\",\"image\":{\"@type\":\"ImageObject\",\"inLanguage\":\"en-US\",\"@id\":\"https:\\\/\\\/rhein-main-blog.de\\\/wp-content\\\/uploads\\\/2021\\\/04\\\/IMG_20200829_154651-2-150x150.jpg\",\"url\":\"https:\\\/\\\/rhein-main-blog.de\\\/wp-content\\\/uploads\\\/2021\\\/04\\\/IMG_20200829_154651-2-150x150.jpg\",\"contentUrl\":\"https:\\\/\\\/rhein-main-blog.de\\\/wp-content\\\/uploads\\\/2021\\\/04\\\/IMG_20200829_154651-2-150x150.jpg\",\"caption\":\"Johanna\"},\"description\":\"Johanna ist im Rhein-Main-Gebiet aufgewachsen und kennt somit den ein oder anderen Geheimtipp der Region. Sie steht eindeutig lieber hinter der Kamera und setzt auf \u201edie kleinen Momente im Leben\u201c. Diese mit der Kamera einzufangen, z\u00e4hlt neben herzerw\u00e4rmenden Schnappsch\u00fcssen zu ihren Lieblingsmotiven. Einen kleinen Einblick auf ihre Sicht der Welt k\u00f6nnt ihr auf Instagram unter @escapingthedailyroutine erhalten.\",\"sameAs\":[\"https:\\\/\\\/www.instagram.com\\\/escapingthedailyroutine\\\/\"],\"url\":\"https:\\\/\\\/rhein-main-blog.de\\\/en\\\/author\\\/johanna\\\/\"}]}<\/script>\n<!-- \/ Yoast SEO plugin. -->","yoast_head_json":{"title":"Fr\u00fchst\u00fccken in Wiesbaden: 5 Lieblingscaf\u00e9s - Rhein-Main-Blog","description":"Die sch\u00f6nsten Orte, um bei Flat White und Pancakes in den Tag zu starten. Unsere Lieblingscafes zum Fr\u00fchst\u00fccken in Wiesbaden.","robots":{"index":"index","follow":"follow","max-snippet":"max-snippet:-1","max-image-preview":"max-image-preview:large","max-video-preview":"max-video-preview:-1"},"canonical":"https:\/\/rhein-main-blog.de\/en\/fruehstuecken-in-wiesbaden\/","og_locale":"en_US","og_type":"article","og_title":"Fr\u00fchst\u00fccken in Wiesbaden: 5 Lieblingscaf\u00e9s - Rhein-Main-Blog","og_description":"Die sch\u00f6nsten Orte, um bei Flat White und Pancakes in den Tag zu starten. Unsere Lieblingscafes zum Fr\u00fchst\u00fccken in Wiesbaden.","og_url":"https:\/\/rhein-main-blog.de\/en\/fruehstuecken-in-wiesbaden\/","og_site_name":"Rhein-Main-Blog","article_published_time":"2026-03-18T19:01:17+00:00","article_modified_time":"2026-03-18T19:01:19+00:00","og_image":[{"width":1024,"height":683,"url":"https:\/\/rhein-main-blog.de\/wp-content\/uploads\/2023\/04\/Fruehstuecken-in-Wiesbaden-1024x683.jpg","type":"image\/jpeg"}],"author":"Johanna","twitter_card":"summary_large_image","twitter_misc":{"Written by":"Johanna","Est. reading time":"9 minutes"},"schema":{"@context":"https:\/\/schema.org","@graph":[{"@type":"Article","@id":"https:\/\/rhein-main-blog.de\/fruehstuecken-in-wiesbaden\/#article","isPartOf":{"@id":"https:\/\/rhein-main-blog.de\/fruehstuecken-in-wiesbaden\/"},"author":{"name":"Johanna","@id":"https:\/\/rhein-main-blog.de\/#\/schema\/person\/3cd545df9cdb3080171020a70aac11e0"},"headline":"Fr\u00fchst\u00fccken in Wiesbaden: 5 Lieblingscaf\u00e9s","datePublished":"2026-03-18T19:01:17+00:00","dateModified":"2026-03-18T19:01:19+00:00","mainEntityOfPage":{"@id":"https:\/\/rhein-main-blog.de\/fruehstuecken-in-wiesbaden\/"},"wordCount":1246,"commentCount":3,"publisher":{"@id":"https:\/\/rhein-main-blog.de\/#organization"},"image":{"@id":"https:\/\/rhein-main-blog.de\/fruehstuecken-in-wiesbaden\/#primaryimage"},"thumbnailUrl":"https:\/\/rhein-main-blog.de\/wp-content\/uploads\/2023\/04\/Fruehstuecken-in-Wiesbaden.jpg","keywords":["Fr\u00fchst\u00fccken"],"articleSection":["Caf\u00e9s","Wiesbaden"],"inLanguage":"en-US","potentialAction":[{"@type":"CommentAction","name":"Comment","target":["https:\/\/rhein-main-blog.de\/fruehstuecken-in-wiesbaden\/#respond"]}]},{"@type":"WebPage","@id":"https:\/\/rhein-main-blog.de\/fruehstuecken-in-wiesbaden\/","url":"https:\/\/rhein-main-blog.de\/fruehstuecken-in-wiesbaden\/","name":"Fr\u00fchst\u00fccken in Wiesbaden: 5 Lieblingscaf\u00e9s - Rhein-Main-Blog","isPartOf":{"@id":"https:\/\/rhein-main-blog.de\/#website"},"primaryImageOfPage":{"@id":"https:\/\/rhein-main-blog.de\/fruehstuecken-in-wiesbaden\/#primaryimage"},"image":{"@id":"https:\/\/rhein-main-blog.de\/fruehstuecken-in-wiesbaden\/#primaryimage"},"thumbnailUrl":"https:\/\/rhein-main-blog.de\/wp-content\/uploads\/2023\/04\/Fruehstuecken-in-Wiesbaden.jpg","datePublished":"2026-03-18T19:01:17+00:00","dateModified":"2026-03-18T19:01:19+00:00","description":"Die sch\u00f6nsten Orte, um bei Flat White und Pancakes in den Tag zu starten. Unsere Lieblingscafes zum Fr\u00fchst\u00fccken in Wiesbaden.","breadcrumb":{"@id":"https:\/\/rhein-main-blog.de\/fruehstuecken-in-wiesbaden\/#breadcrumb"},"inLanguage":"en-US","potentialAction":[{"@type":"ReadAction","target":["https:\/\/rhein-main-blog.de\/fruehstuecken-in-wiesbaden\/"]}]},{"@type":"ImageObject","inLanguage":"en-US","@id":"https:\/\/rhein-main-blog.de\/fruehstuecken-in-wiesbaden\/#primaryimage","url":"https:\/\/rhein-main-blog.de\/wp-content\/uploads\/2023\/04\/Fruehstuecken-in-Wiesbaden.jpg","contentUrl":"https:\/\/rhein-main-blog.de\/wp-content\/uploads\/2023\/04\/Fruehstuecken-in-Wiesbaden.jpg","width":6000,"height":4000,"caption":"Fr\u00fchst\u00fccken in Wiesbaden"},{"@type":"BreadcrumbList","@id":"https:\/\/rhein-main-blog.de\/fruehstuecken-in-wiesbaden\/#breadcrumb","itemListElement":[{"@type":"ListItem","position":1,"name":"Startseite","item":"https:\/\/rhein-main-blog.de\/"},{"@type":"ListItem","position":2,"name":"Fr\u00fchst\u00fccken in Wiesbaden: 5 Lieblingscaf\u00e9s"}]},{"@type":"WebSite","@id":"https:\/\/rhein-main-blog.de\/#website","url":"https:\/\/rhein-main-blog.de\/","name":"Rhein-Main-Blog","description":"Die sch\u00f6nsten Ausflugsziele und Tipps f\u00fcr das Rhein-Main-Gebiet","publisher":{"@id":"https:\/\/rhein-main-blog.de\/#organization"},"potentialAction":[{"@type":"SearchAction","target":{"@type":"EntryPoint","urlTemplate":"https:\/\/rhein-main-blog.de\/?s={search_term_string}"},"query-input":{"@type":"PropertyValueSpecification","valueRequired":true,"valueName":"search_term_string"}}],"inLanguage":"en-US"},{"@type":"Organization","@id":"https:\/\/rhein-main-blog.de\/#organization","name":"Rhein-Main-Blog","url":"https:\/\/rhein-main-blog.de\/","logo":{"@type":"ImageObject","inLanguage":"en-US","@id":"https:\/\/rhein-main-blog.de\/#\/schema\/logo\/image\/","url":"https:\/\/rhein-main-blog.de\/wp-content\/uploads\/2020\/04\/cropped-Rhein-Main-Blog-Header-Sarah-Waltinger-1-2.png","contentUrl":"https:\/\/rhein-main-blog.de\/wp-content\/uploads\/2020\/04\/cropped-Rhein-Main-Blog-Header-Sarah-Waltinger-1-2.png","width":512,"height":512,"caption":"Rhein-Main-Blog"},"image":{"@id":"https:\/\/rhein-main-blog.de\/#\/schema\/logo\/image\/"},"sameAs":["https:\/\/www.pinterest.de\/rheinmainblog\/"]},{"@type":"Person","@id":"https:\/\/rhein-main-blog.de\/#\/schema\/person\/3cd545df9cdb3080171020a70aac11e0","name":"Johanna","image":{"@type":"ImageObject","inLanguage":"en-US","@id":"https:\/\/rhein-main-blog.de\/wp-content\/uploads\/2021\/04\/IMG_20200829_154651-2-150x150.jpg","url":"https:\/\/rhein-main-blog.de\/wp-content\/uploads\/2021\/04\/IMG_20200829_154651-2-150x150.jpg","contentUrl":"https:\/\/rhein-main-blog.de\/wp-content\/uploads\/2021\/04\/IMG_20200829_154651-2-150x150.jpg","caption":"Johanna"},"description":"Johanna ist im Rhein-Main-Gebiet aufgewachsen und kennt somit den ein oder anderen Geheimtipp der Region. Sie steht eindeutig lieber hinter der Kamera und setzt auf \u201edie kleinen Momente im Leben\u201c. Diese mit der Kamera einzufangen, z\u00e4hlt neben herzerw\u00e4rmenden Schnappsch\u00fcssen zu ihren Lieblingsmotiven. Einen kleinen Einblick auf ihre Sicht der Welt k\u00f6nnt ihr auf Instagram unter @escapingthedailyroutine erhalten.","sameAs":["https:\/\/www.instagram.com\/escapingthedailyroutine\/"],"url":"https:\/\/rhein-main-blog.de\/en\/author\/johanna\/"}]}},"_links":{"self":[{"href":"https:\/\/rhein-main-blog.de\/en\/wp-json\/wp\/v2\/posts\/3381","targetHints":{"allow":["GET"]}}],"collection":[{"href":"https:\/\/rhein-main-blog.de\/en\/wp-json\/wp\/v2\/posts"}],"about":[{"href":"https:\/\/rhein-main-blog.de\/en\/wp-json\/wp\/v2\/types\/post"}],"author":[{"embeddable":true,"href":"https:\/\/rhein-main-blog.de\/en\/wp-json\/wp\/v2\/users\/9"}],"replies":[{"embeddable":true,"href":"https:\/\/rhein-main-blog.de\/en\/wp-json\/wp\/v2\/comments?post=3381"}],"version-history":[{"count":34,"href":"https:\/\/rhein-main-blog.de\/en\/wp-json\/wp\/v2\/posts\/3381\/revisions"}],"predecessor-version":[{"id":5135,"href":"https:\/\/rhein-main-blog.de\/en\/wp-json\/wp\/v2\/posts\/3381\/revisions\/5135"}],"wp:featuredmedia":[{"embeddable":true,"href":"https:\/\/rhein-main-blog.de\/en\/wp-json\/wp\/v2\/media\/3455"}],"wp:attachment":[{"href":"https:\/\/rhein-main-blog.de\/en\/wp-json\/wp\/v2\/media?parent=3381"}],"wp:term":[{"taxonomy":"category","embeddable":true,"href":"https:\/\/rhein-main-blog.de\/en\/wp-json\/wp\/v2\/categories?post=3381"},{"taxonomy":"post_tag","embeddable":true,"href":"https:\/\/rhein-main-blog.de\/en\/wp-json\/wp\/v2\/tags?post=3381"}],"curies":[{"name":"wp","href":"https:\/\/api.w.org\/{rel}","templated":true}]}}