{"id":3508,"date":"2023-07-16T16:52:42","date_gmt":"2023-07-16T14:52:42","guid":{"rendered":"https:\/\/rhein-main-blog.de\/?p=3508"},"modified":"2023-07-16T18:13:32","modified_gmt":"2023-07-16T16:13:32","slug":"brueder-grimm-festspiele-hanau","status":"publish","type":"post","link":"https:\/\/rhein-main-blog.de\/en\/brueder-grimm-festspiele-hanau\/","title":{"rendered":"Open-Air-M\u00e4rchenstunde: Die Br\u00fcder Grimm Festspiele in Hanau"},"content":{"rendered":"<p class=\"wp-block-paragraph\">*<em>Anzeige <\/em>| Jedes Jahr umgibt das Schloss Philippsruhe in Hanau f\u00fcr einige Zeit ein m\u00e4rchenhafter Zauber. Denn von Mitte Mai bis Ende Juli widmet sich ein ganzes Festival den Br\u00fcdern Jacob und Wilhelm Grimm, die in der Stadt am Main geboren wurden und weltweit bekannt f\u00fcr ihre Sammlung an M\u00e4rchen sind, die schlie\u00dflich \u00fcber 200 Erz\u00e4hlungen umfasst. Darunter sind bekannte Geschichten wie &#8222;Aschenputtel&#8220;, &#8222;Hans im Gl\u00fcck&#8220; und &#8222;Hasel und Igel&#8220;.<\/p>\n\n\n\n<p class=\"wp-block-paragraph\">Auch in diesem Jahr sind die <a href=\"https:\/\/www.festspiele-hanau.de\/festspiele.de\/\" target=\"_blank\" rel=\"noreferrer noopener nofollow\"><strong>Br\u00fcder Grimm Festspiele in Hanau<\/strong><\/a> ein unvergessliches Erlebnis. Mit einer bunten Mischung aus Theaterauff\u00fchrungen, Musik, Tanz und interaktiven Veranstaltungen entf\u00fchrt das Festival die Besucher in die wunderbare Welt der Br\u00fcder Grimm.<\/p>\n\n\n\n<p class=\"wp-block-paragraph\">Tipps f\u00fcr einen Besuch w\u00e4hrend der Festspiele und was euch bei dem Sommer-Event in Hanau erwartet, lest ihr in diesem Blog Beitrag.<\/p>\n\n\n\n<h2 class=\"wp-block-heading\">Hanau und die Br\u00fcder Grimm<\/h2>\n\n\n\n<p class=\"wp-block-paragraph\">Die Br\u00fcder Grimm, Jacob und Wilhelm, sind eng mit Hanau verbunden. Denn die Stadt in S\u00fcdhessen ist ihre Geburtsstadt, wo sie auch einen Gro\u00dfteil ihrer Kindheit und Jugend verbrachten. Jacob Grimm wurde am 4. Januar 1785 in Hanau geboren, gefolgt von seinem Bruder Wilhelm Grimm, der am 24. Februar 1786 ebenfalls dort zur Welt kam. Hier besuchten die Br\u00fcder die Schule, bevor sie sp\u00e4ter nach Kassel zogen.<\/p>\n\n\n\n<figure class=\"wp-block-image size-large\"><img loading=\"lazy\" decoding=\"async\" width=\"683\" height=\"1024\" src=\"https:\/\/rhein-main-blog.de\/wp-content\/uploads\/2023\/07\/Brueder-Grimm-Festspiele-01-683x1024.jpg\" alt=\"\" class=\"wp-image-3582\" srcset=\"https:\/\/rhein-main-blog.de\/wp-content\/uploads\/2023\/07\/Brueder-Grimm-Festspiele-01-683x1024.jpg 683w, https:\/\/rhein-main-blog.de\/wp-content\/uploads\/2023\/07\/Brueder-Grimm-Festspiele-01-200x300.jpg 200w, https:\/\/rhein-main-blog.de\/wp-content\/uploads\/2023\/07\/Brueder-Grimm-Festspiele-01-768x1152.jpg 768w, https:\/\/rhein-main-blog.de\/wp-content\/uploads\/2023\/07\/Brueder-Grimm-Festspiele-01-660x990.jpg 660w, https:\/\/rhein-main-blog.de\/wp-content\/uploads\/2023\/07\/Brueder-Grimm-Festspiele-01-1000x1500.jpg 1000w, https:\/\/rhein-main-blog.de\/wp-content\/uploads\/2023\/07\/Brueder-Grimm-Festspiele-01.jpg 1024w\" sizes=\"auto, (max-width: 683px) 100vw, 683px\" \/><\/figure>\n\n\n\n<figure class=\"wp-block-image size-large\"><img loading=\"lazy\" decoding=\"async\" width=\"1024\" height=\"683\" src=\"https:\/\/rhein-main-blog.de\/wp-content\/uploads\/2023\/07\/Brueder-Grimm-Festspiele-06.jpg\" alt=\"\" class=\"wp-image-3581\" srcset=\"https:\/\/rhein-main-blog.de\/wp-content\/uploads\/2023\/07\/Brueder-Grimm-Festspiele-06.jpg 1024w, https:\/\/rhein-main-blog.de\/wp-content\/uploads\/2023\/07\/Brueder-Grimm-Festspiele-06-300x200.jpg 300w, https:\/\/rhein-main-blog.de\/wp-content\/uploads\/2023\/07\/Brueder-Grimm-Festspiele-06-768x512.jpg 768w, https:\/\/rhein-main-blog.de\/wp-content\/uploads\/2023\/07\/Brueder-Grimm-Festspiele-06-660x440.jpg 660w, https:\/\/rhein-main-blog.de\/wp-content\/uploads\/2023\/07\/Brueder-Grimm-Festspiele-06-1000x667.jpg 1000w, https:\/\/rhein-main-blog.de\/wp-content\/uploads\/2023\/07\/Brueder-Grimm-Festspiele-06-373x248.jpg 373w\" sizes=\"auto, (max-width: 1024px) 100vw, 1024px\" \/><\/figure>\n\n\n\n<figure class=\"wp-block-image size-large\"><img loading=\"lazy\" decoding=\"async\" width=\"683\" height=\"1024\" src=\"https:\/\/rhein-main-blog.de\/wp-content\/uploads\/2023\/07\/Brueder-Grimm-Festspiele-04-683x1024.jpg\" alt=\"\" class=\"wp-image-3583\" srcset=\"https:\/\/rhein-main-blog.de\/wp-content\/uploads\/2023\/07\/Brueder-Grimm-Festspiele-04-683x1024.jpg 683w, https:\/\/rhein-main-blog.de\/wp-content\/uploads\/2023\/07\/Brueder-Grimm-Festspiele-04-200x300.jpg 200w, https:\/\/rhein-main-blog.de\/wp-content\/uploads\/2023\/07\/Brueder-Grimm-Festspiele-04-768x1152.jpg 768w, https:\/\/rhein-main-blog.de\/wp-content\/uploads\/2023\/07\/Brueder-Grimm-Festspiele-04-660x990.jpg 660w, https:\/\/rhein-main-blog.de\/wp-content\/uploads\/2023\/07\/Brueder-Grimm-Festspiele-04-1000x1500.jpg 1000w, https:\/\/rhein-main-blog.de\/wp-content\/uploads\/2023\/07\/Brueder-Grimm-Festspiele-04.jpg 1024w\" sizes=\"auto, (max-width: 683px) 100vw, 683px\" \/><\/figure>\n\n\n\n<p class=\"wp-block-paragraph\">Hanau hat die Br\u00fcder Grimm stark beeinflusst, sodass viele ihrer Geschichten von der Umgebung und Volksm\u00e4rchen aus der Region inspiriert sind. Verschiedene Denkm\u00e4ler und Gedenkst\u00e4tten erinnern an die Pers\u00f6nlichkeiten, wie das Grimm-Denkmal im Schlosspark, das Br\u00fcder-Grimm-Nationaldenkmal im Stadtzentrum und nat\u00fcrlich die Br\u00fcder Grimm Festspiele. Seit 1985 lockt das Festival tausende Besucher an.<\/p>\n\n\n\n<h2 class=\"wp-block-heading\">Die Br\u00fcder Grimm Festspiele 2023<\/h2>\n\n\n\n<p class=\"wp-block-paragraph\">In diesem Jahr werden die Festspiele zum 39. Mal aufgef\u00fchrt und die facettenreiche Saison steht unter dem Motto &#8222;T\u00e4uschung&#8220;. Das Thema durchzieht alle f\u00fcnf St\u00fccke. Von &#8222;Aschenputtel &#8211; Das Musical&#8220;, in dem der Prinz von einer bezaubernden und geheimnisvollen Sch\u00f6nheit bet\u00f6rt wird \u00fcber den Igel Thadd\u00e4us, der den Hasen Konrad auslistet bis zum herzensguten Hans, der vermeintlich von allen get\u00e4uscht wird.<\/p>\n\n\n\n<p class=\"wp-block-paragraph\">Die Auff\u00fchrungen der Br\u00fcder Grimm Festspiele sind aufw\u00e4ndig inszeniert und umfassen Theaterst\u00fccke, Musicals, Konzerte und Tanzdarbietungen. Dabei legt das k\u00fcnstlerische Team gro\u00dfen Wert auf die Originalit\u00e4t und m\u00f6chte gleicherma\u00dfen den Geist der M\u00e4rchen bewahren. Die Kost\u00fcme und B\u00fchnenbilder sind liebevoll gestaltet und entf\u00fchren die Zuschauer im Nu in eine Welt voller Magie und Abenteuer.<\/p>\n\n\n\n<figure class=\"wp-block-image size-large\"><img loading=\"lazy\" decoding=\"async\" width=\"1024\" height=\"682\" src=\"https:\/\/rhein-main-blog.de\/wp-content\/uploads\/2023\/07\/Brueder-Grimm-Festspiele-Hanau-5.jpg\" alt=\"\" class=\"wp-image-3587\" srcset=\"https:\/\/rhein-main-blog.de\/wp-content\/uploads\/2023\/07\/Brueder-Grimm-Festspiele-Hanau-5.jpg 1024w, https:\/\/rhein-main-blog.de\/wp-content\/uploads\/2023\/07\/Brueder-Grimm-Festspiele-Hanau-5-300x200.jpg 300w, https:\/\/rhein-main-blog.de\/wp-content\/uploads\/2023\/07\/Brueder-Grimm-Festspiele-Hanau-5-768x512.jpg 768w, https:\/\/rhein-main-blog.de\/wp-content\/uploads\/2023\/07\/Brueder-Grimm-Festspiele-Hanau-5-660x440.jpg 660w, https:\/\/rhein-main-blog.de\/wp-content\/uploads\/2023\/07\/Brueder-Grimm-Festspiele-Hanau-5-1000x666.jpg 1000w, https:\/\/rhein-main-blog.de\/wp-content\/uploads\/2023\/07\/Brueder-Grimm-Festspiele-Hanau-5-373x248.jpg 373w\" sizes=\"auto, (max-width: 1024px) 100vw, 1024px\" \/><\/figure>\n\n\n\n<figure class=\"wp-block-image size-large\"><img loading=\"lazy\" decoding=\"async\" width=\"1024\" height=\"683\" src=\"https:\/\/rhein-main-blog.de\/wp-content\/uploads\/2023\/07\/Brueder-Grimm-Festspiele-09.jpg\" alt=\"\" class=\"wp-image-3584\" srcset=\"https:\/\/rhein-main-blog.de\/wp-content\/uploads\/2023\/07\/Brueder-Grimm-Festspiele-09.jpg 1024w, https:\/\/rhein-main-blog.de\/wp-content\/uploads\/2023\/07\/Brueder-Grimm-Festspiele-09-300x200.jpg 300w, https:\/\/rhein-main-blog.de\/wp-content\/uploads\/2023\/07\/Brueder-Grimm-Festspiele-09-768x512.jpg 768w, https:\/\/rhein-main-blog.de\/wp-content\/uploads\/2023\/07\/Brueder-Grimm-Festspiele-09-660x440.jpg 660w, https:\/\/rhein-main-blog.de\/wp-content\/uploads\/2023\/07\/Brueder-Grimm-Festspiele-09-1000x667.jpg 1000w, https:\/\/rhein-main-blog.de\/wp-content\/uploads\/2023\/07\/Brueder-Grimm-Festspiele-09-373x248.jpg 373w\" sizes=\"auto, (max-width: 1024px) 100vw, 1024px\" \/><\/figure>\n\n\n\n<figure class=\"wp-block-image size-large\"><img loading=\"lazy\" decoding=\"async\" width=\"1024\" height=\"683\" src=\"https:\/\/rhein-main-blog.de\/wp-content\/uploads\/2023\/07\/Brueder-Grimm-Festspiele-Hanau-2.jpg\" alt=\"\" class=\"wp-image-3586\" srcset=\"https:\/\/rhein-main-blog.de\/wp-content\/uploads\/2023\/07\/Brueder-Grimm-Festspiele-Hanau-2.jpg 1024w, https:\/\/rhein-main-blog.de\/wp-content\/uploads\/2023\/07\/Brueder-Grimm-Festspiele-Hanau-2-300x200.jpg 300w, https:\/\/rhein-main-blog.de\/wp-content\/uploads\/2023\/07\/Brueder-Grimm-Festspiele-Hanau-2-768x512.jpg 768w, https:\/\/rhein-main-blog.de\/wp-content\/uploads\/2023\/07\/Brueder-Grimm-Festspiele-Hanau-2-660x440.jpg 660w, https:\/\/rhein-main-blog.de\/wp-content\/uploads\/2023\/07\/Brueder-Grimm-Festspiele-Hanau-2-1000x667.jpg 1000w, https:\/\/rhein-main-blog.de\/wp-content\/uploads\/2023\/07\/Brueder-Grimm-Festspiele-Hanau-2-373x248.jpg 373w\" sizes=\"auto, (max-width: 1024px) 100vw, 1024px\" \/><\/figure>\n\n\n\n<figure class=\"wp-block-image size-large\"><img loading=\"lazy\" decoding=\"async\" width=\"1024\" height=\"683\" src=\"https:\/\/rhein-main-blog.de\/wp-content\/uploads\/2023\/07\/Brueder-Grimm-Festspiele-21.jpg\" alt=\"\" class=\"wp-image-3585\" srcset=\"https:\/\/rhein-main-blog.de\/wp-content\/uploads\/2023\/07\/Brueder-Grimm-Festspiele-21.jpg 1024w, https:\/\/rhein-main-blog.de\/wp-content\/uploads\/2023\/07\/Brueder-Grimm-Festspiele-21-300x200.jpg 300w, https:\/\/rhein-main-blog.de\/wp-content\/uploads\/2023\/07\/Brueder-Grimm-Festspiele-21-768x512.jpg 768w, https:\/\/rhein-main-blog.de\/wp-content\/uploads\/2023\/07\/Brueder-Grimm-Festspiele-21-660x440.jpg 660w, https:\/\/rhein-main-blog.de\/wp-content\/uploads\/2023\/07\/Brueder-Grimm-Festspiele-21-1000x667.jpg 1000w, https:\/\/rhein-main-blog.de\/wp-content\/uploads\/2023\/07\/Brueder-Grimm-Festspiele-21-373x248.jpg 373w\" sizes=\"auto, (max-width: 1024px) 100vw, 1024px\" \/><\/figure>\n\n\n\n<p class=\"wp-block-paragraph\">Neben den Inszenierungen erwartet die Besucher ein buntes <strong><a href=\"https:\/\/www.festspiele-hanau.de\/festspiele.de\/stuecke\/10612\/index.html\" target=\"_blank\" rel=\"noreferrer noopener\">Rahmenprogramm<\/a> <\/strong>mit Open Stage, Live-Musik, einem Vortrag und Einblicken auf die Probeb\u00fchne. Zus\u00e4tzlich werden <a href=\"https:\/\/www.festspiele-hanau.de\/festspiele.de\/stuecke\/10945\/index.html\" target=\"_blank\" rel=\"noreferrer noopener\"><strong>Workshops f\u00fcr Kinder und Jugendliche<\/strong><\/a> angeboten. Beim Schauspielworkshops &#8222;Rollenspiel&#8220; und Rampenlicht&#8220; werden eigene Erfahrungen im Theaterbereich gesammelt und bei &#8222;Stage Time&#8220; probieren sich Kinder und Jugendliche beim Gesang und Tanz.<\/p>\n\n\n\n<p class=\"wp-block-paragraph\">So dienen die Br\u00fcder Grimm Festspiele in Hanau 2023 als ein Fest voller kultureller Begegnungen, Unterhaltung und Inspiration und w\u00fcrdigen nebenbei ein St\u00fcck Weltliteratur.<\/p>\n\n\n\n<h2 class=\"wp-block-heading\">Aschenputtel: Ein M\u00e4rchenhaftes Musical 2.0<\/h2>\n\n\n\n<p class=\"wp-block-paragraph\">Ich darf in diesem Jahr die Neuinszenierung des Musicals von <strong><a href=\"https:\/\/www.festspiele-hanau.de\/festspiele.de\/programm\/137872\/index.html\" target=\"_blank\" rel=\"noreferrer noopener\">Aschenputtel<\/a> <\/strong>besuchen. Wer kennt sie nicht, die Geschichte des gutherzigen M\u00e4dchens, das von ihrer Stiefmutter und ihren beiden Stiefschwestern schikaniert wird. Doch dann tauchte eine Fee auf und verhilft ihr beim Ball des Prinzen teilzunehmen. Aus Aschenputtels zerfetzten Lumpen zaubert sie ein wundersch\u00f6nes Ballkleid und mit gl\u00e4sernen Schuhen macht sich Aschenputtel auf zum k\u00f6niglichen Ball, wo der Prinz ihrem Charme im Nu verf\u00e4llt. Und nach weiteren gemeisterten Hindernissen, leben sie schlie\u00dflich gl\u00fccklich und bis ans Ende ihrer Tage.<\/p>\n\n\n\n<p class=\"wp-block-paragraph\">Das gesamte Ensemble begeistert mit einer stimmgewaltigen und hingebungsvollen Darstellung mit der die Charaktere meisterhaft zum Leben erweckt werden. Mein geheimer Star des St\u00fccks ist die Gute Fee Griseldis, gespielt mit einer bezaubernden Leichtigkeit und charismatischen B\u00fchnenpr\u00e4senz von Alexandra Farkic.<br>Mit ihrer Cleverness und ihrem Sinn f\u00fcr Stil steckt Griseldis hinter den gl\u00e4nzenden Auftritten Aschenputtels. Mit ihrem Glauben an das Gute tritt sie f\u00fcr das vom Schicksal geplagte M\u00e4dchen ein, bis zum Schluss endlich das Happy End gefeiert wird.<\/p>\n\n\n\n<figure class=\"wp-block-image size-large\"><img loading=\"lazy\" decoding=\"async\" width=\"683\" height=\"1024\" src=\"https:\/\/rhein-main-blog.de\/wp-content\/uploads\/2023\/07\/Aschenputtel-Brueder-Grimm-Festspiele-683x1024.jpg\" alt=\"\" class=\"wp-image-3588\" srcset=\"https:\/\/rhein-main-blog.de\/wp-content\/uploads\/2023\/07\/Aschenputtel-Brueder-Grimm-Festspiele-683x1024.jpg 683w, https:\/\/rhein-main-blog.de\/wp-content\/uploads\/2023\/07\/Aschenputtel-Brueder-Grimm-Festspiele-200x300.jpg 200w, https:\/\/rhein-main-blog.de\/wp-content\/uploads\/2023\/07\/Aschenputtel-Brueder-Grimm-Festspiele-768x1152.jpg 768w, https:\/\/rhein-main-blog.de\/wp-content\/uploads\/2023\/07\/Aschenputtel-Brueder-Grimm-Festspiele-660x990.jpg 660w, https:\/\/rhein-main-blog.de\/wp-content\/uploads\/2023\/07\/Aschenputtel-Brueder-Grimm-Festspiele-1000x1500.jpg 1000w, https:\/\/rhein-main-blog.de\/wp-content\/uploads\/2023\/07\/Aschenputtel-Brueder-Grimm-Festspiele.jpg 1024w\" sizes=\"auto, (max-width: 683px) 100vw, 683px\" \/><\/figure>\n\n\n\n<figure class=\"wp-block-image size-large\"><img loading=\"lazy\" decoding=\"async\" width=\"1024\" height=\"683\" src=\"https:\/\/rhein-main-blog.de\/wp-content\/uploads\/2023\/07\/Brueder-Grimm-Festspiele-11.jpg\" alt=\"\" class=\"wp-image-3589\" srcset=\"https:\/\/rhein-main-blog.de\/wp-content\/uploads\/2023\/07\/Brueder-Grimm-Festspiele-11.jpg 1024w, https:\/\/rhein-main-blog.de\/wp-content\/uploads\/2023\/07\/Brueder-Grimm-Festspiele-11-300x200.jpg 300w, https:\/\/rhein-main-blog.de\/wp-content\/uploads\/2023\/07\/Brueder-Grimm-Festspiele-11-768x512.jpg 768w, https:\/\/rhein-main-blog.de\/wp-content\/uploads\/2023\/07\/Brueder-Grimm-Festspiele-11-660x440.jpg 660w, https:\/\/rhein-main-blog.de\/wp-content\/uploads\/2023\/07\/Brueder-Grimm-Festspiele-11-1000x667.jpg 1000w, https:\/\/rhein-main-blog.de\/wp-content\/uploads\/2023\/07\/Brueder-Grimm-Festspiele-11-373x248.jpg 373w\" sizes=\"auto, (max-width: 1024px) 100vw, 1024px\" \/><\/figure>\n\n\n\n<figure class=\"wp-block-image size-large\"><img loading=\"lazy\" decoding=\"async\" width=\"1024\" height=\"683\" src=\"https:\/\/rhein-main-blog.de\/wp-content\/uploads\/2023\/07\/Brueder-Grimm-Festspiele-Hanau-4.jpg\" alt=\"\" class=\"wp-image-3590\" srcset=\"https:\/\/rhein-main-blog.de\/wp-content\/uploads\/2023\/07\/Brueder-Grimm-Festspiele-Hanau-4.jpg 1024w, https:\/\/rhein-main-blog.de\/wp-content\/uploads\/2023\/07\/Brueder-Grimm-Festspiele-Hanau-4-300x200.jpg 300w, https:\/\/rhein-main-blog.de\/wp-content\/uploads\/2023\/07\/Brueder-Grimm-Festspiele-Hanau-4-768x512.jpg 768w, https:\/\/rhein-main-blog.de\/wp-content\/uploads\/2023\/07\/Brueder-Grimm-Festspiele-Hanau-4-660x440.jpg 660w, https:\/\/rhein-main-blog.de\/wp-content\/uploads\/2023\/07\/Brueder-Grimm-Festspiele-Hanau-4-1000x667.jpg 1000w, https:\/\/rhein-main-blog.de\/wp-content\/uploads\/2023\/07\/Brueder-Grimm-Festspiele-Hanau-4-373x248.jpg 373w\" sizes=\"auto, (max-width: 1024px) 100vw, 1024px\" \/><\/figure>\n\n\n\n<figure class=\"wp-block-image size-large\"><img loading=\"lazy\" decoding=\"async\" width=\"1024\" height=\"683\" src=\"https:\/\/rhein-main-blog.de\/wp-content\/uploads\/2023\/07\/Brueder-Grimm-Festspiele-Hanau.jpg\" alt=\"\" class=\"wp-image-3591\" srcset=\"https:\/\/rhein-main-blog.de\/wp-content\/uploads\/2023\/07\/Brueder-Grimm-Festspiele-Hanau.jpg 1024w, https:\/\/rhein-main-blog.de\/wp-content\/uploads\/2023\/07\/Brueder-Grimm-Festspiele-Hanau-300x200.jpg 300w, https:\/\/rhein-main-blog.de\/wp-content\/uploads\/2023\/07\/Brueder-Grimm-Festspiele-Hanau-768x512.jpg 768w, https:\/\/rhein-main-blog.de\/wp-content\/uploads\/2023\/07\/Brueder-Grimm-Festspiele-Hanau-660x440.jpg 660w, https:\/\/rhein-main-blog.de\/wp-content\/uploads\/2023\/07\/Brueder-Grimm-Festspiele-Hanau-1000x667.jpg 1000w, https:\/\/rhein-main-blog.de\/wp-content\/uploads\/2023\/07\/Brueder-Grimm-Festspiele-Hanau-373x248.jpg 373w\" sizes=\"auto, (max-width: 1024px) 100vw, 1024px\" \/><\/figure>\n\n\n\n<p class=\"wp-block-paragraph\">Immer wieder \u00fcberraschend und mit unz\u00e4hligen Momenten zum Schmunzeln verzaubert die Neuinszenierung unter der Regie und Choreografie des preisgekr\u00f6nten Bart De Clercq als gelungene Mischung aus Musik, Tanz und Theater.<\/p>\n\n\n\n<p class=\"wp-block-paragraph\">Ein bezauberndes, erfrischendes und mitrei\u00dfendes St\u00fcck in einzigartiger Sommerkulisse, das die Gerechtigkeit, Empathie, Humor und die guten Feen dieser Welt feiert &#8211; ganz gro\u00dfe Empfehlung!<\/p>\n\n\n\n<h2 class=\"wp-block-heading\">Br\u00fcder Grimm Festspiele in Hanau: Praktische Tipps:<\/h2>\n\n\n\n<ul class=\"wp-block-list\"><li><strong>Ticketreservierung<\/strong>: Da die Festspiele sehr beliebt sind, empfehle ich euch, im Voraus Tickets zu reservieren und euch m\u00f6glichst fr\u00fch Pl\u00e4tze zu sichern. Tickets gibt es entweder auf der <a href=\"https:\/\/www.festspiele-hanau.de\/festspiele.de\/spielplan\/10869\/index.html\" target=\"_blank\" rel=\"noreferrer noopener\"><strong>Seite der Festspiele<\/strong><\/a> selbst oder bei <a href=\"https:\/\/www.frankfurtticket.de\/bundles\/brueder-grimm-festspiele-hanau\/\" target=\"_blank\" rel=\"noreferrer noopener\"><strong>Frankfurtticket.de<\/strong><\/a>.<\/li><li><strong>Anreise<\/strong>: Wer mit dem <strong>Auto <\/strong>anreist, gibt in das Navi &#8222;Amphitheater Schloss Philippsruhe, Am Amphitheater, 63454 Hanau&#8220; ein und folgt der Ausschilderung &#8222;Amphitheater&#8220;. Parkpl\u00e4tze findet ihr entlang der Zufahrt zum Amphitheater, auf den Mainwiesen und im Melonengarten. Hanau ist au\u00dferdem gut mit <strong>\u00f6ffentlichen Verkehrsmitteln<\/strong> erreichbar. Vom Hauptbahnhof in Hanau fahren zum Beispiel die Linien 5 und 10 direkt zum Schloss Philippsruhe. Mit der Eintrittskarte kann man die Verkehrsmittel des RMV zudem kostenlos nutzen. Infos hierzu und weitere Verbindungen gibt es <a href=\"https:\/\/www.festspiele-hanau.de\/festspiele.de\/spielplan\/46568\/index.html\" target=\"_blank\" rel=\"noreferrer noopener\"><strong>hier<\/strong><\/a>.<\/li><\/ul>\n\n\n\n<figure class=\"wp-block-image size-large\"><img loading=\"lazy\" decoding=\"async\" width=\"1024\" height=\"683\" src=\"https:\/\/rhein-main-blog.de\/wp-content\/uploads\/2023\/07\/Brueder-Grimm-Festspiele-Hanau-6.jpg\" alt=\"\" class=\"wp-image-3593\" srcset=\"https:\/\/rhein-main-blog.de\/wp-content\/uploads\/2023\/07\/Brueder-Grimm-Festspiele-Hanau-6.jpg 1024w, https:\/\/rhein-main-blog.de\/wp-content\/uploads\/2023\/07\/Brueder-Grimm-Festspiele-Hanau-6-300x200.jpg 300w, https:\/\/rhein-main-blog.de\/wp-content\/uploads\/2023\/07\/Brueder-Grimm-Festspiele-Hanau-6-768x512.jpg 768w, https:\/\/rhein-main-blog.de\/wp-content\/uploads\/2023\/07\/Brueder-Grimm-Festspiele-Hanau-6-660x440.jpg 660w, https:\/\/rhein-main-blog.de\/wp-content\/uploads\/2023\/07\/Brueder-Grimm-Festspiele-Hanau-6-1000x667.jpg 1000w, https:\/\/rhein-main-blog.de\/wp-content\/uploads\/2023\/07\/Brueder-Grimm-Festspiele-Hanau-6-373x248.jpg 373w\" sizes=\"auto, (max-width: 1024px) 100vw, 1024px\" \/><\/figure>\n\n\n\n<figure class=\"wp-block-image size-large\"><img loading=\"lazy\" decoding=\"async\" width=\"1024\" height=\"683\" src=\"https:\/\/rhein-main-blog.de\/wp-content\/uploads\/2023\/07\/Brueder-Grimm-Festspiele-10.jpg\" alt=\"\" class=\"wp-image-3592\" srcset=\"https:\/\/rhein-main-blog.de\/wp-content\/uploads\/2023\/07\/Brueder-Grimm-Festspiele-10.jpg 1024w, https:\/\/rhein-main-blog.de\/wp-content\/uploads\/2023\/07\/Brueder-Grimm-Festspiele-10-300x200.jpg 300w, https:\/\/rhein-main-blog.de\/wp-content\/uploads\/2023\/07\/Brueder-Grimm-Festspiele-10-768x512.jpg 768w, https:\/\/rhein-main-blog.de\/wp-content\/uploads\/2023\/07\/Brueder-Grimm-Festspiele-10-660x440.jpg 660w, https:\/\/rhein-main-blog.de\/wp-content\/uploads\/2023\/07\/Brueder-Grimm-Festspiele-10-1000x667.jpg 1000w, https:\/\/rhein-main-blog.de\/wp-content\/uploads\/2023\/07\/Brueder-Grimm-Festspiele-10-373x248.jpg 373w\" sizes=\"auto, (max-width: 1024px) 100vw, 1024px\" \/><\/figure>\n\n\n\n<ul class=\"wp-block-list\"><li><strong>Kleidung und Wetter<\/strong>: Da die Festspiele drau\u00dfen stattfinden, ist es ratsam, sich entsprechend dem Wetter zu kleiden. Mitbringen solltet ihr je nach Vorhersage Sonnenschutz und eventuell einen Regenschirm, falls das Wetter wechselhaft sein sollte.<\/li><li><strong>Verpflegung<\/strong>: Bei 19 ausgew\u00e4hlten Veranstaltungen k\u00f6nnen die Besucherinnen und Besucher das \u201ePremium Paket\u201c buchen und sich eine Stunde vor Vorstellungsbeginn und w\u00e4hrend der Pause in der \u201eGrimms Lounge\u201c, einem separaten exklusiven Catering-Zelt, verk\u00f6stigen lassen. Auf die G\u00e4ste warten ein kaltes und warmes Fingerfood-Buffet und eine gro\u00dfe Auswahl an Getr\u00e4nken. Eine Auswahl an Restaurants in Hanau findet ihr <a href=\"https:\/\/www.schlemmer-atlas.de\/restaurants\/deutschland\/hanau\/\" target=\"_blank\" rel=\"noreferrer noopener\"><strong>hier<\/strong><\/a>.<\/li><li><strong>Ausflugstipp<\/strong>: Die Festspiele in Hanau lassen sich wunderbar mit einer Runde flanieren im <a href=\"https:\/\/www.schloesser-hessen.de\/de\/hanau-wilhelmsbad\" target=\"_blank\" rel=\"noreferrer noopener\"><strong>Staatspark Hanau-Wilhelmsbad<\/strong><\/a> oder einer <a href=\"https:\/\/www.aquafun.de\/bootsverleih_hanau_bei_frankfurt.jsp\" target=\"_blank\" rel=\"noreferrer noopener\"><strong>Paddel-Partie<\/strong><\/a> auf der Kinzig kombinieren.<\/li><\/ul>\n\n\n\n<blockquote class=\"wp-block-quote is-layout-flow wp-block-quote-is-layout-flow\"><p>Speichere diesen Beitrag f\u00fcr sp\u00e4ter:<\/p><\/blockquote>\n\n\n\n<figure class=\"wp-block-gallery columns-2 is-cropped wp-block-gallery-1 is-layout-flex wp-block-gallery-is-layout-flex\"><ul class=\"blocks-gallery-grid\"><li class=\"blocks-gallery-item\"><figure><img loading=\"lazy\" decoding=\"async\" width=\"683\" height=\"1024\" src=\"https:\/\/rhein-main-blog.de\/wp-content\/uploads\/2023\/07\/Brueder-Grimm-Festspiele-Hanau-Erfahrungen-683x1024.jpg\" alt=\"\" data-id=\"3576\" data-full-url=\"https:\/\/rhein-main-blog.de\/wp-content\/uploads\/2023\/07\/Brueder-Grimm-Festspiele-Hanau-Erfahrungen.jpg\" data-link=\"https:\/\/rhein-main-blog.de\/?attachment_id=3576\" class=\"wp-image-3576\" srcset=\"https:\/\/rhein-main-blog.de\/wp-content\/uploads\/2023\/07\/Brueder-Grimm-Festspiele-Hanau-Erfahrungen-683x1024.jpg 683w, https:\/\/rhein-main-blog.de\/wp-content\/uploads\/2023\/07\/Brueder-Grimm-Festspiele-Hanau-Erfahrungen-200x300.jpg 200w, https:\/\/rhein-main-blog.de\/wp-content\/uploads\/2023\/07\/Brueder-Grimm-Festspiele-Hanau-Erfahrungen-768x1152.jpg 768w, https:\/\/rhein-main-blog.de\/wp-content\/uploads\/2023\/07\/Brueder-Grimm-Festspiele-Hanau-Erfahrungen-660x990.jpg 660w, https:\/\/rhein-main-blog.de\/wp-content\/uploads\/2023\/07\/Brueder-Grimm-Festspiele-Hanau-Erfahrungen-1000x1500.jpg 1000w, https:\/\/rhein-main-blog.de\/wp-content\/uploads\/2023\/07\/Brueder-Grimm-Festspiele-Hanau-Erfahrungen.jpg 1024w\" sizes=\"auto, (max-width: 683px) 100vw, 683px\" \/><\/figure><\/li><li class=\"blocks-gallery-item\"><figure><img loading=\"lazy\" decoding=\"async\" width=\"683\" height=\"1024\" src=\"https:\/\/rhein-main-blog.de\/wp-content\/uploads\/2023\/07\/Hessen-Hanau-683x1024.jpg\" alt=\"\" data-id=\"3577\" data-full-url=\"https:\/\/rhein-main-blog.de\/wp-content\/uploads\/2023\/07\/Hessen-Hanau.jpg\" data-link=\"https:\/\/rhein-main-blog.de\/?attachment_id=3577\" class=\"wp-image-3577\" srcset=\"https:\/\/rhein-main-blog.de\/wp-content\/uploads\/2023\/07\/Hessen-Hanau-683x1024.jpg 683w, https:\/\/rhein-main-blog.de\/wp-content\/uploads\/2023\/07\/Hessen-Hanau-200x300.jpg 200w, https:\/\/rhein-main-blog.de\/wp-content\/uploads\/2023\/07\/Hessen-Hanau-768x1152.jpg 768w, https:\/\/rhein-main-blog.de\/wp-content\/uploads\/2023\/07\/Hessen-Hanau-660x990.jpg 660w, https:\/\/rhein-main-blog.de\/wp-content\/uploads\/2023\/07\/Hessen-Hanau-1000x1500.jpg 1000w, https:\/\/rhein-main-blog.de\/wp-content\/uploads\/2023\/07\/Hessen-Hanau.jpg 1024w\" sizes=\"auto, (max-width: 683px) 100vw, 683px\" \/><\/figure><\/li><\/ul><\/figure>\n\n\n\n<p class=\"wp-block-paragraph\"><em>*Dieser Beitrag entstand in Zusammenarbeit mit <strong><a href=\"https:\/\/www.instagram.com\/visitrhinemain\/\" target=\"_blank\" rel=\"noreferrer noopener nofollow\">visitrhinemain<\/a> <\/strong>und <a href=\"https:\/\/www.instagram.com\/visitfrankfurt\/\" target=\"_blank\" rel=\"noreferrer noopener nofollow\"><strong>visitfrankfurt<\/strong><\/a>.<\/em><\/p>","protected":false},"excerpt":{"rendered":"<p>*Anzeige | Jedes Jahr umgibt das Schloss Philippsruhe in Hanau f\u00fcr einige Zeit ein m\u00e4rchenhafter Zauber. Denn von Mitte Mai bis Ende Juli widmet sich ein ganzes Festival den Br\u00fcdern&hellip; <a class=\"excerpt-more-link\" href=\"https:\/\/rhein-main-blog.de\/en\/brueder-grimm-festspiele-hanau\/\">Read More<\/a><\/p>","protected":false},"author":2,"featured_media":3580,"comment_status":"open","ping_status":"open","sticky":false,"template":"","format":"standard","meta":{"footnotes":""},"categories":[61,25,22],"tags":[],"class_list":["post-3508","post","type-post","status-publish","format-standard","has-post-thumbnail","hentry","category-events","category-fundstuecke","category-staedtetrip"],"yoast_head":"<!-- This site is optimized with the Yoast SEO plugin v28.1 - https:\/\/yoast.com\/product\/yoast-seo-wordpress\/ -->\n<title>Open-Air-M\u00e4rchenstunde: Die Br\u00fcder Grimm Festspiele in Hanau - Rhein-Main-Blog<\/title>\n<meta name=\"robots\" content=\"index, follow, max-snippet:-1, max-image-preview:large, max-video-preview:-1\" \/>\n<link rel=\"canonical\" href=\"https:\/\/rhein-main-blog.de\/en\/brueder-grimm-festspiele-hanau\/\" \/>\n<meta property=\"og:locale\" content=\"en_US\" \/>\n<meta property=\"og:type\" content=\"article\" \/>\n<meta property=\"og:title\" content=\"Open-Air-M\u00e4rchenstunde: Die Br\u00fcder Grimm Festspiele in Hanau - Rhein-Main-Blog\" \/>\n<meta property=\"og:description\" content=\"*Anzeige | Jedes Jahr umgibt das Schloss Philippsruhe in Hanau f\u00fcr einige Zeit ein m\u00e4rchenhafter Zauber. Denn von Mitte Mai bis Ende Juli widmet sich ein ganzes Festival den Br\u00fcdern&hellip; Read More\" \/>\n<meta property=\"og:url\" content=\"https:\/\/rhein-main-blog.de\/en\/brueder-grimm-festspiele-hanau\/\" \/>\n<meta property=\"og:site_name\" content=\"Rhein-Main-Blog\" \/>\n<meta property=\"article:published_time\" content=\"2023-07-16T14:52:42+00:00\" \/>\n<meta property=\"article:modified_time\" content=\"2023-07-16T16:13:32+00:00\" \/>\n<meta property=\"og:image\" content=\"https:\/\/rhein-main-blog.de\/wp-content\/uploads\/2023\/07\/Brueder-Grimm-Festspiele-Hanau-3.jpg\" \/>\n\t<meta property=\"og:image:width\" content=\"1024\" \/>\n\t<meta property=\"og:image:height\" content=\"683\" \/>\n\t<meta property=\"og:image:type\" content=\"image\/jpeg\" \/>\n<meta name=\"author\" content=\"Sarah\" \/>\n<meta name=\"twitter:card\" content=\"summary_large_image\" \/>\n<meta name=\"twitter:label1\" content=\"Written by\" \/>\n\t<meta name=\"twitter:data1\" content=\"Sarah\" \/>\n\t<meta name=\"twitter:label2\" content=\"Est. reading time\" \/>\n\t<meta name=\"twitter:data2\" content=\"9 minutes\" \/>\n<script type=\"application\/ld+json\" class=\"yoast-schema-graph\">{\"@context\":\"https:\\\/\\\/schema.org\",\"@graph\":[{\"@type\":\"Article\",\"@id\":\"https:\\\/\\\/rhein-main-blog.de\\\/brueder-grimm-festspiele-hanau\\\/#article\",\"isPartOf\":{\"@id\":\"https:\\\/\\\/rhein-main-blog.de\\\/brueder-grimm-festspiele-hanau\\\/\"},\"author\":{\"name\":\"Sarah\",\"@id\":\"https:\\\/\\\/rhein-main-blog.de\\\/#\\\/schema\\\/person\\\/ce1275bcdc476c205d78d9c932769e5c\"},\"headline\":\"Open-Air-M\u00e4rchenstunde: Die Br\u00fcder Grimm Festspiele in Hanau\",\"datePublished\":\"2023-07-16T14:52:42+00:00\",\"dateModified\":\"2023-07-16T16:13:32+00:00\",\"mainEntityOfPage\":{\"@id\":\"https:\\\/\\\/rhein-main-blog.de\\\/brueder-grimm-festspiele-hanau\\\/\"},\"wordCount\":1014,\"commentCount\":0,\"publisher\":{\"@id\":\"https:\\\/\\\/rhein-main-blog.de\\\/#organization\"},\"image\":{\"@id\":\"https:\\\/\\\/rhein-main-blog.de\\\/brueder-grimm-festspiele-hanau\\\/#primaryimage\"},\"thumbnailUrl\":\"https:\\\/\\\/rhein-main-blog.de\\\/wp-content\\\/uploads\\\/2023\\\/07\\\/Brueder-Grimm-Festspiele-Hanau-3.jpg\",\"articleSection\":[\"Events\",\"Fundst\u00fccke\",\"St\u00e4dtetrip\"],\"inLanguage\":\"en-US\",\"potentialAction\":[{\"@type\":\"CommentAction\",\"name\":\"Comment\",\"target\":[\"https:\\\/\\\/rhein-main-blog.de\\\/brueder-grimm-festspiele-hanau\\\/#respond\"]}]},{\"@type\":\"WebPage\",\"@id\":\"https:\\\/\\\/rhein-main-blog.de\\\/brueder-grimm-festspiele-hanau\\\/\",\"url\":\"https:\\\/\\\/rhein-main-blog.de\\\/brueder-grimm-festspiele-hanau\\\/\",\"name\":\"Open-Air-M\u00e4rchenstunde: Die Br\u00fcder Grimm Festspiele in Hanau - Rhein-Main-Blog\",\"isPartOf\":{\"@id\":\"https:\\\/\\\/rhein-main-blog.de\\\/#website\"},\"primaryImageOfPage\":{\"@id\":\"https:\\\/\\\/rhein-main-blog.de\\\/brueder-grimm-festspiele-hanau\\\/#primaryimage\"},\"image\":{\"@id\":\"https:\\\/\\\/rhein-main-blog.de\\\/brueder-grimm-festspiele-hanau\\\/#primaryimage\"},\"thumbnailUrl\":\"https:\\\/\\\/rhein-main-blog.de\\\/wp-content\\\/uploads\\\/2023\\\/07\\\/Brueder-Grimm-Festspiele-Hanau-3.jpg\",\"datePublished\":\"2023-07-16T14:52:42+00:00\",\"dateModified\":\"2023-07-16T16:13:32+00:00\",\"breadcrumb\":{\"@id\":\"https:\\\/\\\/rhein-main-blog.de\\\/brueder-grimm-festspiele-hanau\\\/#breadcrumb\"},\"inLanguage\":\"en-US\",\"potentialAction\":[{\"@type\":\"ReadAction\",\"target\":[\"https:\\\/\\\/rhein-main-blog.de\\\/brueder-grimm-festspiele-hanau\\\/\"]}]},{\"@type\":\"ImageObject\",\"inLanguage\":\"en-US\",\"@id\":\"https:\\\/\\\/rhein-main-blog.de\\\/brueder-grimm-festspiele-hanau\\\/#primaryimage\",\"url\":\"https:\\\/\\\/rhein-main-blog.de\\\/wp-content\\\/uploads\\\/2023\\\/07\\\/Brueder-Grimm-Festspiele-Hanau-3.jpg\",\"contentUrl\":\"https:\\\/\\\/rhein-main-blog.de\\\/wp-content\\\/uploads\\\/2023\\\/07\\\/Brueder-Grimm-Festspiele-Hanau-3.jpg\",\"width\":1024,\"height\":683,\"caption\":\"Br\u00fcder Grimm Festspiele Hanau (3)\"},{\"@type\":\"BreadcrumbList\",\"@id\":\"https:\\\/\\\/rhein-main-blog.de\\\/brueder-grimm-festspiele-hanau\\\/#breadcrumb\",\"itemListElement\":[{\"@type\":\"ListItem\",\"position\":1,\"name\":\"Startseite\",\"item\":\"https:\\\/\\\/rhein-main-blog.de\\\/\"},{\"@type\":\"ListItem\",\"position\":2,\"name\":\"Open-Air-M\u00e4rchenstunde: Die Br\u00fcder Grimm Festspiele in Hanau\"}]},{\"@type\":\"WebSite\",\"@id\":\"https:\\\/\\\/rhein-main-blog.de\\\/#website\",\"url\":\"https:\\\/\\\/rhein-main-blog.de\\\/\",\"name\":\"Rhein-Main-Blog\",\"description\":\"Die sch\u00f6nsten Ausflugsziele und Tipps f\u00fcr das Rhein-Main-Gebiet\",\"publisher\":{\"@id\":\"https:\\\/\\\/rhein-main-blog.de\\\/#organization\"},\"potentialAction\":[{\"@type\":\"SearchAction\",\"target\":{\"@type\":\"EntryPoint\",\"urlTemplate\":\"https:\\\/\\\/rhein-main-blog.de\\\/?s={search_term_string}\"},\"query-input\":{\"@type\":\"PropertyValueSpecification\",\"valueRequired\":true,\"valueName\":\"search_term_string\"}}],\"inLanguage\":\"en-US\"},{\"@type\":\"Organization\",\"@id\":\"https:\\\/\\\/rhein-main-blog.de\\\/#organization\",\"name\":\"Rhein-Main-Blog\",\"url\":\"https:\\\/\\\/rhein-main-blog.de\\\/\",\"logo\":{\"@type\":\"ImageObject\",\"inLanguage\":\"en-US\",\"@id\":\"https:\\\/\\\/rhein-main-blog.de\\\/#\\\/schema\\\/logo\\\/image\\\/\",\"url\":\"https:\\\/\\\/rhein-main-blog.de\\\/wp-content\\\/uploads\\\/2020\\\/04\\\/cropped-Rhein-Main-Blog-Header-Sarah-Waltinger-1-2.png\",\"contentUrl\":\"https:\\\/\\\/rhein-main-blog.de\\\/wp-content\\\/uploads\\\/2020\\\/04\\\/cropped-Rhein-Main-Blog-Header-Sarah-Waltinger-1-2.png\",\"width\":512,\"height\":512,\"caption\":\"Rhein-Main-Blog\"},\"image\":{\"@id\":\"https:\\\/\\\/rhein-main-blog.de\\\/#\\\/schema\\\/logo\\\/image\\\/\"},\"sameAs\":[\"https:\\\/\\\/www.pinterest.de\\\/rheinmainblog\\\/\"]},{\"@type\":\"Person\",\"@id\":\"https:\\\/\\\/rhein-main-blog.de\\\/#\\\/schema\\\/person\\\/ce1275bcdc476c205d78d9c932769e5c\",\"name\":\"Sarah\",\"image\":{\"@type\":\"ImageObject\",\"inLanguage\":\"en-US\",\"@id\":\"https:\\\/\\\/rhein-main-blog.de\\\/wp-content\\\/uploads\\\/2020\\\/11\\\/Sarah-Waltinger-Itchy-Feet-Blog-Mainz02-e1622966870914-150x150.jpg\",\"url\":\"https:\\\/\\\/rhein-main-blog.de\\\/wp-content\\\/uploads\\\/2020\\\/11\\\/Sarah-Waltinger-Itchy-Feet-Blog-Mainz02-e1622966870914-150x150.jpg\",\"contentUrl\":\"https:\\\/\\\/rhein-main-blog.de\\\/wp-content\\\/uploads\\\/2020\\\/11\\\/Sarah-Waltinger-Itchy-Feet-Blog-Mainz02-e1622966870914-150x150.jpg\",\"caption\":\"Sarah\"},\"description\":\"Mainzerin Sarah ist die Gr\u00fcnderin des Rhein-Main-Blogs und auch nach 30 Jahren gl\u00fccklich die sch\u00f6ne Stadt am Rhein ihr Zuhause nennen zu d\u00fcrfen. Wenn sie nicht gerade im Homeoffice arbeitet oder die Welt bereist, trifft sie sich mit Freunden im Lieblingscaf\u00e9, schlendert \u00fcber Wochenm\u00e4rkte und unternimmt Erkundungen in der Natur.\",\"sameAs\":[\"https:\\\/\\\/itchyfeet-travel.de\\\/\",\"https:\\\/\\\/www.instagram.com\\\/itchy.feet.blog\\\/\"],\"url\":\"https:\\\/\\\/rhein-main-blog.de\\\/en\\\/author\\\/sarah\\\/\"}]}<\/script>\n<!-- \/ Yoast SEO plugin. -->","yoast_head_json":{"title":"Open-Air-M\u00e4rchenstunde: Die Br\u00fcder Grimm Festspiele in Hanau - Rhein-Main-Blog","robots":{"index":"index","follow":"follow","max-snippet":"max-snippet:-1","max-image-preview":"max-image-preview:large","max-video-preview":"max-video-preview:-1"},"canonical":"https:\/\/rhein-main-blog.de\/en\/brueder-grimm-festspiele-hanau\/","og_locale":"en_US","og_type":"article","og_title":"Open-Air-M\u00e4rchenstunde: Die Br\u00fcder Grimm Festspiele in Hanau - Rhein-Main-Blog","og_description":"*Anzeige | Jedes Jahr umgibt das Schloss Philippsruhe in Hanau f\u00fcr einige Zeit ein m\u00e4rchenhafter Zauber. Denn von Mitte Mai bis Ende Juli widmet sich ein ganzes Festival den Br\u00fcdern&hellip; Read More","og_url":"https:\/\/rhein-main-blog.de\/en\/brueder-grimm-festspiele-hanau\/","og_site_name":"Rhein-Main-Blog","article_published_time":"2023-07-16T14:52:42+00:00","article_modified_time":"2023-07-16T16:13:32+00:00","og_image":[{"width":1024,"height":683,"url":"https:\/\/rhein-main-blog.de\/wp-content\/uploads\/2023\/07\/Brueder-Grimm-Festspiele-Hanau-3.jpg","type":"image\/jpeg"}],"author":"Sarah","twitter_card":"summary_large_image","twitter_misc":{"Written by":"Sarah","Est. reading time":"9 minutes"},"schema":{"@context":"https:\/\/schema.org","@graph":[{"@type":"Article","@id":"https:\/\/rhein-main-blog.de\/brueder-grimm-festspiele-hanau\/#article","isPartOf":{"@id":"https:\/\/rhein-main-blog.de\/brueder-grimm-festspiele-hanau\/"},"author":{"name":"Sarah","@id":"https:\/\/rhein-main-blog.de\/#\/schema\/person\/ce1275bcdc476c205d78d9c932769e5c"},"headline":"Open-Air-M\u00e4rchenstunde: Die Br\u00fcder Grimm Festspiele in Hanau","datePublished":"2023-07-16T14:52:42+00:00","dateModified":"2023-07-16T16:13:32+00:00","mainEntityOfPage":{"@id":"https:\/\/rhein-main-blog.de\/brueder-grimm-festspiele-hanau\/"},"wordCount":1014,"commentCount":0,"publisher":{"@id":"https:\/\/rhein-main-blog.de\/#organization"},"image":{"@id":"https:\/\/rhein-main-blog.de\/brueder-grimm-festspiele-hanau\/#primaryimage"},"thumbnailUrl":"https:\/\/rhein-main-blog.de\/wp-content\/uploads\/2023\/07\/Brueder-Grimm-Festspiele-Hanau-3.jpg","articleSection":["Events","Fundst\u00fccke","St\u00e4dtetrip"],"inLanguage":"en-US","potentialAction":[{"@type":"CommentAction","name":"Comment","target":["https:\/\/rhein-main-blog.de\/brueder-grimm-festspiele-hanau\/#respond"]}]},{"@type":"WebPage","@id":"https:\/\/rhein-main-blog.de\/brueder-grimm-festspiele-hanau\/","url":"https:\/\/rhein-main-blog.de\/brueder-grimm-festspiele-hanau\/","name":"Open-Air-M\u00e4rchenstunde: Die Br\u00fcder Grimm Festspiele in Hanau - Rhein-Main-Blog","isPartOf":{"@id":"https:\/\/rhein-main-blog.de\/#website"},"primaryImageOfPage":{"@id":"https:\/\/rhein-main-blog.de\/brueder-grimm-festspiele-hanau\/#primaryimage"},"image":{"@id":"https:\/\/rhein-main-blog.de\/brueder-grimm-festspiele-hanau\/#primaryimage"},"thumbnailUrl":"https:\/\/rhein-main-blog.de\/wp-content\/uploads\/2023\/07\/Brueder-Grimm-Festspiele-Hanau-3.jpg","datePublished":"2023-07-16T14:52:42+00:00","dateModified":"2023-07-16T16:13:32+00:00","breadcrumb":{"@id":"https:\/\/rhein-main-blog.de\/brueder-grimm-festspiele-hanau\/#breadcrumb"},"inLanguage":"en-US","potentialAction":[{"@type":"ReadAction","target":["https:\/\/rhein-main-blog.de\/brueder-grimm-festspiele-hanau\/"]}]},{"@type":"ImageObject","inLanguage":"en-US","@id":"https:\/\/rhein-main-blog.de\/brueder-grimm-festspiele-hanau\/#primaryimage","url":"https:\/\/rhein-main-blog.de\/wp-content\/uploads\/2023\/07\/Brueder-Grimm-Festspiele-Hanau-3.jpg","contentUrl":"https:\/\/rhein-main-blog.de\/wp-content\/uploads\/2023\/07\/Brueder-Grimm-Festspiele-Hanau-3.jpg","width":1024,"height":683,"caption":"Br\u00fcder Grimm Festspiele Hanau (3)"},{"@type":"BreadcrumbList","@id":"https:\/\/rhein-main-blog.de\/brueder-grimm-festspiele-hanau\/#breadcrumb","itemListElement":[{"@type":"ListItem","position":1,"name":"Startseite","item":"https:\/\/rhein-main-blog.de\/"},{"@type":"ListItem","position":2,"name":"Open-Air-M\u00e4rchenstunde: Die Br\u00fcder Grimm Festspiele in Hanau"}]},{"@type":"WebSite","@id":"https:\/\/rhein-main-blog.de\/#website","url":"https:\/\/rhein-main-blog.de\/","name":"Rhein-Main-Blog","description":"Die sch\u00f6nsten Ausflugsziele und Tipps f\u00fcr das Rhein-Main-Gebiet","publisher":{"@id":"https:\/\/rhein-main-blog.de\/#organization"},"potentialAction":[{"@type":"SearchAction","target":{"@type":"EntryPoint","urlTemplate":"https:\/\/rhein-main-blog.de\/?s={search_term_string}"},"query-input":{"@type":"PropertyValueSpecification","valueRequired":true,"valueName":"search_term_string"}}],"inLanguage":"en-US"},{"@type":"Organization","@id":"https:\/\/rhein-main-blog.de\/#organization","name":"Rhein-Main-Blog","url":"https:\/\/rhein-main-blog.de\/","logo":{"@type":"ImageObject","inLanguage":"en-US","@id":"https:\/\/rhein-main-blog.de\/#\/schema\/logo\/image\/","url":"https:\/\/rhein-main-blog.de\/wp-content\/uploads\/2020\/04\/cropped-Rhein-Main-Blog-Header-Sarah-Waltinger-1-2.png","contentUrl":"https:\/\/rhein-main-blog.de\/wp-content\/uploads\/2020\/04\/cropped-Rhein-Main-Blog-Header-Sarah-Waltinger-1-2.png","width":512,"height":512,"caption":"Rhein-Main-Blog"},"image":{"@id":"https:\/\/rhein-main-blog.de\/#\/schema\/logo\/image\/"},"sameAs":["https:\/\/www.pinterest.de\/rheinmainblog\/"]},{"@type":"Person","@id":"https:\/\/rhein-main-blog.de\/#\/schema\/person\/ce1275bcdc476c205d78d9c932769e5c","name":"Sarah","image":{"@type":"ImageObject","inLanguage":"en-US","@id":"https:\/\/rhein-main-blog.de\/wp-content\/uploads\/2020\/11\/Sarah-Waltinger-Itchy-Feet-Blog-Mainz02-e1622966870914-150x150.jpg","url":"https:\/\/rhein-main-blog.de\/wp-content\/uploads\/2020\/11\/Sarah-Waltinger-Itchy-Feet-Blog-Mainz02-e1622966870914-150x150.jpg","contentUrl":"https:\/\/rhein-main-blog.de\/wp-content\/uploads\/2020\/11\/Sarah-Waltinger-Itchy-Feet-Blog-Mainz02-e1622966870914-150x150.jpg","caption":"Sarah"},"description":"Mainzerin Sarah ist die Gr\u00fcnderin des Rhein-Main-Blogs und auch nach 30 Jahren gl\u00fccklich die sch\u00f6ne Stadt am Rhein ihr Zuhause nennen zu d\u00fcrfen. Wenn sie nicht gerade im Homeoffice arbeitet oder die Welt bereist, trifft sie sich mit Freunden im Lieblingscaf\u00e9, schlendert \u00fcber Wochenm\u00e4rkte und unternimmt Erkundungen in der Natur.","sameAs":["https:\/\/itchyfeet-travel.de\/","https:\/\/www.instagram.com\/itchy.feet.blog\/"],"url":"https:\/\/rhein-main-blog.de\/en\/author\/sarah\/"}]}},"_links":{"self":[{"href":"https:\/\/rhein-main-blog.de\/en\/wp-json\/wp\/v2\/posts\/3508","targetHints":{"allow":["GET"]}}],"collection":[{"href":"https:\/\/rhein-main-blog.de\/en\/wp-json\/wp\/v2\/posts"}],"about":[{"href":"https:\/\/rhein-main-blog.de\/en\/wp-json\/wp\/v2\/types\/post"}],"author":[{"embeddable":true,"href":"https:\/\/rhein-main-blog.de\/en\/wp-json\/wp\/v2\/users\/2"}],"replies":[{"embeddable":true,"href":"https:\/\/rhein-main-blog.de\/en\/wp-json\/wp\/v2\/comments?post=3508"}],"version-history":[{"count":67,"href":"https:\/\/rhein-main-blog.de\/en\/wp-json\/wp\/v2\/posts\/3508\/revisions"}],"predecessor-version":[{"id":3596,"href":"https:\/\/rhein-main-blog.de\/en\/wp-json\/wp\/v2\/posts\/3508\/revisions\/3596"}],"wp:featuredmedia":[{"embeddable":true,"href":"https:\/\/rhein-main-blog.de\/en\/wp-json\/wp\/v2\/media\/3580"}],"wp:attachment":[{"href":"https:\/\/rhein-main-blog.de\/en\/wp-json\/wp\/v2\/media?parent=3508"}],"wp:term":[{"taxonomy":"category","embeddable":true,"href":"https:\/\/rhein-main-blog.de\/en\/wp-json\/wp\/v2\/categories?post=3508"},{"taxonomy":"post_tag","embeddable":true,"href":"https:\/\/rhein-main-blog.de\/en\/wp-json\/wp\/v2\/tags?post=3508"}],"curies":[{"name":"wp","href":"https:\/\/api.w.org\/{rel}","templated":true}]}}