{"id":43,"date":"2020-07-16T09:36:00","date_gmt":"2020-07-16T07:36:00","guid":{"rendered":"https:\/\/wordpress.rhein-main-blog.de\/?p=43"},"modified":"2021-04-22T13:24:56","modified_gmt":"2021-04-22T11:24:56","slug":"balance-deli-frankfurt","status":"publish","type":"post","link":"https:\/\/rhein-main-blog.de\/en\/balance-deli-frankfurt\/","title":{"rendered":"Fr\u00fchst\u00fcckslust: Das Balance Deli in Frankfurt"},"content":{"rendered":"<p class=\"wp-block-paragraph\">Gen\u00fcsslich am Chai Latte nippen, w\u00e4hrend sich sportliche Frankfurter nebenan beim Yoga ert\u00fcchtigen. Sich in gem\u00fctlichen Sesseln l\u00fcmmelnd, bunte Smoothie Bowls schmecken lassen, wo k\u00f6nnte das sch\u00f6ner sein, als inmitten des Urban Jungles des <a aria-label=\"undefined (opens in a new tab)\" href=\"https:\/\/www.balanceyoga.de\/balance-deli\/\" target=\"_blank\" rel=\"noreferrer noopener\"><strong>Balance Deli<\/strong><\/a>.<br><br>Nicht nur Frankfurter zieht es seit April 2018 regelm\u00e4\u00dfig in das Balance Deli in der <a href=\"https:\/\/rhein-main-blog.de\/en\/category\/frankfurt\/\" target=\"_blank\" aria-label=\"undefined (opens in a new tab)\" rel=\"noreferrer noopener\"><strong>Frankfurter Innenstadt<\/strong><\/a>. Auch \u00fcber die Stadtgrenze hinaus trifft man sich gerne zum Fr\u00fchst\u00fccken oder Lunchen im Caf\u00e9 des Yoga Studios. Die Gerichte sind vegan oder vegetarisch, gesund und frisch. Da darf man sich im Anschluss auch noch ein St\u00fcck des k\u00f6stlichen und glutenfreien K\u00e4sekuchens schmecken lassen.<\/p>\n\n\n\n<figure class=\"wp-block-image\"><img loading=\"lazy\" decoding=\"async\" width=\"1024\" height=\"683\" src=\"https:\/\/rhein-main-blog.de\/wp-content\/uploads\/2019\/04\/Balance-Deli-Frankfurt-1024x683.jpg\" alt=\"\" class=\"wp-image-84\" srcset=\"https:\/\/rhein-main-blog.de\/wp-content\/uploads\/2019\/04\/Balance-Deli-Frankfurt.jpg 1024w, https:\/\/rhein-main-blog.de\/wp-content\/uploads\/2019\/04\/Balance-Deli-Frankfurt-300x200.jpg 300w, https:\/\/rhein-main-blog.de\/wp-content\/uploads\/2019\/04\/Balance-Deli-Frankfurt-768x512.jpg 768w, https:\/\/rhein-main-blog.de\/wp-content\/uploads\/2019\/04\/Balance-Deli-Frankfurt-660x440.jpg 660w, https:\/\/rhein-main-blog.de\/wp-content\/uploads\/2019\/04\/Balance-Deli-Frankfurt-1000x667.jpg 1000w, https:\/\/rhein-main-blog.de\/wp-content\/uploads\/2019\/04\/Balance-Deli-Frankfurt-373x248.jpg 373w\" sizes=\"auto, (max-width: 1024px) 100vw, 1024px\" \/><\/figure>\n\n\n\n<figure class=\"wp-block-image\"><img loading=\"lazy\" decoding=\"async\" width=\"1024\" height=\"683\" src=\"https:\/\/rhein-main-blog.de\/wp-content\/uploads\/2019\/04\/Balance-Deli04-1024x683.jpg\" alt=\"\" class=\"wp-image-85\" srcset=\"https:\/\/rhein-main-blog.de\/wp-content\/uploads\/2019\/04\/Balance-Deli04.jpg 1024w, https:\/\/rhein-main-blog.de\/wp-content\/uploads\/2019\/04\/Balance-Deli04-300x200.jpg 300w, https:\/\/rhein-main-blog.de\/wp-content\/uploads\/2019\/04\/Balance-Deli04-768x512.jpg 768w, https:\/\/rhein-main-blog.de\/wp-content\/uploads\/2019\/04\/Balance-Deli04-660x440.jpg 660w, https:\/\/rhein-main-blog.de\/wp-content\/uploads\/2019\/04\/Balance-Deli04-1000x667.jpg 1000w, https:\/\/rhein-main-blog.de\/wp-content\/uploads\/2019\/04\/Balance-Deli04-373x248.jpg 373w\" sizes=\"auto, (max-width: 1024px) 100vw, 1024px\" \/><\/figure>\n\n\n\n<figure class=\"wp-block-image\"><img loading=\"lazy\" decoding=\"async\" width=\"1024\" height=\"683\" src=\"https:\/\/rhein-main-blog.de\/wp-content\/uploads\/2019\/04\/Balance-Deli-1024x683.jpg\" alt=\"\" class=\"wp-image-86\" srcset=\"https:\/\/rhein-main-blog.de\/wp-content\/uploads\/2019\/04\/Balance-Deli.jpg 1024w, https:\/\/rhein-main-blog.de\/wp-content\/uploads\/2019\/04\/Balance-Deli-300x200.jpg 300w, https:\/\/rhein-main-blog.de\/wp-content\/uploads\/2019\/04\/Balance-Deli-768x512.jpg 768w, https:\/\/rhein-main-blog.de\/wp-content\/uploads\/2019\/04\/Balance-Deli-660x440.jpg 660w, https:\/\/rhein-main-blog.de\/wp-content\/uploads\/2019\/04\/Balance-Deli-1000x667.jpg 1000w, https:\/\/rhein-main-blog.de\/wp-content\/uploads\/2019\/04\/Balance-Deli-373x248.jpg 373w\" sizes=\"auto, (max-width: 1024px) 100vw, 1024px\" \/><\/figure>\n\n\n\n<h2 class=\"wp-block-heading\">Soul Food in Feel Good Atmosph\u00e4re<\/h2>\n\n\n\n<p class=\"wp-block-paragraph\">Morgens werden euch im Balance Deli die bereits erw\u00e4hnten Smoothie Bowls kredenzt. M\u00f6gt ihr lieber ein herzhaftes Fr\u00fchst\u00fcck? Dann erwartet euch Avocado auf knusprigem Brot oder leckere Wraps. Dazu gibt&#8217;s frische S\u00e4fte und Kaffeespezialit\u00e4ten. Mittags werden au\u00dferdem Salate und deftige Bowls serviert. Anschlie\u00dfend verleiten die Energiekugeln und Kuchen zu einem s\u00fc\u00dfen Abschlu\u00df. All das genie\u00dft ihr in dem puristischen Design des Delis, umgeben von viel Gr\u00fcn.<\/p>\n\n\n\n<h4 class=\"wp-block-heading\">Was ist eigentlich ein Deli?<\/h4>\n\n\n\n<p class=\"wp-block-paragraph\">Delis haben ihren Ursprung in Metropolen wie New York oder Paris. Dabei handelt es sich um Caf\u00e9s, in denen ern\u00e4hrungsbewusste Einwohner frische und gesunde Gerichte und Speisen in entspannter, urbaner Atmosph\u00e4re genie\u00dfen k\u00f6nnen.<\/p>\n\n\n\n<p class=\"has-text-align-left wp-block-paragraph\"><strong>Balance Deli @Studio City<\/strong><br>Bleichstrasse 45<br>60313 Frankfurt am Main<br><br>Infos zu \u00d6ffnungszeiten findet ihr <a href=\"https:\/\/www.balanceyoga.de\/balance-deli\/\" target=\"_blank\" rel=\"noreferrer noopener\"><strong>hier<\/strong><\/a>.<\/p>\n\n\n\n<h4 class=\"wp-block-heading\">Wie komme ich zum Balance Deli in Frankfurt<\/h4>\n\n\n\n<p class=\"wp-block-paragraph\"><strong>Mit dem \u00d6PNV<\/strong>: Von der U-Bahn-Station Eschenheimer Tor sind es nur zwei Minuten zu Fu\u00df zum Balance Deli. Die n\u00e4chste S-Bahn-Station ist die Konstablerwache.<br><strong>Mit dem Auto<\/strong>: Parkpl\u00e4tze findest du z.B. im Parkhaus Karstadt Zeil oder im Parkhaus Konstabler.<\/p>\n\n\n\n<figure class=\"wp-block-image size-large is-resized\"><img loading=\"lazy\" decoding=\"async\" src=\"https:\/\/rhein-main-blog.de\/wp-content\/uploads\/2020\/07\/balancedeli02-683x1024.jpg\" alt=\"\" class=\"wp-image-1210\" width=\"670\" height=\"1004\" srcset=\"https:\/\/rhein-main-blog.de\/wp-content\/uploads\/2020\/07\/balancedeli02-683x1024.jpg 683w, https:\/\/rhein-main-blog.de\/wp-content\/uploads\/2020\/07\/balancedeli02-200x300.jpg 200w, https:\/\/rhein-main-blog.de\/wp-content\/uploads\/2020\/07\/balancedeli02-768x1152.jpg 768w, https:\/\/rhein-main-blog.de\/wp-content\/uploads\/2020\/07\/balancedeli02-660x990.jpg 660w, https:\/\/rhein-main-blog.de\/wp-content\/uploads\/2020\/07\/balancedeli02-1000x1500.jpg 1000w, https:\/\/rhein-main-blog.de\/wp-content\/uploads\/2020\/07\/balancedeli02.jpg 1024w\" sizes=\"auto, (max-width: 670px) 100vw, 670px\" \/><\/figure>\n\n\n\n<p class=\"wp-block-paragraph\"><br>Wir suchen <strong>die sch\u00f6nsten Caf\u00e9s zum Fr\u00fchst\u00fccken im Rhein-Main-Gebiet<\/strong>. Welches sind eure liebsten Orte in Frankfurt, Mainz, Wiesbaden &amp; Co? Verratet es in den Kommentaren.<\/p>\n\n\n\n<h2 class=\"wp-block-heading\">Mehr au\u00dfergew\u00f6hnliche Caf\u00e9s &amp; Restaurants in der Region Rhein Main<\/h2>\n\n\n\n<ul class=\"wp-block-list\"><li>Das <a href=\"https:\/\/rhein-main-blog.de\/en\/moehren-milieu-mainz\/\" target=\"_blank\" rel=\"noreferrer noopener\"><strong>M\u00f6hren Milieu<\/strong><\/a>: Vegan Food Heaven in Mainz<\/li><li>Das <a href=\"https:\/\/rhein-main-blog.de\/en\/oosten-frankfurt\/\" target=\"_blank\" rel=\"noreferrer noopener\"><strong>Oosten in Frankfurt<\/strong><\/a><\/li><li><a href=\"https:\/\/rhein-main-blog.de\/en\/cafe-maingold-frankfurt\/\" target=\"_blank\" rel=\"noreferrer noopener\"><strong>Caf\u00e9 Maingold in Frankfurt am Main<\/strong><\/a>: Sonntagsbrunch mit Vintage Flair<\/li><li><a href=\"https:\/\/rhein-main-blog.de\/en\/pankratiushof-mainz\/\" target=\"_blank\" rel=\"noreferrer noopener\"><strong>Pankratiushof in Mainz<\/strong><\/a>: Hofladenliebe &amp; Brunch \u00e0 la Provence<\/li><li>&nbsp;<a href=\"https:\/\/rhein-main-blog.de\/en\/cafes-frankfurt-bockenheim\/\" target=\"_blank\" rel=\"noreferrer noopener\"><strong>Lieblingscaf\u00e9s in Frankfurt-Bockenheim<\/strong><\/a><\/li><\/ul>","protected":false},"excerpt":{"rendered":"<p>Gen\u00fcsslich am Chai Latte nippen, w\u00e4hrend sich sportliche Frankfurter nebenan beim Yoga ert\u00fcchtigen. Sich in gem\u00fctlichen Sesseln l\u00fcmmelnd, bunte Smoothie Bowls schmecken lassen, wo k\u00f6nnte das sch\u00f6ner sein, als inmitten&hellip; <a class=\"excerpt-more-link\" href=\"https:\/\/rhein-main-blog.de\/en\/balance-deli-frankfurt\/\">Read More<\/a><\/p>","protected":false},"author":2,"featured_media":2390,"comment_status":"open","ping_status":"open","sticky":false,"template":"","format":"standard","meta":{"footnotes":""},"categories":[5,9,25,22],"tags":[7,6,14,11,12,13],"class_list":["post-43","post","type-post","status-publish","format-standard","has-post-thumbnail","hentry","category-cafes","category-frankfurt","category-fundstuecke","category-staedtetrip","tag-frankfurt","tag-fruehstuecken","tag-lunch","tag-vegan","tag-vegetarisch","tag-yoga"],"yoast_head":"<!-- This site is optimized with the Yoast SEO plugin v28.1 - https:\/\/yoast.com\/product\/yoast-seo-wordpress\/ -->\n<title>Fr\u00fchst\u00fcckslust: Das Balance Deli in Frankfurt - Rhein-Main-Blog<\/title>\n<meta name=\"description\" content=\"Das Balance Deli ist eine wundersch\u00f6ne Oase in Frankfurt. Obendrauf gibt&#039;s in dem Caf\u00e9 k\u00f6stliche Smoothie Bowls und veganes Fr\u00fchst\u00fcck.\" \/>\n<meta name=\"robots\" content=\"index, follow, max-snippet:-1, max-image-preview:large, max-video-preview:-1\" \/>\n<link rel=\"canonical\" href=\"https:\/\/rhein-main-blog.de\/en\/balance-deli-frankfurt\/\" \/>\n<meta property=\"og:locale\" content=\"en_US\" \/>\n<meta property=\"og:type\" content=\"article\" \/>\n<meta property=\"og:title\" content=\"Fr\u00fchst\u00fcckslust: Das Balance Deli in Frankfurt - Rhein-Main-Blog\" \/>\n<meta property=\"og:description\" content=\"Das Balance Deli ist eine wundersch\u00f6ne Oase in Frankfurt. Obendrauf gibt&#039;s in dem Caf\u00e9 k\u00f6stliche Smoothie Bowls und veganes Fr\u00fchst\u00fcck.\" \/>\n<meta property=\"og:url\" content=\"https:\/\/rhein-main-blog.de\/en\/balance-deli-frankfurt\/\" \/>\n<meta property=\"og:site_name\" content=\"Rhein-Main-Blog\" \/>\n<meta property=\"article:published_time\" content=\"2020-07-16T07:36:00+00:00\" \/>\n<meta property=\"article:modified_time\" content=\"2021-04-22T11:24:56+00:00\" \/>\n<meta property=\"og:image\" content=\"https:\/\/rhein-main-blog.de\/wp-content\/uploads\/2020\/07\/Balance-Deli-Frankfurt.jpg\" \/>\n\t<meta property=\"og:image:width\" content=\"1000\" \/>\n\t<meta property=\"og:image:height\" content=\"667\" \/>\n\t<meta property=\"og:image:type\" content=\"image\/jpeg\" \/>\n<meta name=\"author\" content=\"Sarah\" \/>\n<meta name=\"twitter:card\" content=\"summary_large_image\" \/>\n<meta name=\"twitter:label1\" content=\"Written by\" \/>\n\t<meta name=\"twitter:data1\" content=\"Sarah\" \/>\n\t<meta name=\"twitter:label2\" content=\"Est. reading time\" \/>\n\t<meta name=\"twitter:data2\" content=\"3 minutes\" \/>\n<script type=\"application\/ld+json\" class=\"yoast-schema-graph\">{\"@context\":\"https:\\\/\\\/schema.org\",\"@graph\":[{\"@type\":\"Article\",\"@id\":\"https:\\\/\\\/rhein-main-blog.de\\\/balance-deli-frankfurt\\\/#article\",\"isPartOf\":{\"@id\":\"https:\\\/\\\/rhein-main-blog.de\\\/balance-deli-frankfurt\\\/\"},\"author\":{\"name\":\"Sarah\",\"@id\":\"https:\\\/\\\/rhein-main-blog.de\\\/#\\\/schema\\\/person\\\/ce1275bcdc476c205d78d9c932769e5c\"},\"headline\":\"Fr\u00fchst\u00fcckslust: Das Balance Deli in Frankfurt\",\"datePublished\":\"2020-07-16T07:36:00+00:00\",\"dateModified\":\"2021-04-22T11:24:56+00:00\",\"mainEntityOfPage\":{\"@id\":\"https:\\\/\\\/rhein-main-blog.de\\\/balance-deli-frankfurt\\\/\"},\"wordCount\":387,\"commentCount\":1,\"publisher\":{\"@id\":\"https:\\\/\\\/rhein-main-blog.de\\\/#organization\"},\"image\":{\"@id\":\"https:\\\/\\\/rhein-main-blog.de\\\/balance-deli-frankfurt\\\/#primaryimage\"},\"thumbnailUrl\":\"https:\\\/\\\/rhein-main-blog.de\\\/wp-content\\\/uploads\\\/2020\\\/07\\\/Balance-Deli-Frankfurt.jpg\",\"keywords\":[\"Frankfurt\",\"Fr\u00fchst\u00fccken\",\"Lunch\",\"vegan\",\"vegetarisch\",\"Yoga\"],\"articleSection\":[\"Caf\u00e9s\",\"Frankfurt\",\"Fundst\u00fccke\",\"St\u00e4dtetrip\"],\"inLanguage\":\"en-US\",\"potentialAction\":[{\"@type\":\"CommentAction\",\"name\":\"Comment\",\"target\":[\"https:\\\/\\\/rhein-main-blog.de\\\/balance-deli-frankfurt\\\/#respond\"]}]},{\"@type\":\"WebPage\",\"@id\":\"https:\\\/\\\/rhein-main-blog.de\\\/balance-deli-frankfurt\\\/\",\"url\":\"https:\\\/\\\/rhein-main-blog.de\\\/balance-deli-frankfurt\\\/\",\"name\":\"Fr\u00fchst\u00fcckslust: Das Balance Deli in Frankfurt - Rhein-Main-Blog\",\"isPartOf\":{\"@id\":\"https:\\\/\\\/rhein-main-blog.de\\\/#website\"},\"primaryImageOfPage\":{\"@id\":\"https:\\\/\\\/rhein-main-blog.de\\\/balance-deli-frankfurt\\\/#primaryimage\"},\"image\":{\"@id\":\"https:\\\/\\\/rhein-main-blog.de\\\/balance-deli-frankfurt\\\/#primaryimage\"},\"thumbnailUrl\":\"https:\\\/\\\/rhein-main-blog.de\\\/wp-content\\\/uploads\\\/2020\\\/07\\\/Balance-Deli-Frankfurt.jpg\",\"datePublished\":\"2020-07-16T07:36:00+00:00\",\"dateModified\":\"2021-04-22T11:24:56+00:00\",\"description\":\"Das Balance Deli ist eine wundersch\u00f6ne Oase in Frankfurt. Obendrauf gibt's in dem Caf\u00e9 k\u00f6stliche Smoothie Bowls und veganes Fr\u00fchst\u00fcck.\",\"breadcrumb\":{\"@id\":\"https:\\\/\\\/rhein-main-blog.de\\\/balance-deli-frankfurt\\\/#breadcrumb\"},\"inLanguage\":\"en-US\",\"potentialAction\":[{\"@type\":\"ReadAction\",\"target\":[\"https:\\\/\\\/rhein-main-blog.de\\\/balance-deli-frankfurt\\\/\"]}]},{\"@type\":\"ImageObject\",\"inLanguage\":\"en-US\",\"@id\":\"https:\\\/\\\/rhein-main-blog.de\\\/balance-deli-frankfurt\\\/#primaryimage\",\"url\":\"https:\\\/\\\/rhein-main-blog.de\\\/wp-content\\\/uploads\\\/2020\\\/07\\\/Balance-Deli-Frankfurt.jpg\",\"contentUrl\":\"https:\\\/\\\/rhein-main-blog.de\\\/wp-content\\\/uploads\\\/2020\\\/07\\\/Balance-Deli-Frankfurt.jpg\",\"width\":1000,\"height\":667,\"caption\":\"Balance Deli Frankfurt\"},{\"@type\":\"BreadcrumbList\",\"@id\":\"https:\\\/\\\/rhein-main-blog.de\\\/balance-deli-frankfurt\\\/#breadcrumb\",\"itemListElement\":[{\"@type\":\"ListItem\",\"position\":1,\"name\":\"Startseite\",\"item\":\"https:\\\/\\\/rhein-main-blog.de\\\/\"},{\"@type\":\"ListItem\",\"position\":2,\"name\":\"Fr\u00fchst\u00fcckslust: Das Balance Deli in Frankfurt\"}]},{\"@type\":\"WebSite\",\"@id\":\"https:\\\/\\\/rhein-main-blog.de\\\/#website\",\"url\":\"https:\\\/\\\/rhein-main-blog.de\\\/\",\"name\":\"Rhein-Main-Blog\",\"description\":\"Die sch\u00f6nsten Ausflugsziele und Tipps f\u00fcr das Rhein-Main-Gebiet\",\"publisher\":{\"@id\":\"https:\\\/\\\/rhein-main-blog.de\\\/#organization\"},\"potentialAction\":[{\"@type\":\"SearchAction\",\"target\":{\"@type\":\"EntryPoint\",\"urlTemplate\":\"https:\\\/\\\/rhein-main-blog.de\\\/?s={search_term_string}\"},\"query-input\":{\"@type\":\"PropertyValueSpecification\",\"valueRequired\":true,\"valueName\":\"search_term_string\"}}],\"inLanguage\":\"en-US\"},{\"@type\":\"Organization\",\"@id\":\"https:\\\/\\\/rhein-main-blog.de\\\/#organization\",\"name\":\"Rhein-Main-Blog\",\"url\":\"https:\\\/\\\/rhein-main-blog.de\\\/\",\"logo\":{\"@type\":\"ImageObject\",\"inLanguage\":\"en-US\",\"@id\":\"https:\\\/\\\/rhein-main-blog.de\\\/#\\\/schema\\\/logo\\\/image\\\/\",\"url\":\"https:\\\/\\\/rhein-main-blog.de\\\/wp-content\\\/uploads\\\/2020\\\/04\\\/cropped-Rhein-Main-Blog-Header-Sarah-Waltinger-1-2.png\",\"contentUrl\":\"https:\\\/\\\/rhein-main-blog.de\\\/wp-content\\\/uploads\\\/2020\\\/04\\\/cropped-Rhein-Main-Blog-Header-Sarah-Waltinger-1-2.png\",\"width\":512,\"height\":512,\"caption\":\"Rhein-Main-Blog\"},\"image\":{\"@id\":\"https:\\\/\\\/rhein-main-blog.de\\\/#\\\/schema\\\/logo\\\/image\\\/\"},\"sameAs\":[\"https:\\\/\\\/www.pinterest.de\\\/rheinmainblog\\\/\"]},{\"@type\":\"Person\",\"@id\":\"https:\\\/\\\/rhein-main-blog.de\\\/#\\\/schema\\\/person\\\/ce1275bcdc476c205d78d9c932769e5c\",\"name\":\"Sarah\",\"image\":{\"@type\":\"ImageObject\",\"inLanguage\":\"en-US\",\"@id\":\"https:\\\/\\\/rhein-main-blog.de\\\/wp-content\\\/uploads\\\/2020\\\/11\\\/Sarah-Waltinger-Itchy-Feet-Blog-Mainz02-e1622966870914-150x150.jpg\",\"url\":\"https:\\\/\\\/rhein-main-blog.de\\\/wp-content\\\/uploads\\\/2020\\\/11\\\/Sarah-Waltinger-Itchy-Feet-Blog-Mainz02-e1622966870914-150x150.jpg\",\"contentUrl\":\"https:\\\/\\\/rhein-main-blog.de\\\/wp-content\\\/uploads\\\/2020\\\/11\\\/Sarah-Waltinger-Itchy-Feet-Blog-Mainz02-e1622966870914-150x150.jpg\",\"caption\":\"Sarah\"},\"description\":\"Mainzerin Sarah ist die Gr\u00fcnderin des Rhein-Main-Blogs und auch nach 30 Jahren gl\u00fccklich die sch\u00f6ne Stadt am Rhein ihr Zuhause nennen zu d\u00fcrfen. Wenn sie nicht gerade im Homeoffice arbeitet oder die Welt bereist, trifft sie sich mit Freunden im Lieblingscaf\u00e9, schlendert \u00fcber Wochenm\u00e4rkte und unternimmt Erkundungen in der Natur.\",\"sameAs\":[\"https:\\\/\\\/itchyfeet-travel.de\\\/\",\"https:\\\/\\\/www.instagram.com\\\/itchy.feet.blog\\\/\"],\"url\":\"https:\\\/\\\/rhein-main-blog.de\\\/en\\\/author\\\/sarah\\\/\"}]}<\/script>\n<!-- \/ Yoast SEO plugin. -->","yoast_head_json":{"title":"Fr\u00fchst\u00fcckslust: Das Balance Deli in Frankfurt - Rhein-Main-Blog","description":"Das Balance Deli ist eine wundersch\u00f6ne Oase in Frankfurt. Obendrauf gibt's in dem Caf\u00e9 k\u00f6stliche Smoothie Bowls und veganes Fr\u00fchst\u00fcck.","robots":{"index":"index","follow":"follow","max-snippet":"max-snippet:-1","max-image-preview":"max-image-preview:large","max-video-preview":"max-video-preview:-1"},"canonical":"https:\/\/rhein-main-blog.de\/en\/balance-deli-frankfurt\/","og_locale":"en_US","og_type":"article","og_title":"Fr\u00fchst\u00fcckslust: Das Balance Deli in Frankfurt - Rhein-Main-Blog","og_description":"Das Balance Deli ist eine wundersch\u00f6ne Oase in Frankfurt. Obendrauf gibt's in dem Caf\u00e9 k\u00f6stliche Smoothie Bowls und veganes Fr\u00fchst\u00fcck.","og_url":"https:\/\/rhein-main-blog.de\/en\/balance-deli-frankfurt\/","og_site_name":"Rhein-Main-Blog","article_published_time":"2020-07-16T07:36:00+00:00","article_modified_time":"2021-04-22T11:24:56+00:00","og_image":[{"width":1000,"height":667,"url":"https:\/\/rhein-main-blog.de\/wp-content\/uploads\/2020\/07\/Balance-Deli-Frankfurt.jpg","type":"image\/jpeg"}],"author":"Sarah","twitter_card":"summary_large_image","twitter_misc":{"Written by":"Sarah","Est. reading time":"3 minutes"},"schema":{"@context":"https:\/\/schema.org","@graph":[{"@type":"Article","@id":"https:\/\/rhein-main-blog.de\/balance-deli-frankfurt\/#article","isPartOf":{"@id":"https:\/\/rhein-main-blog.de\/balance-deli-frankfurt\/"},"author":{"name":"Sarah","@id":"https:\/\/rhein-main-blog.de\/#\/schema\/person\/ce1275bcdc476c205d78d9c932769e5c"},"headline":"Fr\u00fchst\u00fcckslust: Das Balance Deli in Frankfurt","datePublished":"2020-07-16T07:36:00+00:00","dateModified":"2021-04-22T11:24:56+00:00","mainEntityOfPage":{"@id":"https:\/\/rhein-main-blog.de\/balance-deli-frankfurt\/"},"wordCount":387,"commentCount":1,"publisher":{"@id":"https:\/\/rhein-main-blog.de\/#organization"},"image":{"@id":"https:\/\/rhein-main-blog.de\/balance-deli-frankfurt\/#primaryimage"},"thumbnailUrl":"https:\/\/rhein-main-blog.de\/wp-content\/uploads\/2020\/07\/Balance-Deli-Frankfurt.jpg","keywords":["Frankfurt","Fr\u00fchst\u00fccken","Lunch","vegan","vegetarisch","Yoga"],"articleSection":["Caf\u00e9s","Frankfurt","Fundst\u00fccke","St\u00e4dtetrip"],"inLanguage":"en-US","potentialAction":[{"@type":"CommentAction","name":"Comment","target":["https:\/\/rhein-main-blog.de\/balance-deli-frankfurt\/#respond"]}]},{"@type":"WebPage","@id":"https:\/\/rhein-main-blog.de\/balance-deli-frankfurt\/","url":"https:\/\/rhein-main-blog.de\/balance-deli-frankfurt\/","name":"Fr\u00fchst\u00fcckslust: Das Balance Deli in Frankfurt - Rhein-Main-Blog","isPartOf":{"@id":"https:\/\/rhein-main-blog.de\/#website"},"primaryImageOfPage":{"@id":"https:\/\/rhein-main-blog.de\/balance-deli-frankfurt\/#primaryimage"},"image":{"@id":"https:\/\/rhein-main-blog.de\/balance-deli-frankfurt\/#primaryimage"},"thumbnailUrl":"https:\/\/rhein-main-blog.de\/wp-content\/uploads\/2020\/07\/Balance-Deli-Frankfurt.jpg","datePublished":"2020-07-16T07:36:00+00:00","dateModified":"2021-04-22T11:24:56+00:00","description":"Das Balance Deli ist eine wundersch\u00f6ne Oase in Frankfurt. Obendrauf gibt's in dem Caf\u00e9 k\u00f6stliche Smoothie Bowls und veganes Fr\u00fchst\u00fcck.","breadcrumb":{"@id":"https:\/\/rhein-main-blog.de\/balance-deli-frankfurt\/#breadcrumb"},"inLanguage":"en-US","potentialAction":[{"@type":"ReadAction","target":["https:\/\/rhein-main-blog.de\/balance-deli-frankfurt\/"]}]},{"@type":"ImageObject","inLanguage":"en-US","@id":"https:\/\/rhein-main-blog.de\/balance-deli-frankfurt\/#primaryimage","url":"https:\/\/rhein-main-blog.de\/wp-content\/uploads\/2020\/07\/Balance-Deli-Frankfurt.jpg","contentUrl":"https:\/\/rhein-main-blog.de\/wp-content\/uploads\/2020\/07\/Balance-Deli-Frankfurt.jpg","width":1000,"height":667,"caption":"Balance Deli Frankfurt"},{"@type":"BreadcrumbList","@id":"https:\/\/rhein-main-blog.de\/balance-deli-frankfurt\/#breadcrumb","itemListElement":[{"@type":"ListItem","position":1,"name":"Startseite","item":"https:\/\/rhein-main-blog.de\/"},{"@type":"ListItem","position":2,"name":"Fr\u00fchst\u00fcckslust: Das Balance Deli in Frankfurt"}]},{"@type":"WebSite","@id":"https:\/\/rhein-main-blog.de\/#website","url":"https:\/\/rhein-main-blog.de\/","name":"Rhein-Main-Blog","description":"Die sch\u00f6nsten Ausflugsziele und Tipps f\u00fcr das Rhein-Main-Gebiet","publisher":{"@id":"https:\/\/rhein-main-blog.de\/#organization"},"potentialAction":[{"@type":"SearchAction","target":{"@type":"EntryPoint","urlTemplate":"https:\/\/rhein-main-blog.de\/?s={search_term_string}"},"query-input":{"@type":"PropertyValueSpecification","valueRequired":true,"valueName":"search_term_string"}}],"inLanguage":"en-US"},{"@type":"Organization","@id":"https:\/\/rhein-main-blog.de\/#organization","name":"Rhein-Main-Blog","url":"https:\/\/rhein-main-blog.de\/","logo":{"@type":"ImageObject","inLanguage":"en-US","@id":"https:\/\/rhein-main-blog.de\/#\/schema\/logo\/image\/","url":"https:\/\/rhein-main-blog.de\/wp-content\/uploads\/2020\/04\/cropped-Rhein-Main-Blog-Header-Sarah-Waltinger-1-2.png","contentUrl":"https:\/\/rhein-main-blog.de\/wp-content\/uploads\/2020\/04\/cropped-Rhein-Main-Blog-Header-Sarah-Waltinger-1-2.png","width":512,"height":512,"caption":"Rhein-Main-Blog"},"image":{"@id":"https:\/\/rhein-main-blog.de\/#\/schema\/logo\/image\/"},"sameAs":["https:\/\/www.pinterest.de\/rheinmainblog\/"]},{"@type":"Person","@id":"https:\/\/rhein-main-blog.de\/#\/schema\/person\/ce1275bcdc476c205d78d9c932769e5c","name":"Sarah","image":{"@type":"ImageObject","inLanguage":"en-US","@id":"https:\/\/rhein-main-blog.de\/wp-content\/uploads\/2020\/11\/Sarah-Waltinger-Itchy-Feet-Blog-Mainz02-e1622966870914-150x150.jpg","url":"https:\/\/rhein-main-blog.de\/wp-content\/uploads\/2020\/11\/Sarah-Waltinger-Itchy-Feet-Blog-Mainz02-e1622966870914-150x150.jpg","contentUrl":"https:\/\/rhein-main-blog.de\/wp-content\/uploads\/2020\/11\/Sarah-Waltinger-Itchy-Feet-Blog-Mainz02-e1622966870914-150x150.jpg","caption":"Sarah"},"description":"Mainzerin Sarah ist die Gr\u00fcnderin des Rhein-Main-Blogs und auch nach 30 Jahren gl\u00fccklich die sch\u00f6ne Stadt am Rhein ihr Zuhause nennen zu d\u00fcrfen. Wenn sie nicht gerade im Homeoffice arbeitet oder die Welt bereist, trifft sie sich mit Freunden im Lieblingscaf\u00e9, schlendert \u00fcber Wochenm\u00e4rkte und unternimmt Erkundungen in der Natur.","sameAs":["https:\/\/itchyfeet-travel.de\/","https:\/\/www.instagram.com\/itchy.feet.blog\/"],"url":"https:\/\/rhein-main-blog.de\/en\/author\/sarah\/"}]}},"_links":{"self":[{"href":"https:\/\/rhein-main-blog.de\/en\/wp-json\/wp\/v2\/posts\/43","targetHints":{"allow":["GET"]}}],"collection":[{"href":"https:\/\/rhein-main-blog.de\/en\/wp-json\/wp\/v2\/posts"}],"about":[{"href":"https:\/\/rhein-main-blog.de\/en\/wp-json\/wp\/v2\/types\/post"}],"author":[{"embeddable":true,"href":"https:\/\/rhein-main-blog.de\/en\/wp-json\/wp\/v2\/users\/2"}],"replies":[{"embeddable":true,"href":"https:\/\/rhein-main-blog.de\/en\/wp-json\/wp\/v2\/comments?post=43"}],"version-history":[{"count":31,"href":"https:\/\/rhein-main-blog.de\/en\/wp-json\/wp\/v2\/posts\/43\/revisions"}],"predecessor-version":[{"id":2712,"href":"https:\/\/rhein-main-blog.de\/en\/wp-json\/wp\/v2\/posts\/43\/revisions\/2712"}],"wp:featuredmedia":[{"embeddable":true,"href":"https:\/\/rhein-main-blog.de\/en\/wp-json\/wp\/v2\/media\/2390"}],"wp:attachment":[{"href":"https:\/\/rhein-main-blog.de\/en\/wp-json\/wp\/v2\/media?parent=43"}],"wp:term":[{"taxonomy":"category","embeddable":true,"href":"https:\/\/rhein-main-blog.de\/en\/wp-json\/wp\/v2\/categories?post=43"},{"taxonomy":"post_tag","embeddable":true,"href":"https:\/\/rhein-main-blog.de\/en\/wp-json\/wp\/v2\/tags?post=43"}],"curies":[{"name":"wp","href":"https:\/\/api.w.org\/{rel}","templated":true}]}}