{"id":4667,"date":"2025-01-07T18:40:02","date_gmt":"2025-01-07T17:40:02","guid":{"rendered":"https:\/\/rhein-main-blog.de\/?p=4667"},"modified":"2025-01-07T18:47:23","modified_gmt":"2025-01-07T17:47:23","slug":"die-berger-strasse-die-flaniermeile-der-mainmetropole","status":"publish","type":"post","link":"https:\/\/rhein-main-blog.de\/en\/die-berger-strasse-die-flaniermeile-der-mainmetropole\/","title":{"rendered":"Die Berger Stra\u00dfe &#8211; die Flaniermeile der Mainmetropole"},"content":{"rendered":"<p class=\"wp-block-paragraph\"><\/p>\n\n\n\n<p class=\"wp-block-paragraph\">Die Berger Stra\u00dfe in Frankfurt bietet f\u00fcr jeden Geschmack und Anlass etwas Passendes. Kulinarische Highlights entdecken, regionale Besonderheiten kennenlernen, historische Einblicke und musikalische Erlebnisse genie\u00dfen, flanieren, Neues entdecken, shoppen, einen Kaffee genie\u00dfen oder das urbane Leben sp\u00fcren \u2013 hier wird jeder f\u00fcndig.<\/p>\n\n\n\n<h3 class=\"wp-block-heading\">Inhalt<\/h3>\n\n\n\n<ul class=\"wp-block-list\">\n<li><a href=\"#Die obere Berger Stra\u00dfe\">Die obere Berger Stra\u00dfe &#8211; Leben und Vielfalt im Herzen der Stadt<\/a><\/li>\n\n\n\n<li><a href=\"#Bornheimer Wochenmarkt\">Der Bornheimer Wochenmarkt &#8211; Ein pulsierender Mix aus Tradition und Moderne<\/a><\/li>\n\n\n\n<li><a href=\"#Die untere Berger Stra\u00dfe\">Die untere Berger Stra\u00dfe &#8211; wo Gro\u00dfstadtflair und Parkidylle sich treffen<\/a><\/li>\n\n\n\n<li><a href=\"#Das-Berger-Stra\u00dfenfest\">Das Berger Stra\u00dfenfest<\/a><\/li>\n<\/ul>\n\n\n\n<p class=\"wp-block-paragraph\"><\/p>\n\n\n\n<h2 class=\"wp-block-heading\" id=\"Die obere Berger Stra\u00dfe\">Die obere Berger Stra\u00dfe &#8211; Leben und Vielfalt im Herzen der Stadt<\/h2>\n\n\n\n<p class=\"wp-block-paragraph\">W\u00e4hrend man im oberen Teil der Berger Stra\u00dfe \u00fcberwiegend Wohnh\u00e4user findet, wird es, l\u00e4uft man weiter in Richtung Innenstadt, nach und nach lebhafter. Hier liegen eine urige Apfelweinkneipe, ein Irish Pub und ein einladendes Caf\u00e9 Haust\u00fcr an Haust\u00fcr. Die ersten Shops, Restaurants oder Weinkellereien geben einen Vorgeschmack darauf, was im unteren Teil der Berger Stra\u00dfe noch auf uns wartet: Italienisch, Thail\u00e4ndisch, Gutb\u00fcrgerlich, Burger, Tschechisch, arabisches Geb\u00e4ck, T\u00fcrkisch, Nepalesisch, Eisspezialit\u00e4ten und so vieles mehr.<\/p>\n\n\n\n<div class=\"wp-block-group\"><div class=\"wp-block-group__inner-container is-layout-constrained wp-block-group-is-layout-constrained\">\n<div class=\"wp-block-group is-nowrap is-layout-flex wp-container-core-group-is-layout-8f761849 wp-block-group-is-layout-flex\">\n<figure class=\"wp-block-image size-large is-resized\"><img loading=\"lazy\" decoding=\"async\" width=\"683\" height=\"1024\" src=\"https:\/\/rhein-main-blog.de\/wp-content\/uploads\/2024\/12\/Berger-Strasse-3-683x1024.jpg\" alt=\"\" class=\"wp-image-4669\" style=\"width:327px;height:auto\" srcset=\"https:\/\/rhein-main-blog.de\/wp-content\/uploads\/2024\/12\/Berger-Strasse-3-683x1024.jpg 683w, https:\/\/rhein-main-blog.de\/wp-content\/uploads\/2024\/12\/Berger-Strasse-3-200x300.jpg 200w, https:\/\/rhein-main-blog.de\/wp-content\/uploads\/2024\/12\/Berger-Strasse-3-768x1152.jpg 768w, https:\/\/rhein-main-blog.de\/wp-content\/uploads\/2024\/12\/Berger-Strasse-3-1024x1536.jpg 1024w, https:\/\/rhein-main-blog.de\/wp-content\/uploads\/2024\/12\/Berger-Strasse-3-1365x2048.jpg 1365w, https:\/\/rhein-main-blog.de\/wp-content\/uploads\/2024\/12\/Berger-Strasse-3-8x12.jpg 8w, https:\/\/rhein-main-blog.de\/wp-content\/uploads\/2024\/12\/Berger-Strasse-3-660x990.jpg 660w, https:\/\/rhein-main-blog.de\/wp-content\/uploads\/2024\/12\/Berger-Strasse-3-1000x1500.jpg 1000w, https:\/\/rhein-main-blog.de\/wp-content\/uploads\/2024\/12\/Berger-Strasse-3.jpg 1400w\" sizes=\"auto, (max-width: 683px) 100vw, 683px\" \/><\/figure>\n\n\n\n<figure class=\"wp-block-image size-large is-resized\"><img loading=\"lazy\" decoding=\"async\" width=\"683\" height=\"1024\" src=\"https:\/\/rhein-main-blog.de\/wp-content\/uploads\/2024\/12\/Berger-Strasse-2-683x1024.jpg\" alt=\"\" class=\"wp-image-4670\" style=\"width:328px;height:auto\" srcset=\"https:\/\/rhein-main-blog.de\/wp-content\/uploads\/2024\/12\/Berger-Strasse-2-683x1024.jpg 683w, https:\/\/rhein-main-blog.de\/wp-content\/uploads\/2024\/12\/Berger-Strasse-2-200x300.jpg 200w, https:\/\/rhein-main-blog.de\/wp-content\/uploads\/2024\/12\/Berger-Strasse-2-768x1152.jpg 768w, https:\/\/rhein-main-blog.de\/wp-content\/uploads\/2024\/12\/Berger-Strasse-2-1024x1536.jpg 1024w, https:\/\/rhein-main-blog.de\/wp-content\/uploads\/2024\/12\/Berger-Strasse-2-1365x2048.jpg 1365w, https:\/\/rhein-main-blog.de\/wp-content\/uploads\/2024\/12\/Berger-Strasse-2-8x12.jpg 8w, https:\/\/rhein-main-blog.de\/wp-content\/uploads\/2024\/12\/Berger-Strasse-2-660x990.jpg 660w, https:\/\/rhein-main-blog.de\/wp-content\/uploads\/2024\/12\/Berger-Strasse-2-1000x1500.jpg 1000w, https:\/\/rhein-main-blog.de\/wp-content\/uploads\/2024\/12\/Berger-Strasse-2.jpg 1400w\" sizes=\"auto, (max-width: 683px) 100vw, 683px\" \/><\/figure>\n<\/div>\n<\/div><\/div>\n\n\n\n<p class=\"wp-block-paragraph\"><\/p>\n\n\n\n<h2 class=\"wp-block-heading\" id=\"Bornheimer Wochenmarkt\">Der Bornheimer Wochenmarkt &#8211; Ein pulsierender Mix aus Tradition und Moderne<\/h2>\n\n\n\n<p class=\"wp-block-paragraph\">Auf H\u00f6he der U-Bahn Station Bornheimer Mitte erwartet dich ein weiteres Highlight dieser besonderen Stra\u00dfe. Jeden Mittwoch (von 08:00 bis 18.00 Uhr) und Samstag (von 08:00 bis 16:00 Uhr) findet der <a href=\"https:\/\/www.frankfurt-berger-strasse.de\/listing\/bornheimer-wochenmarkt\/\">Bornheimer Wochenmarkt<\/a> rund um das Uhrt\u00fcrmchen statt. Es riecht nach spannenden Gew\u00fcrzen, frischen Blumen und Apfelwein. Die ausstellenden St\u00e4nde bieten ein tolles und umfangreiches Angebot \u2013 frisch, vielf\u00e4ltig und mit Liebe gemacht. Man kommt nicht umher, hier an einem Stand stehenzubleiben, zu st\u00f6bern und mit den Verk\u00e4uferInnen ein nettes Pl\u00e4uschchen zu halten.<\/p>\n\n\n\n<figure class=\"wp-block-image size-large\"><img loading=\"lazy\" decoding=\"async\" width=\"1024\" height=\"682\" src=\"https:\/\/rhein-main-blog.de\/wp-content\/uploads\/2024\/12\/Berger-Strasse-4-1024x682.jpg\" alt=\"\" class=\"wp-image-4671\" srcset=\"https:\/\/rhein-main-blog.de\/wp-content\/uploads\/2024\/12\/Berger-Strasse-4-1024x682.jpg 1024w, https:\/\/rhein-main-blog.de\/wp-content\/uploads\/2024\/12\/Berger-Strasse-4-300x200.jpg 300w, https:\/\/rhein-main-blog.de\/wp-content\/uploads\/2024\/12\/Berger-Strasse-4-768x512.jpg 768w, https:\/\/rhein-main-blog.de\/wp-content\/uploads\/2024\/12\/Berger-Strasse-4-18x12.jpg 18w, https:\/\/rhein-main-blog.de\/wp-content\/uploads\/2024\/12\/Berger-Strasse-4-660x440.jpg 660w, https:\/\/rhein-main-blog.de\/wp-content\/uploads\/2024\/12\/Berger-Strasse-4-1000x666.jpg 1000w, https:\/\/rhein-main-blog.de\/wp-content\/uploads\/2024\/12\/Berger-Strasse-4-373x248.jpg 373w, https:\/\/rhein-main-blog.de\/wp-content\/uploads\/2024\/12\/Berger-Strasse-4.jpg 1400w\" sizes=\"auto, (max-width: 1024px) 100vw, 1024px\" \/><\/figure>\n\n\n\n<div class=\"wp-block-group is-nowrap is-layout-flex wp-container-core-group-is-layout-8f761849 wp-block-group-is-layout-flex\">\n<figure class=\"wp-block-image size-large is-resized\"><img loading=\"lazy\" decoding=\"async\" width=\"665\" height=\"1024\" src=\"https:\/\/rhein-main-blog.de\/wp-content\/uploads\/2024\/12\/Berger-Strasse-1-665x1024.jpg\" alt=\"\" class=\"wp-image-4672\" style=\"width:326px;height:auto\" srcset=\"https:\/\/rhein-main-blog.de\/wp-content\/uploads\/2024\/12\/Berger-Strasse-1-665x1024.jpg 665w, https:\/\/rhein-main-blog.de\/wp-content\/uploads\/2024\/12\/Berger-Strasse-1-195x300.jpg 195w, https:\/\/rhein-main-blog.de\/wp-content\/uploads\/2024\/12\/Berger-Strasse-1-768x1183.jpg 768w, https:\/\/rhein-main-blog.de\/wp-content\/uploads\/2024\/12\/Berger-Strasse-1-997x1536.jpg 997w, https:\/\/rhein-main-blog.de\/wp-content\/uploads\/2024\/12\/Berger-Strasse-1-1330x2048.jpg 1330w, https:\/\/rhein-main-blog.de\/wp-content\/uploads\/2024\/12\/Berger-Strasse-1-8x12.jpg 8w, https:\/\/rhein-main-blog.de\/wp-content\/uploads\/2024\/12\/Berger-Strasse-1-660x1016.jpg 660w, https:\/\/rhein-main-blog.de\/wp-content\/uploads\/2024\/12\/Berger-Strasse-1-1000x1540.jpg 1000w, https:\/\/rhein-main-blog.de\/wp-content\/uploads\/2024\/12\/Berger-Strasse-1.jpg 1400w\" sizes=\"auto, (max-width: 665px) 100vw, 665px\" \/><\/figure>\n\n\n\n<figure class=\"wp-block-image size-large is-resized\"><img loading=\"lazy\" decoding=\"async\" width=\"683\" height=\"1024\" src=\"https:\/\/rhein-main-blog.de\/wp-content\/uploads\/2024\/12\/Berger-Strasse-6-683x1024.jpg\" alt=\"\" class=\"wp-image-4673\" style=\"width:335px;height:auto\" srcset=\"https:\/\/rhein-main-blog.de\/wp-content\/uploads\/2024\/12\/Berger-Strasse-6-683x1024.jpg 683w, https:\/\/rhein-main-blog.de\/wp-content\/uploads\/2024\/12\/Berger-Strasse-6-200x300.jpg 200w, https:\/\/rhein-main-blog.de\/wp-content\/uploads\/2024\/12\/Berger-Strasse-6-768x1152.jpg 768w, https:\/\/rhein-main-blog.de\/wp-content\/uploads\/2024\/12\/Berger-Strasse-6-1024x1536.jpg 1024w, https:\/\/rhein-main-blog.de\/wp-content\/uploads\/2024\/12\/Berger-Strasse-6-1365x2048.jpg 1365w, https:\/\/rhein-main-blog.de\/wp-content\/uploads\/2024\/12\/Berger-Strasse-6-8x12.jpg 8w, https:\/\/rhein-main-blog.de\/wp-content\/uploads\/2024\/12\/Berger-Strasse-6-660x990.jpg 660w, https:\/\/rhein-main-blog.de\/wp-content\/uploads\/2024\/12\/Berger-Strasse-6-1000x1500.jpg 1000w, https:\/\/rhein-main-blog.de\/wp-content\/uploads\/2024\/12\/Berger-Strasse-6.jpg 1400w\" sizes=\"auto, (max-width: 683px) 100vw, 683px\" \/><\/figure>\n<\/div>\n\n\n\n<p class=\"wp-block-paragraph\"><\/p>\n\n\n\n<p class=\"wp-block-paragraph\">Mit vollen T\u00fcten geht es weiter \u2013 vorbei an Gesch\u00e4ften f\u00fcr Dinge, die den allt\u00e4glichen Verbrauch betreffen, Restaurants, Caf\u00e9s, Geschenkl\u00e4den, Buchhandlungen, einer ganz besonderen Minigolfanlage und Blumenl\u00e4den. Hier l\u00e4sst es sich in Ruhe st\u00f6bern, verweilen, genie\u00dfen und unvergessliche Erinnerungen sammeln.<\/p>\n\n\n\n<div class=\"wp-block-group is-nowrap is-layout-flex wp-container-core-group-is-layout-8f761849 wp-block-group-is-layout-flex\">\n<figure class=\"wp-block-image size-large is-resized\"><img loading=\"lazy\" decoding=\"async\" width=\"683\" height=\"1024\" src=\"https:\/\/rhein-main-blog.de\/wp-content\/uploads\/2024\/12\/Berger-Strasse-12-683x1024.jpg\" alt=\"\" class=\"wp-image-4674\" style=\"width:219px;height:auto\" srcset=\"https:\/\/rhein-main-blog.de\/wp-content\/uploads\/2024\/12\/Berger-Strasse-12-683x1024.jpg 683w, https:\/\/rhein-main-blog.de\/wp-content\/uploads\/2024\/12\/Berger-Strasse-12-200x300.jpg 200w, https:\/\/rhein-main-blog.de\/wp-content\/uploads\/2024\/12\/Berger-Strasse-12-768x1152.jpg 768w, https:\/\/rhein-main-blog.de\/wp-content\/uploads\/2024\/12\/Berger-Strasse-12-1024x1536.jpg 1024w, https:\/\/rhein-main-blog.de\/wp-content\/uploads\/2024\/12\/Berger-Strasse-12-1365x2048.jpg 1365w, https:\/\/rhein-main-blog.de\/wp-content\/uploads\/2024\/12\/Berger-Strasse-12-8x12.jpg 8w, https:\/\/rhein-main-blog.de\/wp-content\/uploads\/2024\/12\/Berger-Strasse-12-660x990.jpg 660w, https:\/\/rhein-main-blog.de\/wp-content\/uploads\/2024\/12\/Berger-Strasse-12-1000x1500.jpg 1000w, https:\/\/rhein-main-blog.de\/wp-content\/uploads\/2024\/12\/Berger-Strasse-12.jpg 1400w\" sizes=\"auto, (max-width: 683px) 100vw, 683px\" \/><\/figure>\n\n\n\n<div class=\"wp-block-group is-nowrap is-layout-flex wp-container-core-group-is-layout-8f761849 wp-block-group-is-layout-flex\">\n<figure class=\"wp-block-image size-large is-resized\"><img loading=\"lazy\" decoding=\"async\" width=\"683\" height=\"1024\" src=\"https:\/\/rhein-main-blog.de\/wp-content\/uploads\/2024\/12\/Berger-Strasse-7-683x1024.jpg\" alt=\"\" class=\"wp-image-4675\" style=\"width:220px;height:auto\" srcset=\"https:\/\/rhein-main-blog.de\/wp-content\/uploads\/2024\/12\/Berger-Strasse-7-683x1024.jpg 683w, https:\/\/rhein-main-blog.de\/wp-content\/uploads\/2024\/12\/Berger-Strasse-7-200x300.jpg 200w, https:\/\/rhein-main-blog.de\/wp-content\/uploads\/2024\/12\/Berger-Strasse-7-768x1152.jpg 768w, https:\/\/rhein-main-blog.de\/wp-content\/uploads\/2024\/12\/Berger-Strasse-7-1024x1536.jpg 1024w, https:\/\/rhein-main-blog.de\/wp-content\/uploads\/2024\/12\/Berger-Strasse-7-1365x2048.jpg 1365w, https:\/\/rhein-main-blog.de\/wp-content\/uploads\/2024\/12\/Berger-Strasse-7-8x12.jpg 8w, https:\/\/rhein-main-blog.de\/wp-content\/uploads\/2024\/12\/Berger-Strasse-7-660x990.jpg 660w, https:\/\/rhein-main-blog.de\/wp-content\/uploads\/2024\/12\/Berger-Strasse-7-1000x1500.jpg 1000w, https:\/\/rhein-main-blog.de\/wp-content\/uploads\/2024\/12\/Berger-Strasse-7.jpg 1400w\" sizes=\"auto, (max-width: 683px) 100vw, 683px\" \/><\/figure>\n\n\n\n<figure class=\"wp-block-image size-large is-resized\"><img loading=\"lazy\" decoding=\"async\" width=\"683\" height=\"1024\" src=\"https:\/\/rhein-main-blog.de\/wp-content\/uploads\/2024\/12\/Berger-Strasse-8-683x1024.jpg\" alt=\"\" class=\"wp-image-4676\" style=\"width:219px;height:auto\" srcset=\"https:\/\/rhein-main-blog.de\/wp-content\/uploads\/2024\/12\/Berger-Strasse-8-683x1024.jpg 683w, https:\/\/rhein-main-blog.de\/wp-content\/uploads\/2024\/12\/Berger-Strasse-8-200x300.jpg 200w, https:\/\/rhein-main-blog.de\/wp-content\/uploads\/2024\/12\/Berger-Strasse-8-768x1152.jpg 768w, https:\/\/rhein-main-blog.de\/wp-content\/uploads\/2024\/12\/Berger-Strasse-8-1024x1536.jpg 1024w, https:\/\/rhein-main-blog.de\/wp-content\/uploads\/2024\/12\/Berger-Strasse-8-1365x2048.jpg 1365w, https:\/\/rhein-main-blog.de\/wp-content\/uploads\/2024\/12\/Berger-Strasse-8-8x12.jpg 8w, https:\/\/rhein-main-blog.de\/wp-content\/uploads\/2024\/12\/Berger-Strasse-8-660x990.jpg 660w, https:\/\/rhein-main-blog.de\/wp-content\/uploads\/2024\/12\/Berger-Strasse-8-1000x1500.jpg 1000w, https:\/\/rhein-main-blog.de\/wp-content\/uploads\/2024\/12\/Berger-Strasse-8.jpg 1400w\" sizes=\"auto, (max-width: 683px) 100vw, 683px\" \/><\/figure>\n<\/div>\n<\/div>\n\n\n\n<p class=\"wp-block-paragraph\"><\/p>\n\n\n\n<h2 class=\"wp-block-heading\" id=\"Die untere Berger Stra\u00dfe\"><a href=\"#dieunterebergerstra\u00dfe\">Die untere Berger Stra\u00dfe<\/a> &#8211; wo Gro\u00dfstadtflair und Parkidylle sich treffen<\/h2>\n\n\n\n<p class=\"wp-block-paragraph\">Unterhalb der U-Bahnstation H\u00f6henstra\u00dfe findest du vor allem einladende Boutiquen sowie Restaurants oder Caf\u00e9s. Am Merianplatz vorbei geht es auf das gr\u00fcne Kleinod der Berger Stra\u00dfe zu. Nach all den sch\u00f6nen Eindr\u00fccken und dem leckeren Essen m\u00f6chtest du einfach einmal entspannen und durchatmen? Dann ist der Bethmann Park genau das Richtige f\u00fcr dich. Eine au\u00dfergew\u00f6hnliche Pflanzenvielfalt erwartet dich hier. Suchst du besonders nach einem Ort der Ruhe kann der chinesische Garten dir genau diese Entschleunigung bieten.<\/p>\n\n\n\n<figure class=\"wp-block-image size-large\"><img loading=\"lazy\" decoding=\"async\" width=\"1024\" height=\"682\" src=\"https:\/\/rhein-main-blog.de\/wp-content\/uploads\/2024\/12\/Berger-Strasse-9-1024x682.jpg\" alt=\"\" class=\"wp-image-4677\" srcset=\"https:\/\/rhein-main-blog.de\/wp-content\/uploads\/2024\/12\/Berger-Strasse-9-1024x682.jpg 1024w, https:\/\/rhein-main-blog.de\/wp-content\/uploads\/2024\/12\/Berger-Strasse-9-300x200.jpg 300w, https:\/\/rhein-main-blog.de\/wp-content\/uploads\/2024\/12\/Berger-Strasse-9-768x512.jpg 768w, https:\/\/rhein-main-blog.de\/wp-content\/uploads\/2024\/12\/Berger-Strasse-9-18x12.jpg 18w, https:\/\/rhein-main-blog.de\/wp-content\/uploads\/2024\/12\/Berger-Strasse-9-660x440.jpg 660w, https:\/\/rhein-main-blog.de\/wp-content\/uploads\/2024\/12\/Berger-Strasse-9-1000x666.jpg 1000w, https:\/\/rhein-main-blog.de\/wp-content\/uploads\/2024\/12\/Berger-Strasse-9-373x248.jpg 373w, https:\/\/rhein-main-blog.de\/wp-content\/uploads\/2024\/12\/Berger-Strasse-9.jpg 1400w\" sizes=\"auto, (max-width: 1024px) 100vw, 1024px\" \/><\/figure>\n\n\n\n<p class=\"wp-block-paragraph\"><\/p>\n\n\n\n<h3 class=\"wp-block-heading\" id=\"Das-Berger-Stra\u00dfenfest\">Das Berger Stra\u00dfenfest<\/h3>\n\n\n\n<p class=\"wp-block-paragraph\">Das Bergerstra\u00dfenfest lockt mit gro\u00dfartiger Musik, leckerem Essen und einzigartigem Flair jedes Jahr zahlreiche Besucher an einem bestimmten Wochenende in diesen Teil der Mainmetrople. Das genaue Datum des Festes kann auf der <a href=\"https:\/\/www.frankfurt-berger-strasse.de\/feste-events-rund-um-die-berger-strasse\/\">Homepage der Berger Stra\u00dfe<\/a> eingesehen werden. Auf dem unteren Teil der Berger Stra\u00dfe, zwischen dem Bethmann Park und der H\u00f6henstra\u00dfe, verwandelt sich das beliebte Frankfurter Nordend in eine Art Festivalgel\u00e4nde. An verschiedenen B\u00fchnen zeigen Live-Acts, DJs und ans\u00e4ssige Vereine ihr K\u00f6nnen. Dazu kann man an zahlreichen St\u00e4nden und in den ans\u00e4ssigen Restaurants und Caf\u00e9s kulinarische Besonderheiten genie\u00dfen. Ein Besuch lohnt sich!<\/p>\n\n\n\n<p class=\"wp-block-paragraph\"><\/p>\n\n\n\n<h3 class=\"wp-block-heading\">Gut zu wissen:<\/h3>\n\n\n\n<p class=\"wp-block-paragraph\"><strong>Anreise mit den \u00f6ffentlichen Verkehrsmitteln:<\/strong> Du kannst die Berger Stra\u00dfe super mit den \u00f6ffentlichen Verkehrsmittel erreichen. Die Haltestellen der U-Bahn-Linie U4 (Bornheim Mitte, H\u00f6henstra\u00dfe und Merianplatz) bringen dich direkt an dein Ziel &#8211; je nachdem auf welcher H\u00f6he du die Berger Stra\u00dfe betreten willst.<\/p>\n\n\n\n<p class=\"wp-block-paragraph\">Wenn du mit der S-Bahn anreisen m\u00f6chtest, kannst du an den Haltestellen Bornheim Mitte oder Hessendenkmal aussteigen. Die zuletzt genannte f\u00fchrt dich durch den Bethmann Park hoch zur Berger Stra\u00dfe.<\/p>\n\n\n\n<p class=\"wp-block-paragraph\">Auch mit dem Bus kannst du die Berger Stra\u00dfe super erreichen und in Bornheim Mitte, der H\u00f6henstra\u00dfe oder vor dem Bethmann Park aussteigen. <\/p>\n\n\n\n<p class=\"wp-block-paragraph\"><strong>Parken:<\/strong> Wenn du mit deinem Auto anreist, kannst du in vielen umliegenden Stra\u00dfen und teilweise auch der Berger Stra\u00dfe selbst parken &#8211; hier lohnt es sich ein bisschen Zeit mitzubringen. Ein klein wenig abseits findest du auch einige Parkh\u00e4user in denen du parken kannst. Du kannst sie der unten angef\u00fcgten map entnehmen.<\/p>\n\n\n\n<h3 class=\"wp-block-heading\">Mehr Tipps rund um Frankfurt:<\/h3>\n\n\n\n<ul class=\"wp-block-list\">\n<li>Wellness-Auszeit: <a href=\"https:\/\/rhein-main-blog.de\/en\/wellness-frankfurt\/\">Die 3 sch\u00f6nsten Day Spas<\/a> in und um Frankfurt<\/li>\n\n\n\n<li>Die 4 sch\u00f6nsten <a href=\"https:\/\/rhein-main-blog.de\/en\/schonste-biergaerten-frankfurt\/\">Bierg\u00e4rten<\/a> in und um Frankfurt<\/li>\n\n\n\n<li><a href=\"https:\/\/rhein-main-blog.de\/en\/mainufer-frankfurt\/\">Mainufer Frankfurt<\/a>: Die sch\u00f6nsten Caf\u00e9s, Bars und Restaurants<\/li>\n\n\n\n<li><a href=\"https:\/\/rhein-main-blog.de\/en\/botanischer-garten-frankfurt\/\">Botanischer Garten Frankfurt:<\/a> Die kleine &amp; kostenlose Schwester des Palmengartens<\/li>\n\n\n\n<li><a href=\"https:\/\/rhein-main-blog.de\/en\/feierabend-eskapaden-frankfurt\/\">Feierabend-Eskapaden<\/a> in Frankfurt<\/li>\n\n\n\n<li>3<a href=\"https:\/\/rhein-main-blog.de\/en\/cafes-frankfurt-bockenheim\/\"> Lieblingscaf\u00e9s in Frankfurt-Bockenhei<\/a>m<\/li>\n<\/ul>\n\n\n\n<p class=\"wp-block-paragraph\">Wie verbringst du deine Zeit auf der Berger Stra\u00dfe am liebsten? Lass es uns in den Kommentaren wissen! Viel Freude beim Erleben und Genie\u00dfen!<\/p>\n\n\n\n<div class=\"wp-block-columns is-layout-flex wp-container-core-columns-is-layout-8f761849 wp-block-columns-is-layout-flex\">\n<div class=\"wp-block-column is-layout-flow wp-block-column-is-layout-flow\" style=\"flex-basis:100%\">\n<iframe loading=\"lazy\" src=\"https:\/\/www.google.com\/maps\/d\/embed?mid=118lnXvgKETxoHvriMEV5uJSIGoVod8I&#038;ehbc=2E312F\" width=\"640\" height=\"480\"><\/iframe>\n<\/div>\n<\/div>","protected":false},"excerpt":{"rendered":"<p>Die Berger Stra\u00dfe in Frankfurt bietet f\u00fcr jeden Geschmack und Anlass etwas Passendes. Kulinarische Highlights entdecken, regionale Besonderheiten kennenlernen, historische Einblicke und musikalische Erlebnisse genie\u00dfen, flanieren, Neues entdecken, shoppen, einen&hellip; <a class=\"excerpt-more-link\" href=\"https:\/\/rhein-main-blog.de\/en\/die-berger-strasse-die-flaniermeile-der-mainmetropole\/\">Read More<\/a><\/p>","protected":false},"author":9,"featured_media":4668,"comment_status":"open","ping_status":"open","sticky":false,"template":"","format":"standard","meta":{"footnotes":""},"categories":[1,5,9,22],"tags":[85,7,86],"class_list":["post-4667","post","type-post","status-publish","format-standard","has-post-thumbnail","hentry","category-allgemein","category-cafes","category-frankfurt","category-staedtetrip","tag-berger-strasse","tag-frankfurt","tag-staedtetrip"],"yoast_head":"<!-- This site is optimized with the Yoast SEO plugin v28.1 - https:\/\/yoast.com\/product\/yoast-seo-wordpress\/ -->\n<title>Die Berger Stra\u00dfe - die Flaniermeile der Mainmetropole - Rhein-Main-Blog<\/title>\n<meta name=\"robots\" content=\"index, follow, max-snippet:-1, max-image-preview:large, max-video-preview:-1\" \/>\n<link rel=\"canonical\" href=\"https:\/\/rhein-main-blog.de\/en\/die-berger-strasse-die-flaniermeile-der-mainmetropole\/\" \/>\n<meta property=\"og:locale\" content=\"en_US\" \/>\n<meta property=\"og:type\" content=\"article\" \/>\n<meta property=\"og:title\" content=\"Die Berger Stra\u00dfe - die Flaniermeile der Mainmetropole - Rhein-Main-Blog\" \/>\n<meta property=\"og:description\" content=\"Die Berger Stra\u00dfe in Frankfurt bietet f\u00fcr jeden Geschmack und Anlass etwas Passendes. Kulinarische Highlights entdecken, regionale Besonderheiten kennenlernen, historische Einblicke und musikalische Erlebnisse genie\u00dfen, flanieren, Neues entdecken, shoppen, einen&hellip; Read More\" \/>\n<meta property=\"og:url\" content=\"https:\/\/rhein-main-blog.de\/en\/die-berger-strasse-die-flaniermeile-der-mainmetropole\/\" \/>\n<meta property=\"og:site_name\" content=\"Rhein-Main-Blog\" \/>\n<meta property=\"article:published_time\" content=\"2025-01-07T17:40:02+00:00\" \/>\n<meta property=\"article:modified_time\" content=\"2025-01-07T17:47:23+00:00\" \/>\n<meta property=\"og:image\" content=\"https:\/\/rhein-main-blog.de\/wp-content\/uploads\/2024\/12\/Berger-Strasse-13.jpg\" \/>\n\t<meta property=\"og:image:width\" content=\"1400\" \/>\n\t<meta property=\"og:image:height\" content=\"933\" \/>\n\t<meta property=\"og:image:type\" content=\"image\/jpeg\" \/>\n<meta name=\"author\" content=\"Johanna\" \/>\n<meta name=\"twitter:card\" content=\"summary_large_image\" \/>\n<meta name=\"twitter:label1\" content=\"Written by\" \/>\n\t<meta name=\"twitter:data1\" content=\"Johanna\" \/>\n\t<meta name=\"twitter:label2\" content=\"Est. reading time\" \/>\n\t<meta name=\"twitter:data2\" content=\"6 minutes\" \/>\n<script type=\"application\/ld+json\" class=\"yoast-schema-graph\">{\"@context\":\"https:\\\/\\\/schema.org\",\"@graph\":[{\"@type\":\"Article\",\"@id\":\"https:\\\/\\\/rhein-main-blog.de\\\/die-berger-strasse-die-flaniermeile-der-mainmetropole\\\/#article\",\"isPartOf\":{\"@id\":\"https:\\\/\\\/rhein-main-blog.de\\\/die-berger-strasse-die-flaniermeile-der-mainmetropole\\\/\"},\"author\":{\"name\":\"Johanna\",\"@id\":\"https:\\\/\\\/rhein-main-blog.de\\\/#\\\/schema\\\/person\\\/3cd545df9cdb3080171020a70aac11e0\"},\"headline\":\"Die Berger Stra\u00dfe &#8211; die Flaniermeile der Mainmetropole\",\"datePublished\":\"2025-01-07T17:40:02+00:00\",\"dateModified\":\"2025-01-07T17:47:23+00:00\",\"mainEntityOfPage\":{\"@id\":\"https:\\\/\\\/rhein-main-blog.de\\\/die-berger-strasse-die-flaniermeile-der-mainmetropole\\\/\"},\"wordCount\":798,\"commentCount\":0,\"publisher\":{\"@id\":\"https:\\\/\\\/rhein-main-blog.de\\\/#organization\"},\"image\":{\"@id\":\"https:\\\/\\\/rhein-main-blog.de\\\/die-berger-strasse-die-flaniermeile-der-mainmetropole\\\/#primaryimage\"},\"thumbnailUrl\":\"https:\\\/\\\/rhein-main-blog.de\\\/wp-content\\\/uploads\\\/2024\\\/12\\\/Berger-Strasse-13.jpg\",\"keywords\":[\"Berger Stra\u00dfe\",\"Frankfurt\",\"St\u00e4dtetrip\"],\"articleSection\":[\"Allgemein\",\"Caf\u00e9s\",\"Frankfurt\",\"St\u00e4dtetrip\"],\"inLanguage\":\"en-US\",\"potentialAction\":[{\"@type\":\"CommentAction\",\"name\":\"Comment\",\"target\":[\"https:\\\/\\\/rhein-main-blog.de\\\/die-berger-strasse-die-flaniermeile-der-mainmetropole\\\/#respond\"]}]},{\"@type\":\"WebPage\",\"@id\":\"https:\\\/\\\/rhein-main-blog.de\\\/die-berger-strasse-die-flaniermeile-der-mainmetropole\\\/\",\"url\":\"https:\\\/\\\/rhein-main-blog.de\\\/die-berger-strasse-die-flaniermeile-der-mainmetropole\\\/\",\"name\":\"Die Berger Stra\u00dfe - die Flaniermeile der Mainmetropole - Rhein-Main-Blog\",\"isPartOf\":{\"@id\":\"https:\\\/\\\/rhein-main-blog.de\\\/#website\"},\"primaryImageOfPage\":{\"@id\":\"https:\\\/\\\/rhein-main-blog.de\\\/die-berger-strasse-die-flaniermeile-der-mainmetropole\\\/#primaryimage\"},\"image\":{\"@id\":\"https:\\\/\\\/rhein-main-blog.de\\\/die-berger-strasse-die-flaniermeile-der-mainmetropole\\\/#primaryimage\"},\"thumbnailUrl\":\"https:\\\/\\\/rhein-main-blog.de\\\/wp-content\\\/uploads\\\/2024\\\/12\\\/Berger-Strasse-13.jpg\",\"datePublished\":\"2025-01-07T17:40:02+00:00\",\"dateModified\":\"2025-01-07T17:47:23+00:00\",\"breadcrumb\":{\"@id\":\"https:\\\/\\\/rhein-main-blog.de\\\/die-berger-strasse-die-flaniermeile-der-mainmetropole\\\/#breadcrumb\"},\"inLanguage\":\"en-US\",\"potentialAction\":[{\"@type\":\"ReadAction\",\"target\":[\"https:\\\/\\\/rhein-main-blog.de\\\/die-berger-strasse-die-flaniermeile-der-mainmetropole\\\/\"]}]},{\"@type\":\"ImageObject\",\"inLanguage\":\"en-US\",\"@id\":\"https:\\\/\\\/rhein-main-blog.de\\\/die-berger-strasse-die-flaniermeile-der-mainmetropole\\\/#primaryimage\",\"url\":\"https:\\\/\\\/rhein-main-blog.de\\\/wp-content\\\/uploads\\\/2024\\\/12\\\/Berger-Strasse-13.jpg\",\"contentUrl\":\"https:\\\/\\\/rhein-main-blog.de\\\/wp-content\\\/uploads\\\/2024\\\/12\\\/Berger-Strasse-13.jpg\",\"width\":1400,\"height\":933},{\"@type\":\"BreadcrumbList\",\"@id\":\"https:\\\/\\\/rhein-main-blog.de\\\/die-berger-strasse-die-flaniermeile-der-mainmetropole\\\/#breadcrumb\",\"itemListElement\":[{\"@type\":\"ListItem\",\"position\":1,\"name\":\"Startseite\",\"item\":\"https:\\\/\\\/rhein-main-blog.de\\\/\"},{\"@type\":\"ListItem\",\"position\":2,\"name\":\"Die Berger Stra\u00dfe &#8211; die Flaniermeile der Mainmetropole\"}]},{\"@type\":\"WebSite\",\"@id\":\"https:\\\/\\\/rhein-main-blog.de\\\/#website\",\"url\":\"https:\\\/\\\/rhein-main-blog.de\\\/\",\"name\":\"Rhein-Main-Blog\",\"description\":\"Die sch\u00f6nsten Ausflugsziele und Tipps f\u00fcr das Rhein-Main-Gebiet\",\"publisher\":{\"@id\":\"https:\\\/\\\/rhein-main-blog.de\\\/#organization\"},\"potentialAction\":[{\"@type\":\"SearchAction\",\"target\":{\"@type\":\"EntryPoint\",\"urlTemplate\":\"https:\\\/\\\/rhein-main-blog.de\\\/?s={search_term_string}\"},\"query-input\":{\"@type\":\"PropertyValueSpecification\",\"valueRequired\":true,\"valueName\":\"search_term_string\"}}],\"inLanguage\":\"en-US\"},{\"@type\":\"Organization\",\"@id\":\"https:\\\/\\\/rhein-main-blog.de\\\/#organization\",\"name\":\"Rhein-Main-Blog\",\"url\":\"https:\\\/\\\/rhein-main-blog.de\\\/\",\"logo\":{\"@type\":\"ImageObject\",\"inLanguage\":\"en-US\",\"@id\":\"https:\\\/\\\/rhein-main-blog.de\\\/#\\\/schema\\\/logo\\\/image\\\/\",\"url\":\"https:\\\/\\\/rhein-main-blog.de\\\/wp-content\\\/uploads\\\/2020\\\/04\\\/cropped-Rhein-Main-Blog-Header-Sarah-Waltinger-1-2.png\",\"contentUrl\":\"https:\\\/\\\/rhein-main-blog.de\\\/wp-content\\\/uploads\\\/2020\\\/04\\\/cropped-Rhein-Main-Blog-Header-Sarah-Waltinger-1-2.png\",\"width\":512,\"height\":512,\"caption\":\"Rhein-Main-Blog\"},\"image\":{\"@id\":\"https:\\\/\\\/rhein-main-blog.de\\\/#\\\/schema\\\/logo\\\/image\\\/\"},\"sameAs\":[\"https:\\\/\\\/www.pinterest.de\\\/rheinmainblog\\\/\"]},{\"@type\":\"Person\",\"@id\":\"https:\\\/\\\/rhein-main-blog.de\\\/#\\\/schema\\\/person\\\/3cd545df9cdb3080171020a70aac11e0\",\"name\":\"Johanna\",\"image\":{\"@type\":\"ImageObject\",\"inLanguage\":\"en-US\",\"@id\":\"https:\\\/\\\/rhein-main-blog.de\\\/wp-content\\\/uploads\\\/2021\\\/04\\\/IMG_20200829_154651-2-150x150.jpg\",\"url\":\"https:\\\/\\\/rhein-main-blog.de\\\/wp-content\\\/uploads\\\/2021\\\/04\\\/IMG_20200829_154651-2-150x150.jpg\",\"contentUrl\":\"https:\\\/\\\/rhein-main-blog.de\\\/wp-content\\\/uploads\\\/2021\\\/04\\\/IMG_20200829_154651-2-150x150.jpg\",\"caption\":\"Johanna\"},\"description\":\"Johanna ist im Rhein-Main-Gebiet aufgewachsen und kennt somit den ein oder anderen Geheimtipp der Region. Sie steht eindeutig lieber hinter der Kamera und setzt auf \u201edie kleinen Momente im Leben\u201c. Diese mit der Kamera einzufangen, z\u00e4hlt neben herzerw\u00e4rmenden Schnappsch\u00fcssen zu ihren Lieblingsmotiven. Einen kleinen Einblick auf ihre Sicht der Welt k\u00f6nnt ihr auf Instagram unter @escapingthedailyroutine erhalten.\",\"sameAs\":[\"https:\\\/\\\/www.instagram.com\\\/escapingthedailyroutine\\\/\"],\"url\":\"https:\\\/\\\/rhein-main-blog.de\\\/en\\\/author\\\/johanna\\\/\"}]}<\/script>\n<!-- \/ Yoast SEO plugin. -->","yoast_head_json":{"title":"Die Berger Stra\u00dfe - die Flaniermeile der Mainmetropole - Rhein-Main-Blog","robots":{"index":"index","follow":"follow","max-snippet":"max-snippet:-1","max-image-preview":"max-image-preview:large","max-video-preview":"max-video-preview:-1"},"canonical":"https:\/\/rhein-main-blog.de\/en\/die-berger-strasse-die-flaniermeile-der-mainmetropole\/","og_locale":"en_US","og_type":"article","og_title":"Die Berger Stra\u00dfe - die Flaniermeile der Mainmetropole - Rhein-Main-Blog","og_description":"Die Berger Stra\u00dfe in Frankfurt bietet f\u00fcr jeden Geschmack und Anlass etwas Passendes. Kulinarische Highlights entdecken, regionale Besonderheiten kennenlernen, historische Einblicke und musikalische Erlebnisse genie\u00dfen, flanieren, Neues entdecken, shoppen, einen&hellip; Read More","og_url":"https:\/\/rhein-main-blog.de\/en\/die-berger-strasse-die-flaniermeile-der-mainmetropole\/","og_site_name":"Rhein-Main-Blog","article_published_time":"2025-01-07T17:40:02+00:00","article_modified_time":"2025-01-07T17:47:23+00:00","og_image":[{"width":1400,"height":933,"url":"https:\/\/rhein-main-blog.de\/wp-content\/uploads\/2024\/12\/Berger-Strasse-13.jpg","type":"image\/jpeg"}],"author":"Johanna","twitter_card":"summary_large_image","twitter_misc":{"Written by":"Johanna","Est. reading time":"6 minutes"},"schema":{"@context":"https:\/\/schema.org","@graph":[{"@type":"Article","@id":"https:\/\/rhein-main-blog.de\/die-berger-strasse-die-flaniermeile-der-mainmetropole\/#article","isPartOf":{"@id":"https:\/\/rhein-main-blog.de\/die-berger-strasse-die-flaniermeile-der-mainmetropole\/"},"author":{"name":"Johanna","@id":"https:\/\/rhein-main-blog.de\/#\/schema\/person\/3cd545df9cdb3080171020a70aac11e0"},"headline":"Die Berger Stra\u00dfe &#8211; die Flaniermeile der Mainmetropole","datePublished":"2025-01-07T17:40:02+00:00","dateModified":"2025-01-07T17:47:23+00:00","mainEntityOfPage":{"@id":"https:\/\/rhein-main-blog.de\/die-berger-strasse-die-flaniermeile-der-mainmetropole\/"},"wordCount":798,"commentCount":0,"publisher":{"@id":"https:\/\/rhein-main-blog.de\/#organization"},"image":{"@id":"https:\/\/rhein-main-blog.de\/die-berger-strasse-die-flaniermeile-der-mainmetropole\/#primaryimage"},"thumbnailUrl":"https:\/\/rhein-main-blog.de\/wp-content\/uploads\/2024\/12\/Berger-Strasse-13.jpg","keywords":["Berger Stra\u00dfe","Frankfurt","St\u00e4dtetrip"],"articleSection":["Allgemein","Caf\u00e9s","Frankfurt","St\u00e4dtetrip"],"inLanguage":"en-US","potentialAction":[{"@type":"CommentAction","name":"Comment","target":["https:\/\/rhein-main-blog.de\/die-berger-strasse-die-flaniermeile-der-mainmetropole\/#respond"]}]},{"@type":"WebPage","@id":"https:\/\/rhein-main-blog.de\/die-berger-strasse-die-flaniermeile-der-mainmetropole\/","url":"https:\/\/rhein-main-blog.de\/die-berger-strasse-die-flaniermeile-der-mainmetropole\/","name":"Die Berger Stra\u00dfe - die Flaniermeile der Mainmetropole - Rhein-Main-Blog","isPartOf":{"@id":"https:\/\/rhein-main-blog.de\/#website"},"primaryImageOfPage":{"@id":"https:\/\/rhein-main-blog.de\/die-berger-strasse-die-flaniermeile-der-mainmetropole\/#primaryimage"},"image":{"@id":"https:\/\/rhein-main-blog.de\/die-berger-strasse-die-flaniermeile-der-mainmetropole\/#primaryimage"},"thumbnailUrl":"https:\/\/rhein-main-blog.de\/wp-content\/uploads\/2024\/12\/Berger-Strasse-13.jpg","datePublished":"2025-01-07T17:40:02+00:00","dateModified":"2025-01-07T17:47:23+00:00","breadcrumb":{"@id":"https:\/\/rhein-main-blog.de\/die-berger-strasse-die-flaniermeile-der-mainmetropole\/#breadcrumb"},"inLanguage":"en-US","potentialAction":[{"@type":"ReadAction","target":["https:\/\/rhein-main-blog.de\/die-berger-strasse-die-flaniermeile-der-mainmetropole\/"]}]},{"@type":"ImageObject","inLanguage":"en-US","@id":"https:\/\/rhein-main-blog.de\/die-berger-strasse-die-flaniermeile-der-mainmetropole\/#primaryimage","url":"https:\/\/rhein-main-blog.de\/wp-content\/uploads\/2024\/12\/Berger-Strasse-13.jpg","contentUrl":"https:\/\/rhein-main-blog.de\/wp-content\/uploads\/2024\/12\/Berger-Strasse-13.jpg","width":1400,"height":933},{"@type":"BreadcrumbList","@id":"https:\/\/rhein-main-blog.de\/die-berger-strasse-die-flaniermeile-der-mainmetropole\/#breadcrumb","itemListElement":[{"@type":"ListItem","position":1,"name":"Startseite","item":"https:\/\/rhein-main-blog.de\/"},{"@type":"ListItem","position":2,"name":"Die Berger Stra\u00dfe &#8211; die Flaniermeile der Mainmetropole"}]},{"@type":"WebSite","@id":"https:\/\/rhein-main-blog.de\/#website","url":"https:\/\/rhein-main-blog.de\/","name":"Rhein-Main-Blog","description":"Die sch\u00f6nsten Ausflugsziele und Tipps f\u00fcr das Rhein-Main-Gebiet","publisher":{"@id":"https:\/\/rhein-main-blog.de\/#organization"},"potentialAction":[{"@type":"SearchAction","target":{"@type":"EntryPoint","urlTemplate":"https:\/\/rhein-main-blog.de\/?s={search_term_string}"},"query-input":{"@type":"PropertyValueSpecification","valueRequired":true,"valueName":"search_term_string"}}],"inLanguage":"en-US"},{"@type":"Organization","@id":"https:\/\/rhein-main-blog.de\/#organization","name":"Rhein-Main-Blog","url":"https:\/\/rhein-main-blog.de\/","logo":{"@type":"ImageObject","inLanguage":"en-US","@id":"https:\/\/rhein-main-blog.de\/#\/schema\/logo\/image\/","url":"https:\/\/rhein-main-blog.de\/wp-content\/uploads\/2020\/04\/cropped-Rhein-Main-Blog-Header-Sarah-Waltinger-1-2.png","contentUrl":"https:\/\/rhein-main-blog.de\/wp-content\/uploads\/2020\/04\/cropped-Rhein-Main-Blog-Header-Sarah-Waltinger-1-2.png","width":512,"height":512,"caption":"Rhein-Main-Blog"},"image":{"@id":"https:\/\/rhein-main-blog.de\/#\/schema\/logo\/image\/"},"sameAs":["https:\/\/www.pinterest.de\/rheinmainblog\/"]},{"@type":"Person","@id":"https:\/\/rhein-main-blog.de\/#\/schema\/person\/3cd545df9cdb3080171020a70aac11e0","name":"Johanna","image":{"@type":"ImageObject","inLanguage":"en-US","@id":"https:\/\/rhein-main-blog.de\/wp-content\/uploads\/2021\/04\/IMG_20200829_154651-2-150x150.jpg","url":"https:\/\/rhein-main-blog.de\/wp-content\/uploads\/2021\/04\/IMG_20200829_154651-2-150x150.jpg","contentUrl":"https:\/\/rhein-main-blog.de\/wp-content\/uploads\/2021\/04\/IMG_20200829_154651-2-150x150.jpg","caption":"Johanna"},"description":"Johanna ist im Rhein-Main-Gebiet aufgewachsen und kennt somit den ein oder anderen Geheimtipp der Region. Sie steht eindeutig lieber hinter der Kamera und setzt auf \u201edie kleinen Momente im Leben\u201c. Diese mit der Kamera einzufangen, z\u00e4hlt neben herzerw\u00e4rmenden Schnappsch\u00fcssen zu ihren Lieblingsmotiven. Einen kleinen Einblick auf ihre Sicht der Welt k\u00f6nnt ihr auf Instagram unter @escapingthedailyroutine erhalten.","sameAs":["https:\/\/www.instagram.com\/escapingthedailyroutine\/"],"url":"https:\/\/rhein-main-blog.de\/en\/author\/johanna\/"}]}},"_links":{"self":[{"href":"https:\/\/rhein-main-blog.de\/en\/wp-json\/wp\/v2\/posts\/4667","targetHints":{"allow":["GET"]}}],"collection":[{"href":"https:\/\/rhein-main-blog.de\/en\/wp-json\/wp\/v2\/posts"}],"about":[{"href":"https:\/\/rhein-main-blog.de\/en\/wp-json\/wp\/v2\/types\/post"}],"author":[{"embeddable":true,"href":"https:\/\/rhein-main-blog.de\/en\/wp-json\/wp\/v2\/users\/9"}],"replies":[{"embeddable":true,"href":"https:\/\/rhein-main-blog.de\/en\/wp-json\/wp\/v2\/comments?post=4667"}],"version-history":[{"count":31,"href":"https:\/\/rhein-main-blog.de\/en\/wp-json\/wp\/v2\/posts\/4667\/revisions"}],"predecessor-version":[{"id":4725,"href":"https:\/\/rhein-main-blog.de\/en\/wp-json\/wp\/v2\/posts\/4667\/revisions\/4725"}],"wp:featuredmedia":[{"embeddable":true,"href":"https:\/\/rhein-main-blog.de\/en\/wp-json\/wp\/v2\/media\/4668"}],"wp:attachment":[{"href":"https:\/\/rhein-main-blog.de\/en\/wp-json\/wp\/v2\/media?parent=4667"}],"wp:term":[{"taxonomy":"category","embeddable":true,"href":"https:\/\/rhein-main-blog.de\/en\/wp-json\/wp\/v2\/categories?post=4667"},{"taxonomy":"post_tag","embeddable":true,"href":"https:\/\/rhein-main-blog.de\/en\/wp-json\/wp\/v2\/tags?post=4667"}],"curies":[{"name":"wp","href":"https:\/\/api.w.org\/{rel}","templated":true}]}}