{"id":57,"date":"2019-06-10T16:45:17","date_gmt":"2019-06-10T14:45:17","guid":{"rendered":"https:\/\/wordpress.rhein-main-blog.de\/?p=57"},"modified":"2022-01-04T16:19:40","modified_gmt":"2022-01-04T15:19:40","slug":"oosten-frankfurt","status":"publish","type":"post","link":"https:\/\/rhein-main-blog.de\/en\/oosten-frankfurt\/","title":{"rendered":"Das Oosten in Frankfurt: Genie\u00dfen mit Skyline-Panorama"},"content":{"rendered":"<p class=\"wp-block-paragraph\">Das Oosten in <strong><a href=\"https:\/\/rhein-main-blog.de\/en\/category\/frankfurt\/\" target=\"_blank\" rel=\"noreferrer noopener\">Frankfurt<\/a> <\/strong>ist vollkommen zurecht eines der beliebtesten Restaurants der Stadt und z\u00e4hlt auch zu meinen pers\u00f6nlichen Lieblingen in der Mainmetropole. Neben frischen saisonalen und interregionalen Speisen kommen auch Vegetarier voll auf ihre Kosten. Au\u00dferdem zaubert Gastgeber Thomas Kl\u00fcber immer wieder neue, kreative Gerichte auf die Speisekarte.<\/p>\n\n\n\n<p class=\"wp-block-paragraph\">Was dich im <strong><a aria-label=\" (\u00f6ffnet in neuem Tab)\" href=\"https:\/\/freigut-frankfurt.com\/oosten-restaurant\/\" target=\"_blank\" rel=\"noreferrer noopener\">Oosten<\/a><\/strong> erwartet, liest du in diesem Beitrag.<\/p>\n\n\n\n<h2 class=\"wp-block-heading\">Inhalt<\/h2>\n\n\n\n<ul class=\"wp-block-list\"><li><a href=\"#wining\">Das Oosten in Frankfurt: Wining &amp; Dining am Main<\/a><\/li><li><a href=\"#it\">It-Location im Ostend<\/a><\/li><li><a href=\"#\u00f6ffnungszeiten\">Das Oosten in Frankfurt: \u00d6ffnungszeiten &amp; Anreise<\/a><\/li><li><a href=\"#tipps\">Mehr Tipps f\u00fcr Frankfurt<\/a><\/li><\/ul>\n\n\n\n<figure class=\"wp-block-image is-resized\"><img loading=\"lazy\" decoding=\"async\" src=\"https:\/\/rhein-main-blog.de\/wp-content\/uploads\/2019\/06\/Abstecher-Trimm-dich-Pfad-Oosten01-1024x683.jpg\" alt=\"Restaurant am Main in Frankfurt mit Blick auf die Skyline\" class=\"wp-image-241\" width=\"670\" height=\"446\" srcset=\"https:\/\/rhein-main-blog.de\/wp-content\/uploads\/2019\/06\/Abstecher-Trimm-dich-Pfad-Oosten01.jpg 1024w, https:\/\/rhein-main-blog.de\/wp-content\/uploads\/2019\/06\/Abstecher-Trimm-dich-Pfad-Oosten01-300x200.jpg 300w, https:\/\/rhein-main-blog.de\/wp-content\/uploads\/2019\/06\/Abstecher-Trimm-dich-Pfad-Oosten01-768x512.jpg 768w, https:\/\/rhein-main-blog.de\/wp-content\/uploads\/2019\/06\/Abstecher-Trimm-dich-Pfad-Oosten01-660x440.jpg 660w, https:\/\/rhein-main-blog.de\/wp-content\/uploads\/2019\/06\/Abstecher-Trimm-dich-Pfad-Oosten01-1000x667.jpg 1000w, https:\/\/rhein-main-blog.de\/wp-content\/uploads\/2019\/06\/Abstecher-Trimm-dich-Pfad-Oosten01-373x248.jpg 373w\" sizes=\"auto, (max-width: 670px) 100vw, 670px\" \/><\/figure>\n\n\n\n<h2 class=\"wp-block-heading\" id=\"wining\">Das Oosten in Frankfurt: Wining &amp; Dining am Main<\/h2>\n\n\n\n<p class=\"wp-block-paragraph\">Direkt am Main, im Schatten der EZB, findest du das Restaurant Oosten, das dich zu jeder Tageszeit mit K\u00f6stlichkeiten verw\u00f6hnt. Ob Pancake-Fr\u00fchst\u00fcck, gesunde Lunch-Kreationen, Kaffee- und Kuchen oder After-Work Drink &#8211; hier seid ihr immer richtig.<\/p>\n\n\n\n<p class=\"wp-block-paragraph\">Dabei bietet das Oosten viele herrliche Pl\u00e4tze zum Genie\u00dfen und Entspannen. Im Gastraum speist du im angesagten Industral-Style und auf der Dachterrasse kannst du den Blick bis zu den Bankent\u00fcrmen und dem Eisernen Steg schweifen lassen.<\/p>\n\n\n\n<figure class=\"wp-block-image\"><img loading=\"lazy\" decoding=\"async\" width=\"1024\" height=\"683\" src=\"https:\/\/rhein-main-blog.de\/wp-content\/uploads\/2019\/06\/Abstecher-Trimm-dich-Pfad-Oosten02-1024x683.jpg\" alt=\"Cocktails in Frankfurt mit Aussicht auf die Skyline\" class=\"wp-image-242\" srcset=\"https:\/\/rhein-main-blog.de\/wp-content\/uploads\/2019\/06\/Abstecher-Trimm-dich-Pfad-Oosten02.jpg 1024w, https:\/\/rhein-main-blog.de\/wp-content\/uploads\/2019\/06\/Abstecher-Trimm-dich-Pfad-Oosten02-300x200.jpg 300w, https:\/\/rhein-main-blog.de\/wp-content\/uploads\/2019\/06\/Abstecher-Trimm-dich-Pfad-Oosten02-768x512.jpg 768w, https:\/\/rhein-main-blog.de\/wp-content\/uploads\/2019\/06\/Abstecher-Trimm-dich-Pfad-Oosten02-660x440.jpg 660w, https:\/\/rhein-main-blog.de\/wp-content\/uploads\/2019\/06\/Abstecher-Trimm-dich-Pfad-Oosten02-1000x667.jpg 1000w, https:\/\/rhein-main-blog.de\/wp-content\/uploads\/2019\/06\/Abstecher-Trimm-dich-Pfad-Oosten02-373x248.jpg 373w\" sizes=\"auto, (max-width: 1024px) 100vw, 1024px\" \/><\/figure>\n\n\n\n<h2 class=\"wp-block-heading\" id=\"it\">It-Location im Ostend<\/h2>\n\n\n\n<p class=\"wp-block-paragraph\">Auch architektonisch macht das Oosten einiges her. Eine gelungene Mischung aus Glas, Stahl und Sichtbeton l\u00e4sst die Herzen von Industrial-Design-Liebhabern h\u00f6her schlagen. Daneben wurde einer der beiden historischen Verladekr\u00e4ne in den Bau der Terrasse integriert.<\/p>\n\n\n\n<p class=\"wp-block-paragraph\">Die Speisekarte bietet raffinierte Gerichte mit den Schwerpunkten saisonal, vegetarisch und international. Neben wechselnden Tagesangeboten gibt&#8217;s im Oosten nat\u00fcrlich auch einige altbew\u00e4hrte Klassiker, wie Gem\u00fcse Cous Cous, Wiener Schnitzel oder den Oosten Hafensalat.<br>Au\u00dferdem lohnt es sich einen Blick in die Kuchentheke zu werfen. Dazu k\u00f6nnt ihr euch eine leckere Kaffeespezialit\u00e4t g\u00f6nnen.<\/p>\n\n\n\n<p class=\"wp-block-paragraph\">Auch f\u00fcr einen kleinen Sundowner nach dem Feierabend ist das Oosten die ideale Location. Sobald die untergehende Sonne den Main glitzern l\u00e4sst und die sich der pastellfarbene Himmel in der Skyline spiegelt. Denn wo lie\u00dfe es sich herrlicher, am Drink nippend, den Tag ausklingen lassen, als hier?<\/p>\n\n\n\n<pre class=\"wp-block-verse\">Eskapaden f\u00fcr die sch\u00f6nsten Zeit des Tages findest du in Sarahs Buch <a href=\"https:\/\/www.awin1.com\/cread.php?awinmid=14191&amp;awinaffid=862127&amp;ued=https%3A%2F%2Fwww.buecher.de%2Fshop%2Fdeutschland%2F52-kleine--grosse-feierabend-eskapaden-in-frankfurt-am-main%2Fwaltinger-sarah%2Fproducts_products%2Fdetail%2Fprod_id%2F60750722%2F\" target=\"_blank\" rel=\"noreferrer noopener nofollow\"><strong>\"Feierabend-Eskapaden in Frankfurt\"<\/strong><\/a>* - Vier abwechslungsreiche Kapitel decken alle After-Work-Bed\u00fcrfnisse ab und zeigen, wie einfach es ist, mehr als das Bekannte zu erleben.\nOb Dampf ablassen, Plaudern &amp; Genie\u00dfen, den Horizont erweitern oder mal kurz abhauen - unter den 52 Freizeit-Ideen findet sich etwas f\u00fcr jede Lebenslage. <\/pre>\n\n\n\n<h2 class=\"wp-block-heading\" id=\"\u00f6ffnungszeiten\">Das Oosten in Frankfurt: \u00d6ffnungszeiten &amp; Anreise<\/h2>\n\n\n\n<p class=\"wp-block-paragraph\"><strong><a aria-label=\" (\u00f6ffnet in neuem Tab)\" rel=\"noreferrer noopener\" href=\"https:\/\/freigut-frankfurt.com\/oosten-restaurant\/\" target=\"_blank\">Oosten Frankfurt<\/a><\/strong><br>Mayfarthstra\u00dfe 4<br>60314 Frankfurt am Main<\/p>\n\n\n\n<p class=\"wp-block-paragraph\"><strong>\u00d6ffnungszeiten<\/strong><br>Mo &#8211; Fr: 10 &#8211; 23 Uhr<br>Sa: 9 &#8211; 00 Uhr<br>So: 9 &#8211; 23 Uhr<\/p>\n\n\n\n<p class=\"wp-block-paragraph\">Auf dieser Karte findest du die n\u00e4chst gelegene U-Bahn-Station und Parkm\u00f6glichkeiten.<\/p>\n\n\n\n<iframe loading=\"lazy\" src=\"https:\/\/www.google.com\/maps\/d\/embed?mid=1FU4bnuiUdwvikhDCDgaGvU5_SeU-VdBE&amp;ehbc=2E312F\" width=\"640\" height=\"480\"><\/iframe>\n\n\n\n<p class=\"wp-block-paragraph\"><strong>Hinkommen<\/strong><br>Mit dem \u00d6PVN: Von Frankfurt-Hauptwache mit der U 6 bis Ostbahnhof. Von hier 11 Minuten zu Fu\u00df.<br>Mit dem Auto: Parkpl\u00e4tze am Ostbahnhof Parkhaus oder in der VHS-Tiefgarage in der Sonnemannstr. 12.<\/p>\n\n\n\n<h2 class=\"wp-block-heading\" id=\"tipps\">Mehr Tipps f\u00fcr Frankfurt<\/h2>\n\n\n\n<ul class=\"wp-block-list\"><li>3 <a href=\"https:\/\/rhein-main-blog.de\/en\/cafes-frankfurt-bockenheim\/\" target=\"_blank\" rel=\"noreferrer noopener\"><strong>Lieblingscaf\u00e9s in Frankfurt-Bockenheim<\/strong><\/a><\/li><li><a href=\"https:\/\/itchyfeet-travel.de\/frankfurt-insider-tipps\/\" target=\"_blank\" rel=\"noreferrer noopener\"><strong>Frankfurt am Main: 7 Insider-Tipps f\u00fcr deine St\u00e4dtereise<\/strong><\/a><\/li><li>Sonntagsbrunch im <a href=\"https:\/\/rhein-main-blog.de\/en\/sonntagsbrunch-cafe-maingold\/\" target=\"_blank\" rel=\"noreferrer noopener\"><strong>Caf\u00e9 Maingold<\/strong><\/a><\/li><li><a href=\"https:\/\/rhein-main-blog.de\/en\/parks-frankfurt\/\" target=\"_blank\" rel=\"noreferrer noopener\"><strong>Parks in Frankfurt<\/strong><\/a> am Main: 5 Green Spaces &amp; Ruheorte<\/li><li>Fr\u00fchst\u00fcckslust: <a href=\"https:\/\/rhein-main-blog.de\/en\/balance-deli-frankfurt\/\" target=\"_blank\" rel=\"noreferrer noopener\"><strong>Das Balance Deli in Frankfurt<\/strong><\/a><\/li><\/ul>\n\n\n\n<pre class=\"wp-block-verse\"><em>Transparenz: Dieser Beitrag enth\u00e4lt Affiliate-Links. Wenn du \u00fcber einen solchen Link buchst, unterst\u00fctzt du den Rhein-Main-Blog mit einer kleinen Provision. Ganz wichtig: F\u00fcr dich bleibt der Preis der gleiche. Du bezahlst keinen Cent mehr.<\/em><\/pre>","protected":false},"excerpt":{"rendered":"<p>Das Oosten in Frankfurt ist vollkommen zurecht eines der beliebtesten Restaurants der Stadt und z\u00e4hlt auch zu meinen pers\u00f6nlichen Lieblingen in der Mainmetropole. Neben frischen saisonalen und interregionalen Speisen kommen&hellip; <a class=\"excerpt-more-link\" href=\"https:\/\/rhein-main-blog.de\/en\/oosten-frankfurt\/\">Read More<\/a><\/p>","protected":false},"author":2,"featured_media":2170,"comment_status":"open","ping_status":"open","sticky":false,"template":"","format":"standard","meta":{"footnotes":""},"categories":[5,9,25,21,22],"tags":[],"class_list":["post-57","post","type-post","status-publish","format-standard","has-post-thumbnail","hentry","category-cafes","category-frankfurt","category-fundstuecke","category-restaurants","category-staedtetrip"],"yoast_head":"<!-- This site is optimized with the Yoast SEO plugin v28.1 - https:\/\/yoast.com\/product\/yoast-seo-wordpress\/ -->\n<title>Das Oosten in Frankfurt: Genie\u00dfen mit Skyline-Panorama - Rhein-Main-Blog<\/title>\n<meta name=\"description\" content=\"Gastro-Tipp am Main: Das Oosten in Frankfurt bietet raffinierte Gerichte mit den Schwerpunkten saisonal, vegetarisch und international.\" \/>\n<meta name=\"robots\" content=\"index, follow, max-snippet:-1, max-image-preview:large, max-video-preview:-1\" \/>\n<link rel=\"canonical\" href=\"https:\/\/rhein-main-blog.de\/en\/oosten-frankfurt\/\" \/>\n<meta property=\"og:locale\" content=\"en_US\" \/>\n<meta property=\"og:type\" content=\"article\" \/>\n<meta property=\"og:title\" content=\"Das Oosten in Frankfurt: Genie\u00dfen mit Skyline-Panorama - Rhein-Main-Blog\" \/>\n<meta property=\"og:description\" content=\"Gastro-Tipp am Main: Das Oosten in Frankfurt bietet raffinierte Gerichte mit den Schwerpunkten saisonal, vegetarisch und international.\" \/>\n<meta property=\"og:url\" content=\"https:\/\/rhein-main-blog.de\/en\/oosten-frankfurt\/\" \/>\n<meta property=\"og:site_name\" content=\"Rhein-Main-Blog\" \/>\n<meta property=\"article:published_time\" content=\"2019-06-10T14:45:17+00:00\" \/>\n<meta property=\"article:modified_time\" content=\"2022-01-04T15:19:40+00:00\" \/>\n<meta property=\"og:image\" content=\"https:\/\/rhein-main-blog.de\/wp-content\/uploads\/2019\/06\/Oosten-Frankfurt.jpg\" \/>\n\t<meta property=\"og:image:width\" content=\"1000\" \/>\n\t<meta property=\"og:image:height\" content=\"667\" \/>\n\t<meta property=\"og:image:type\" content=\"image\/jpeg\" \/>\n<meta name=\"author\" content=\"Sarah\" \/>\n<meta name=\"twitter:card\" content=\"summary_large_image\" \/>\n<meta name=\"twitter:label1\" content=\"Written by\" \/>\n\t<meta name=\"twitter:data1\" content=\"Sarah\" \/>\n\t<meta name=\"twitter:label2\" content=\"Est. reading time\" \/>\n\t<meta name=\"twitter:data2\" content=\"3 minutes\" \/>\n<script type=\"application\/ld+json\" class=\"yoast-schema-graph\">{\"@context\":\"https:\\\/\\\/schema.org\",\"@graph\":[{\"@type\":\"Article\",\"@id\":\"https:\\\/\\\/rhein-main-blog.de\\\/oosten-frankfurt\\\/#article\",\"isPartOf\":{\"@id\":\"https:\\\/\\\/rhein-main-blog.de\\\/oosten-frankfurt\\\/\"},\"author\":{\"name\":\"Sarah\",\"@id\":\"https:\\\/\\\/rhein-main-blog.de\\\/#\\\/schema\\\/person\\\/ce1275bcdc476c205d78d9c932769e5c\"},\"headline\":\"Das Oosten in Frankfurt: Genie\u00dfen mit Skyline-Panorama\",\"datePublished\":\"2019-06-10T14:45:17+00:00\",\"dateModified\":\"2022-01-04T15:19:40+00:00\",\"mainEntityOfPage\":{\"@id\":\"https:\\\/\\\/rhein-main-blog.de\\\/oosten-frankfurt\\\/\"},\"wordCount\":442,\"commentCount\":1,\"publisher\":{\"@id\":\"https:\\\/\\\/rhein-main-blog.de\\\/#organization\"},\"image\":{\"@id\":\"https:\\\/\\\/rhein-main-blog.de\\\/oosten-frankfurt\\\/#primaryimage\"},\"thumbnailUrl\":\"https:\\\/\\\/rhein-main-blog.de\\\/wp-content\\\/uploads\\\/2019\\\/06\\\/Oosten-Frankfurt.jpg\",\"articleSection\":[\"Caf\u00e9s\",\"Frankfurt\",\"Fundst\u00fccke\",\"Restaurants\",\"St\u00e4dtetrip\"],\"inLanguage\":\"en-US\",\"potentialAction\":[{\"@type\":\"CommentAction\",\"name\":\"Comment\",\"target\":[\"https:\\\/\\\/rhein-main-blog.de\\\/oosten-frankfurt\\\/#respond\"]}]},{\"@type\":\"WebPage\",\"@id\":\"https:\\\/\\\/rhein-main-blog.de\\\/oosten-frankfurt\\\/\",\"url\":\"https:\\\/\\\/rhein-main-blog.de\\\/oosten-frankfurt\\\/\",\"name\":\"Das Oosten in Frankfurt: Genie\u00dfen mit Skyline-Panorama - Rhein-Main-Blog\",\"isPartOf\":{\"@id\":\"https:\\\/\\\/rhein-main-blog.de\\\/#website\"},\"primaryImageOfPage\":{\"@id\":\"https:\\\/\\\/rhein-main-blog.de\\\/oosten-frankfurt\\\/#primaryimage\"},\"image\":{\"@id\":\"https:\\\/\\\/rhein-main-blog.de\\\/oosten-frankfurt\\\/#primaryimage\"},\"thumbnailUrl\":\"https:\\\/\\\/rhein-main-blog.de\\\/wp-content\\\/uploads\\\/2019\\\/06\\\/Oosten-Frankfurt.jpg\",\"datePublished\":\"2019-06-10T14:45:17+00:00\",\"dateModified\":\"2022-01-04T15:19:40+00:00\",\"description\":\"Gastro-Tipp am Main: Das Oosten in Frankfurt bietet raffinierte Gerichte mit den Schwerpunkten saisonal, vegetarisch und international.\",\"breadcrumb\":{\"@id\":\"https:\\\/\\\/rhein-main-blog.de\\\/oosten-frankfurt\\\/#breadcrumb\"},\"inLanguage\":\"en-US\",\"potentialAction\":[{\"@type\":\"ReadAction\",\"target\":[\"https:\\\/\\\/rhein-main-blog.de\\\/oosten-frankfurt\\\/\"]}]},{\"@type\":\"ImageObject\",\"inLanguage\":\"en-US\",\"@id\":\"https:\\\/\\\/rhein-main-blog.de\\\/oosten-frankfurt\\\/#primaryimage\",\"url\":\"https:\\\/\\\/rhein-main-blog.de\\\/wp-content\\\/uploads\\\/2019\\\/06\\\/Oosten-Frankfurt.jpg\",\"contentUrl\":\"https:\\\/\\\/rhein-main-blog.de\\\/wp-content\\\/uploads\\\/2019\\\/06\\\/Oosten-Frankfurt.jpg\",\"width\":1000,\"height\":667,\"caption\":\"Oosten Frankfurt\"},{\"@type\":\"BreadcrumbList\",\"@id\":\"https:\\\/\\\/rhein-main-blog.de\\\/oosten-frankfurt\\\/#breadcrumb\",\"itemListElement\":[{\"@type\":\"ListItem\",\"position\":1,\"name\":\"Startseite\",\"item\":\"https:\\\/\\\/rhein-main-blog.de\\\/\"},{\"@type\":\"ListItem\",\"position\":2,\"name\":\"Das Oosten in Frankfurt: Genie\u00dfen mit Skyline-Panorama\"}]},{\"@type\":\"WebSite\",\"@id\":\"https:\\\/\\\/rhein-main-blog.de\\\/#website\",\"url\":\"https:\\\/\\\/rhein-main-blog.de\\\/\",\"name\":\"Rhein-Main-Blog\",\"description\":\"Die sch\u00f6nsten Ausflugsziele und Tipps f\u00fcr das Rhein-Main-Gebiet\",\"publisher\":{\"@id\":\"https:\\\/\\\/rhein-main-blog.de\\\/#organization\"},\"potentialAction\":[{\"@type\":\"SearchAction\",\"target\":{\"@type\":\"EntryPoint\",\"urlTemplate\":\"https:\\\/\\\/rhein-main-blog.de\\\/?s={search_term_string}\"},\"query-input\":{\"@type\":\"PropertyValueSpecification\",\"valueRequired\":true,\"valueName\":\"search_term_string\"}}],\"inLanguage\":\"en-US\"},{\"@type\":\"Organization\",\"@id\":\"https:\\\/\\\/rhein-main-blog.de\\\/#organization\",\"name\":\"Rhein-Main-Blog\",\"url\":\"https:\\\/\\\/rhein-main-blog.de\\\/\",\"logo\":{\"@type\":\"ImageObject\",\"inLanguage\":\"en-US\",\"@id\":\"https:\\\/\\\/rhein-main-blog.de\\\/#\\\/schema\\\/logo\\\/image\\\/\",\"url\":\"https:\\\/\\\/rhein-main-blog.de\\\/wp-content\\\/uploads\\\/2020\\\/04\\\/cropped-Rhein-Main-Blog-Header-Sarah-Waltinger-1-2.png\",\"contentUrl\":\"https:\\\/\\\/rhein-main-blog.de\\\/wp-content\\\/uploads\\\/2020\\\/04\\\/cropped-Rhein-Main-Blog-Header-Sarah-Waltinger-1-2.png\",\"width\":512,\"height\":512,\"caption\":\"Rhein-Main-Blog\"},\"image\":{\"@id\":\"https:\\\/\\\/rhein-main-blog.de\\\/#\\\/schema\\\/logo\\\/image\\\/\"},\"sameAs\":[\"https:\\\/\\\/www.pinterest.de\\\/rheinmainblog\\\/\"]},{\"@type\":\"Person\",\"@id\":\"https:\\\/\\\/rhein-main-blog.de\\\/#\\\/schema\\\/person\\\/ce1275bcdc476c205d78d9c932769e5c\",\"name\":\"Sarah\",\"image\":{\"@type\":\"ImageObject\",\"inLanguage\":\"en-US\",\"@id\":\"https:\\\/\\\/rhein-main-blog.de\\\/wp-content\\\/uploads\\\/2020\\\/11\\\/Sarah-Waltinger-Itchy-Feet-Blog-Mainz02-e1622966870914-150x150.jpg\",\"url\":\"https:\\\/\\\/rhein-main-blog.de\\\/wp-content\\\/uploads\\\/2020\\\/11\\\/Sarah-Waltinger-Itchy-Feet-Blog-Mainz02-e1622966870914-150x150.jpg\",\"contentUrl\":\"https:\\\/\\\/rhein-main-blog.de\\\/wp-content\\\/uploads\\\/2020\\\/11\\\/Sarah-Waltinger-Itchy-Feet-Blog-Mainz02-e1622966870914-150x150.jpg\",\"caption\":\"Sarah\"},\"description\":\"Mainzerin Sarah ist die Gr\u00fcnderin des Rhein-Main-Blogs und auch nach 30 Jahren gl\u00fccklich die sch\u00f6ne Stadt am Rhein ihr Zuhause nennen zu d\u00fcrfen. Wenn sie nicht gerade im Homeoffice arbeitet oder die Welt bereist, trifft sie sich mit Freunden im Lieblingscaf\u00e9, schlendert \u00fcber Wochenm\u00e4rkte und unternimmt Erkundungen in der Natur.\",\"sameAs\":[\"https:\\\/\\\/itchyfeet-travel.de\\\/\",\"https:\\\/\\\/www.instagram.com\\\/itchy.feet.blog\\\/\"],\"url\":\"https:\\\/\\\/rhein-main-blog.de\\\/en\\\/author\\\/sarah\\\/\"}]}<\/script>\n<!-- \/ Yoast SEO plugin. -->","yoast_head_json":{"title":"Das Oosten in Frankfurt: Genie\u00dfen mit Skyline-Panorama - Rhein-Main-Blog","description":"Gastro-Tipp am Main: Das Oosten in Frankfurt bietet raffinierte Gerichte mit den Schwerpunkten saisonal, vegetarisch und international.","robots":{"index":"index","follow":"follow","max-snippet":"max-snippet:-1","max-image-preview":"max-image-preview:large","max-video-preview":"max-video-preview:-1"},"canonical":"https:\/\/rhein-main-blog.de\/en\/oosten-frankfurt\/","og_locale":"en_US","og_type":"article","og_title":"Das Oosten in Frankfurt: Genie\u00dfen mit Skyline-Panorama - Rhein-Main-Blog","og_description":"Gastro-Tipp am Main: Das Oosten in Frankfurt bietet raffinierte Gerichte mit den Schwerpunkten saisonal, vegetarisch und international.","og_url":"https:\/\/rhein-main-blog.de\/en\/oosten-frankfurt\/","og_site_name":"Rhein-Main-Blog","article_published_time":"2019-06-10T14:45:17+00:00","article_modified_time":"2022-01-04T15:19:40+00:00","og_image":[{"width":1000,"height":667,"url":"https:\/\/rhein-main-blog.de\/wp-content\/uploads\/2019\/06\/Oosten-Frankfurt.jpg","type":"image\/jpeg"}],"author":"Sarah","twitter_card":"summary_large_image","twitter_misc":{"Written by":"Sarah","Est. reading time":"3 minutes"},"schema":{"@context":"https:\/\/schema.org","@graph":[{"@type":"Article","@id":"https:\/\/rhein-main-blog.de\/oosten-frankfurt\/#article","isPartOf":{"@id":"https:\/\/rhein-main-blog.de\/oosten-frankfurt\/"},"author":{"name":"Sarah","@id":"https:\/\/rhein-main-blog.de\/#\/schema\/person\/ce1275bcdc476c205d78d9c932769e5c"},"headline":"Das Oosten in Frankfurt: Genie\u00dfen mit Skyline-Panorama","datePublished":"2019-06-10T14:45:17+00:00","dateModified":"2022-01-04T15:19:40+00:00","mainEntityOfPage":{"@id":"https:\/\/rhein-main-blog.de\/oosten-frankfurt\/"},"wordCount":442,"commentCount":1,"publisher":{"@id":"https:\/\/rhein-main-blog.de\/#organization"},"image":{"@id":"https:\/\/rhein-main-blog.de\/oosten-frankfurt\/#primaryimage"},"thumbnailUrl":"https:\/\/rhein-main-blog.de\/wp-content\/uploads\/2019\/06\/Oosten-Frankfurt.jpg","articleSection":["Caf\u00e9s","Frankfurt","Fundst\u00fccke","Restaurants","St\u00e4dtetrip"],"inLanguage":"en-US","potentialAction":[{"@type":"CommentAction","name":"Comment","target":["https:\/\/rhein-main-blog.de\/oosten-frankfurt\/#respond"]}]},{"@type":"WebPage","@id":"https:\/\/rhein-main-blog.de\/oosten-frankfurt\/","url":"https:\/\/rhein-main-blog.de\/oosten-frankfurt\/","name":"Das Oosten in Frankfurt: Genie\u00dfen mit Skyline-Panorama - Rhein-Main-Blog","isPartOf":{"@id":"https:\/\/rhein-main-blog.de\/#website"},"primaryImageOfPage":{"@id":"https:\/\/rhein-main-blog.de\/oosten-frankfurt\/#primaryimage"},"image":{"@id":"https:\/\/rhein-main-blog.de\/oosten-frankfurt\/#primaryimage"},"thumbnailUrl":"https:\/\/rhein-main-blog.de\/wp-content\/uploads\/2019\/06\/Oosten-Frankfurt.jpg","datePublished":"2019-06-10T14:45:17+00:00","dateModified":"2022-01-04T15:19:40+00:00","description":"Gastro-Tipp am Main: Das Oosten in Frankfurt bietet raffinierte Gerichte mit den Schwerpunkten saisonal, vegetarisch und international.","breadcrumb":{"@id":"https:\/\/rhein-main-blog.de\/oosten-frankfurt\/#breadcrumb"},"inLanguage":"en-US","potentialAction":[{"@type":"ReadAction","target":["https:\/\/rhein-main-blog.de\/oosten-frankfurt\/"]}]},{"@type":"ImageObject","inLanguage":"en-US","@id":"https:\/\/rhein-main-blog.de\/oosten-frankfurt\/#primaryimage","url":"https:\/\/rhein-main-blog.de\/wp-content\/uploads\/2019\/06\/Oosten-Frankfurt.jpg","contentUrl":"https:\/\/rhein-main-blog.de\/wp-content\/uploads\/2019\/06\/Oosten-Frankfurt.jpg","width":1000,"height":667,"caption":"Oosten Frankfurt"},{"@type":"BreadcrumbList","@id":"https:\/\/rhein-main-blog.de\/oosten-frankfurt\/#breadcrumb","itemListElement":[{"@type":"ListItem","position":1,"name":"Startseite","item":"https:\/\/rhein-main-blog.de\/"},{"@type":"ListItem","position":2,"name":"Das Oosten in Frankfurt: Genie\u00dfen mit Skyline-Panorama"}]},{"@type":"WebSite","@id":"https:\/\/rhein-main-blog.de\/#website","url":"https:\/\/rhein-main-blog.de\/","name":"Rhein-Main-Blog","description":"Die sch\u00f6nsten Ausflugsziele und Tipps f\u00fcr das Rhein-Main-Gebiet","publisher":{"@id":"https:\/\/rhein-main-blog.de\/#organization"},"potentialAction":[{"@type":"SearchAction","target":{"@type":"EntryPoint","urlTemplate":"https:\/\/rhein-main-blog.de\/?s={search_term_string}"},"query-input":{"@type":"PropertyValueSpecification","valueRequired":true,"valueName":"search_term_string"}}],"inLanguage":"en-US"},{"@type":"Organization","@id":"https:\/\/rhein-main-blog.de\/#organization","name":"Rhein-Main-Blog","url":"https:\/\/rhein-main-blog.de\/","logo":{"@type":"ImageObject","inLanguage":"en-US","@id":"https:\/\/rhein-main-blog.de\/#\/schema\/logo\/image\/","url":"https:\/\/rhein-main-blog.de\/wp-content\/uploads\/2020\/04\/cropped-Rhein-Main-Blog-Header-Sarah-Waltinger-1-2.png","contentUrl":"https:\/\/rhein-main-blog.de\/wp-content\/uploads\/2020\/04\/cropped-Rhein-Main-Blog-Header-Sarah-Waltinger-1-2.png","width":512,"height":512,"caption":"Rhein-Main-Blog"},"image":{"@id":"https:\/\/rhein-main-blog.de\/#\/schema\/logo\/image\/"},"sameAs":["https:\/\/www.pinterest.de\/rheinmainblog\/"]},{"@type":"Person","@id":"https:\/\/rhein-main-blog.de\/#\/schema\/person\/ce1275bcdc476c205d78d9c932769e5c","name":"Sarah","image":{"@type":"ImageObject","inLanguage":"en-US","@id":"https:\/\/rhein-main-blog.de\/wp-content\/uploads\/2020\/11\/Sarah-Waltinger-Itchy-Feet-Blog-Mainz02-e1622966870914-150x150.jpg","url":"https:\/\/rhein-main-blog.de\/wp-content\/uploads\/2020\/11\/Sarah-Waltinger-Itchy-Feet-Blog-Mainz02-e1622966870914-150x150.jpg","contentUrl":"https:\/\/rhein-main-blog.de\/wp-content\/uploads\/2020\/11\/Sarah-Waltinger-Itchy-Feet-Blog-Mainz02-e1622966870914-150x150.jpg","caption":"Sarah"},"description":"Mainzerin Sarah ist die Gr\u00fcnderin des Rhein-Main-Blogs und auch nach 30 Jahren gl\u00fccklich die sch\u00f6ne Stadt am Rhein ihr Zuhause nennen zu d\u00fcrfen. Wenn sie nicht gerade im Homeoffice arbeitet oder die Welt bereist, trifft sie sich mit Freunden im Lieblingscaf\u00e9, schlendert \u00fcber Wochenm\u00e4rkte und unternimmt Erkundungen in der Natur.","sameAs":["https:\/\/itchyfeet-travel.de\/","https:\/\/www.instagram.com\/itchy.feet.blog\/"],"url":"https:\/\/rhein-main-blog.de\/en\/author\/sarah\/"}]}},"_links":{"self":[{"href":"https:\/\/rhein-main-blog.de\/en\/wp-json\/wp\/v2\/posts\/57","targetHints":{"allow":["GET"]}}],"collection":[{"href":"https:\/\/rhein-main-blog.de\/en\/wp-json\/wp\/v2\/posts"}],"about":[{"href":"https:\/\/rhein-main-blog.de\/en\/wp-json\/wp\/v2\/types\/post"}],"author":[{"embeddable":true,"href":"https:\/\/rhein-main-blog.de\/en\/wp-json\/wp\/v2\/users\/2"}],"replies":[{"embeddable":true,"href":"https:\/\/rhein-main-blog.de\/en\/wp-json\/wp\/v2\/comments?post=57"}],"version-history":[{"count":61,"href":"https:\/\/rhein-main-blog.de\/en\/wp-json\/wp\/v2\/posts\/57\/revisions"}],"predecessor-version":[{"id":3071,"href":"https:\/\/rhein-main-blog.de\/en\/wp-json\/wp\/v2\/posts\/57\/revisions\/3071"}],"wp:featuredmedia":[{"embeddable":true,"href":"https:\/\/rhein-main-blog.de\/en\/wp-json\/wp\/v2\/media\/2170"}],"wp:attachment":[{"href":"https:\/\/rhein-main-blog.de\/en\/wp-json\/wp\/v2\/media?parent=57"}],"wp:term":[{"taxonomy":"category","embeddable":true,"href":"https:\/\/rhein-main-blog.de\/en\/wp-json\/wp\/v2\/categories?post=57"},{"taxonomy":"post_tag","embeddable":true,"href":"https:\/\/rhein-main-blog.de\/en\/wp-json\/wp\/v2\/tags?post=57"}],"curies":[{"name":"wp","href":"https:\/\/api.w.org\/{rel}","templated":true}]}}