{"id":831,"date":"2020-01-21T16:07:48","date_gmt":"2020-01-21T15:07:48","guid":{"rendered":"https:\/\/rhein-main-blog.de\/?p=831"},"modified":"2021-04-17T20:38:41","modified_gmt":"2021-04-17T18:38:41","slug":"mainzer-sand","status":"publish","type":"post","link":"https:\/\/rhein-main-blog.de\/en\/mainzer-sand\/","title":{"rendered":"Mainzer Sand: Ein Spaziergang gegen Fernweh"},"content":{"rendered":"<p class=\"wp-block-paragraph\">Vor den Toren von Mainz, liegt eine au\u00dfergew\u00f6hnliche Oase, wie gemacht, um f\u00fcr einen Moment dem Alltag zu entliehen. Der Mainzer Sand, auch bekannt als <strong><a aria-label=\"Gro\u00dfer Sand (\u00f6ffnet in neuem Tab)\" rel=\"noreferrer noopener\" href=\"https:\/\/de.wikipedia.org\/wiki\/Gro%C3%9Fer_Sand\" target=\"_blank\">Gro\u00dfer Sand<\/a><\/strong>, ist ein rund 130 Hektar gro\u00dfes Naturschutzgebiet mit einer, f\u00fcr Mitteleuropa, einzigartigen Pflanzenwelt. Ein Relikt der nacheiszeitlichen Steppenlandschaft, die vor tausenden von Jahren weite Teile Mitteleuropas bedeckten.<\/p>\n\n\n\n<p class=\"wp-block-paragraph\">Ein <a href=\"https:\/\/itchyfeet-travel.de\/die-melodie-des-windes\/\"><strong>Spaziergang im Mainzer Sand<\/strong><\/a> hat zu jeder Jahreszeit seinen Reiz. Besonders gern komme ich im Winter her. Wenn winzige Eiskristalle auf den Pflanzen glitzern und die Sonne die Landschaft in ihr weiches Licht taucht, kann man zusehen, wie die Natur Winterschlaf h\u00e4lt.<\/p>\n\n\n\n<figure class=\"wp-block-image\"><img loading=\"lazy\" decoding=\"async\" width=\"1024\" height=\"683\" src=\"https:\/\/rhein-main-blog.de\/wp-content\/uploads\/2020\/01\/Der-Sonne-entgegen.jpg\" alt=\"\" class=\"wp-image-854\" srcset=\"https:\/\/rhein-main-blog.de\/wp-content\/uploads\/2020\/01\/Der-Sonne-entgegen.jpg 1024w, https:\/\/rhein-main-blog.de\/wp-content\/uploads\/2020\/01\/Der-Sonne-entgegen-300x200.jpg 300w, https:\/\/rhein-main-blog.de\/wp-content\/uploads\/2020\/01\/Der-Sonne-entgegen-768x512.jpg 768w, https:\/\/rhein-main-blog.de\/wp-content\/uploads\/2020\/01\/Der-Sonne-entgegen-660x440.jpg 660w, https:\/\/rhein-main-blog.de\/wp-content\/uploads\/2020\/01\/Der-Sonne-entgegen-1000x667.jpg 1000w, https:\/\/rhein-main-blog.de\/wp-content\/uploads\/2020\/01\/Der-Sonne-entgegen-373x248.jpg 373w\" sizes=\"auto, (max-width: 1024px) 100vw, 1024px\" \/><\/figure>\n\n\n\n<figure class=\"wp-block-image\"><img loading=\"lazy\" decoding=\"async\" width=\"1024\" height=\"768\" src=\"https:\/\/rhein-main-blog.de\/wp-content\/uploads\/2020\/01\/mainzersand04.jpg\" alt=\"\" class=\"wp-image-856\" srcset=\"https:\/\/rhein-main-blog.de\/wp-content\/uploads\/2020\/01\/mainzersand04.jpg 1024w, https:\/\/rhein-main-blog.de\/wp-content\/uploads\/2020\/01\/mainzersand04-300x225.jpg 300w, https:\/\/rhein-main-blog.de\/wp-content\/uploads\/2020\/01\/mainzersand04-768x576.jpg 768w, https:\/\/rhein-main-blog.de\/wp-content\/uploads\/2020\/01\/mainzersand04-660x495.jpg 660w, https:\/\/rhein-main-blog.de\/wp-content\/uploads\/2020\/01\/mainzersand04-1000x750.jpg 1000w\" sizes=\"auto, (max-width: 1024px) 100vw, 1024px\" \/><\/figure>\n\n\n\n<figure class=\"wp-block-image\"><img loading=\"lazy\" decoding=\"async\" width=\"1024\" height=\"768\" src=\"https:\/\/rhein-main-blog.de\/wp-content\/uploads\/2020\/01\/Baum.jpg\" alt=\"\" class=\"wp-image-857\" srcset=\"https:\/\/rhein-main-blog.de\/wp-content\/uploads\/2020\/01\/Baum.jpg 1024w, https:\/\/rhein-main-blog.de\/wp-content\/uploads\/2020\/01\/Baum-300x225.jpg 300w, https:\/\/rhein-main-blog.de\/wp-content\/uploads\/2020\/01\/Baum-768x576.jpg 768w, https:\/\/rhein-main-blog.de\/wp-content\/uploads\/2020\/01\/Baum-660x495.jpg 660w, https:\/\/rhein-main-blog.de\/wp-content\/uploads\/2020\/01\/Baum-1000x750.jpg 1000w\" sizes=\"auto, (max-width: 1024px) 100vw, 1024px\" \/><\/figure>\n\n\n\n<h2 class=\"wp-block-heading\">Naturschutzgebiet Mainzer Sand: Balsam f\u00fcr die Winterseele<\/h2>\n\n\n\n<p class=\"wp-block-paragraph\">Ein sandiger Pfad schl\u00e4ngelt sich durch steppenartige Graslandschaft und m\u00e4rchenhafte Waldabschnitte. Dazwischen B\u00e4ume mit solch imposantem Wuchs, wie man ihn in der Serengeti vermuten w\u00fcrde.<\/p>\n\n\n\n<p class=\"wp-block-paragraph\">Der <strong>knapp zwei Kilometer lange Rundweg<\/strong> vermag es die Sehnsucht nach der Ferne zu stillen, die viele gerade in der kalten Jahreszeit sp\u00fcren. Raus gehen, die Wintersonne auf den rosigen Wangen sp\u00fcren, zufriedener zur\u00fcckkommen.<\/p>\n\n\n\n<figure class=\"wp-block-image\"><img loading=\"lazy\" decoding=\"async\" width=\"1024\" height=\"768\" src=\"https:\/\/rhein-main-blog.de\/wp-content\/uploads\/2020\/01\/Lichtung.jpg\" alt=\"\" class=\"wp-image-855\" srcset=\"https:\/\/rhein-main-blog.de\/wp-content\/uploads\/2020\/01\/Lichtung.jpg 1024w, https:\/\/rhein-main-blog.de\/wp-content\/uploads\/2020\/01\/Lichtung-300x225.jpg 300w, https:\/\/rhein-main-blog.de\/wp-content\/uploads\/2020\/01\/Lichtung-768x576.jpg 768w, https:\/\/rhein-main-blog.de\/wp-content\/uploads\/2020\/01\/Lichtung-660x495.jpg 660w, https:\/\/rhein-main-blog.de\/wp-content\/uploads\/2020\/01\/Lichtung-1000x750.jpg 1000w\" sizes=\"auto, (max-width: 1024px) 100vw, 1024px\" \/><\/figure>\n\n\n\n<figure class=\"wp-block-image\"><img loading=\"lazy\" decoding=\"async\" width=\"1024\" height=\"768\" src=\"https:\/\/rhein-main-blog.de\/wp-content\/uploads\/2020\/01\/mainzersand19.jpg\" alt=\"\" class=\"wp-image-859\" srcset=\"https:\/\/rhein-main-blog.de\/wp-content\/uploads\/2020\/01\/mainzersand19.jpg 1024w, https:\/\/rhein-main-blog.de\/wp-content\/uploads\/2020\/01\/mainzersand19-300x225.jpg 300w, https:\/\/rhein-main-blog.de\/wp-content\/uploads\/2020\/01\/mainzersand19-768x576.jpg 768w, https:\/\/rhein-main-blog.de\/wp-content\/uploads\/2020\/01\/mainzersand19-660x495.jpg 660w, https:\/\/rhein-main-blog.de\/wp-content\/uploads\/2020\/01\/mainzersand19-1000x750.jpg 1000w\" sizes=\"auto, (max-width: 1024px) 100vw, 1024px\" \/><\/figure>\n\n\n\n<figure class=\"wp-block-image\"><img loading=\"lazy\" decoding=\"async\" width=\"1024\" height=\"768\" src=\"https:\/\/rhein-main-blog.de\/wp-content\/uploads\/2020\/01\/mainzersand03.jpg\" alt=\"\" class=\"wp-image-858\" srcset=\"https:\/\/rhein-main-blog.de\/wp-content\/uploads\/2020\/01\/mainzersand03.jpg 1024w, https:\/\/rhein-main-blog.de\/wp-content\/uploads\/2020\/01\/mainzersand03-300x225.jpg 300w, https:\/\/rhein-main-blog.de\/wp-content\/uploads\/2020\/01\/mainzersand03-768x576.jpg 768w, https:\/\/rhein-main-blog.de\/wp-content\/uploads\/2020\/01\/mainzersand03-660x495.jpg 660w, https:\/\/rhein-main-blog.de\/wp-content\/uploads\/2020\/01\/mainzersand03-1000x750.jpg 1000w\" sizes=\"auto, (max-width: 1024px) 100vw, 1024px\" \/><\/figure>\n\n\n\n<h2 class=\"wp-block-heading\">N\u00fctzliche Infos:<\/h2>\n\n\n\n<p class=\"wp-block-paragraph\">Umfangreiche Informationen \u00fcber Flora sowie zum Thema Naturschutz findet ihr auf der offiziellen Webseite des <a href=\"https:\/\/www.mainzer-sand.de\/\" target=\"_blank\" rel=\"noreferrer noopener\"><strong>Mainzer Sandes<\/strong><\/a>.<\/p>\n\n\n\n<div class=\"schema-faq wp-block-yoast-faq-block\"><div class=\"schema-faq-section\" id=\"faq-question-1618683623091\"><strong class=\"schema-faq-question\">Wie komme ich zum Mainzer Sand?<\/strong> <p class=\"schema-faq-answer\">Mit den \u00f6ffentlichen Verkehrsmitteln erreicht ihr den Mainzer Sand mit Bus 6 ab Mainz Hbf-West-Taubertsbergbad bis Haltestelle An der Krimm. Von hier sind es nur wenige Meter \u00fcber die Stra\u00dfe Am Gro\u00dfen Sand bis zum Naturschutzgebiet.<\/p> <\/div> <div class=\"schema-faq-section\" id=\"faq-question-1618683669174\"><strong class=\"schema-faq-question\">Parken am Mainzer Sand<\/strong> <p class=\"schema-faq-answer\">In der Stra\u00dfe &#8222;Am Gro\u00dfen Sand&#8220; oder in den umliegenden Stra\u00dfen findet man kostenlose Parkpl\u00e4tze. Alternativ stehen dir zahlreiche Parkm\u00f6glichkeiten am Mombacher Schwimmbad zur Verf\u00fcgung.<\/p> <\/div> <\/div>\n\n\n\n<pre class=\"wp-block-verse\">Lust auf noch mehr\u00a0<strong><a href=\"https:\/\/www.awin1.com\/cread.php?awinmid=14191&amp;awinaffid=862127&amp;ued=https%3A%2F%2Fwww.buecher.de%2Fshop%2Fdeutschland%2F52-kleine--grosse-eskapaden-in-der-region-rhein-main%2Fwaltinger-sarah%2Fproducts_products%2Fdetail%2Fprod_id%2F54738571%2F\" target=\"_blank\" rel=\"noreferrer noopener nofollow\">Outdoor-Aktivit\u00e4ten und Ausfl\u00fcge im Rhein-Main Gebiet<\/a><\/strong>*? 52 wunderbare Ideen f\u00fcr kleine Auszeiten zwischendurch, Tagesausfl\u00fcge und Miniurlaube in der Region findet ihr in Sarahs Buch.<\/pre>\n\n\n\n<p class=\"wp-block-paragraph\"><\/p>\n\n\n\n<h2 class=\"wp-block-heading\">Mehr Tipps f\u00fcr Mainz &amp; Rheinhessen<\/h2>\n\n\n\n<ul class=\"wp-block-list\"><li><a href=\"https:\/\/rhein-main-blog.de\/en\/pankratiushof-mainz\/\" target=\"_blank\" rel=\"noreferrer noopener\"><strong>Pankratiushof in Mainz<\/strong><\/a>: Hofladenliebe &amp; Brunch \u00e0 la Provence<\/li><li><a href=\"https:\/\/rhein-main-blog.de\/en\/rheinterrassenweg-herbst\/\" target=\"_blank\" rel=\"noreferrer noopener\"><strong>Der RheinTerrassenWeg<\/strong><\/a> im Herbst: Von Bodenheim nach Mainz-Laubenheim<\/li><li>Buchtipp: <a href=\"https:\/\/rhein-main-blog.de\/en\/buchtipp-gluecksorte-in-rheinhessen\/\" target=\"_blank\" rel=\"noreferrer noopener\"><strong>Gl\u00fccksorte in Rheinhessen<\/strong><\/a><\/li><li>Vegan schlemmen in Mainz: <a href=\"https:\/\/rhein-main-blog.de\/en\/moehren-milieu\/\" target=\"_blank\" rel=\"noreferrer noopener\"><strong>Das M\u00f6hren Milieu<\/strong><\/a><\/li><li>Hiwweltour: <a href=\"https:\/\/rhein-main-blog.de\/en\/hiwweltour-westerberg-grosswinternheim\/\" target=\"_blank\" rel=\"noreferrer noopener\"><strong>Wandern am Westerberg<\/strong><\/a> bei Gro\u00dfwinternheim<\/li><\/ul>\n\n\n\n<pre class=\"wp-block-verse\"><em>Transparenz: Dieser Beitrag enth\u00e4lt Affiliate-Links. Wenn du \u00fcber einen solchen Link buchst, unterst\u00fctzt du den Rhein-Main-Blog mit einer kleinen Provision. Ganz wichtig: F\u00fcr dich bleibt der Preis der gleiche. Du bezahlst keinen Cent mehr.<\/em><\/pre>\n\n\n\n<div class=\"wp-block-buttons is-layout-flex wp-block-buttons-is-layout-flex\"><\/div>","protected":false},"excerpt":{"rendered":"<p>Vor den Toren von Mainz, liegt eine au\u00dfergew\u00f6hnliche Oase, wie gemacht, um f\u00fcr einen Moment dem Alltag zu entliehen. Der Mainzer Sand, auch bekannt als Gro\u00dfer Sand, ist ein rund&hellip; <a class=\"excerpt-more-link\" href=\"https:\/\/rhein-main-blog.de\/en\/mainzer-sand\/\">Read More<\/a><\/p>","protected":false},"author":2,"featured_media":2266,"comment_status":"open","ping_status":"open","sticky":false,"template":"","format":"standard","meta":{"footnotes":""},"categories":[10,24,29,55],"tags":[],"class_list":["post-831","post","type-post","status-publish","format-standard","has-post-thumbnail","hentry","category-mainz","category-outdoor","category-spazieren","category-winter"],"yoast_head":"<!-- This site is optimized with the Yoast SEO plugin v28.1 - https:\/\/yoast.com\/product\/yoast-seo-wordpress\/ -->\n<title>Mainzer Sand: Ein Spaziergang gegen Fernweh - Rhein-Main-Blog<\/title>\n<meta name=\"description\" content=\"Vor den Toren von Mainz liegt das Naturschutzgebiet Mainzer Sand, das wie gemacht ist, um f\u00fcr einen Moment dem Alltag zu entliehen.\" \/>\n<meta name=\"robots\" content=\"index, follow, max-snippet:-1, max-image-preview:large, max-video-preview:-1\" \/>\n<link rel=\"canonical\" href=\"https:\/\/rhein-main-blog.de\/en\/mainzer-sand\/\" \/>\n<meta property=\"og:locale\" content=\"en_US\" \/>\n<meta property=\"og:type\" content=\"article\" \/>\n<meta property=\"og:title\" content=\"Mainzer Sand: Ein Spaziergang gegen Fernweh - Rhein-Main-Blog\" \/>\n<meta property=\"og:description\" content=\"Vor den Toren von Mainz liegt das Naturschutzgebiet Mainzer Sand, das wie gemacht ist, um f\u00fcr einen Moment dem Alltag zu entliehen.\" \/>\n<meta property=\"og:url\" content=\"https:\/\/rhein-main-blog.de\/en\/mainzer-sand\/\" \/>\n<meta property=\"og:site_name\" content=\"Rhein-Main-Blog\" \/>\n<meta property=\"article:published_time\" content=\"2020-01-21T15:07:48+00:00\" \/>\n<meta property=\"article:modified_time\" content=\"2021-04-17T18:38:41+00:00\" \/>\n<meta property=\"og:image\" content=\"https:\/\/rhein-main-blog.de\/wp-content\/uploads\/2020\/01\/Mainzer-Sand.jpg\" \/>\n\t<meta property=\"og:image:width\" content=\"1000\" \/>\n\t<meta property=\"og:image:height\" content=\"667\" \/>\n\t<meta property=\"og:image:type\" content=\"image\/jpeg\" \/>\n<meta name=\"author\" content=\"Sarah\" \/>\n<meta name=\"twitter:card\" content=\"summary_large_image\" \/>\n<meta name=\"twitter:label1\" content=\"Written by\" \/>\n\t<meta name=\"twitter:data1\" content=\"Sarah\" \/>\n\t<meta name=\"twitter:label2\" content=\"Est. reading time\" \/>\n\t<meta name=\"twitter:data2\" content=\"3 minutes\" \/>\n<script type=\"application\/ld+json\" class=\"yoast-schema-graph\">{\"@context\":\"https:\\\/\\\/schema.org\",\"@graph\":[{\"@type\":\"Article\",\"@id\":\"https:\\\/\\\/rhein-main-blog.de\\\/mainzer-sand\\\/#article\",\"isPartOf\":{\"@id\":\"https:\\\/\\\/rhein-main-blog.de\\\/mainzer-sand\\\/\"},\"author\":{\"name\":\"Sarah\",\"@id\":\"https:\\\/\\\/rhein-main-blog.de\\\/#\\\/schema\\\/person\\\/ce1275bcdc476c205d78d9c932769e5c\"},\"headline\":\"Mainzer Sand: Ein Spaziergang gegen Fernweh\",\"datePublished\":\"2020-01-21T15:07:48+00:00\",\"dateModified\":\"2021-04-17T18:38:41+00:00\",\"mainEntityOfPage\":{\"@id\":\"https:\\\/\\\/rhein-main-blog.de\\\/mainzer-sand\\\/\"},\"wordCount\":324,\"commentCount\":0,\"publisher\":{\"@id\":\"https:\\\/\\\/rhein-main-blog.de\\\/#organization\"},\"image\":{\"@id\":\"https:\\\/\\\/rhein-main-blog.de\\\/mainzer-sand\\\/#primaryimage\"},\"thumbnailUrl\":\"https:\\\/\\\/rhein-main-blog.de\\\/wp-content\\\/uploads\\\/2020\\\/01\\\/Mainzer-Sand.jpg\",\"articleSection\":[\"Mainz\",\"Outdoor\",\"Spazieren\",\"Winter\"],\"inLanguage\":\"en-US\",\"potentialAction\":[{\"@type\":\"CommentAction\",\"name\":\"Comment\",\"target\":[\"https:\\\/\\\/rhein-main-blog.de\\\/mainzer-sand\\\/#respond\"]}]},{\"@type\":[\"WebPage\",\"FAQPage\"],\"@id\":\"https:\\\/\\\/rhein-main-blog.de\\\/mainzer-sand\\\/\",\"url\":\"https:\\\/\\\/rhein-main-blog.de\\\/mainzer-sand\\\/\",\"name\":\"Mainzer Sand: Ein Spaziergang gegen Fernweh - Rhein-Main-Blog\",\"isPartOf\":{\"@id\":\"https:\\\/\\\/rhein-main-blog.de\\\/#website\"},\"primaryImageOfPage\":{\"@id\":\"https:\\\/\\\/rhein-main-blog.de\\\/mainzer-sand\\\/#primaryimage\"},\"image\":{\"@id\":\"https:\\\/\\\/rhein-main-blog.de\\\/mainzer-sand\\\/#primaryimage\"},\"thumbnailUrl\":\"https:\\\/\\\/rhein-main-blog.de\\\/wp-content\\\/uploads\\\/2020\\\/01\\\/Mainzer-Sand.jpg\",\"datePublished\":\"2020-01-21T15:07:48+00:00\",\"dateModified\":\"2021-04-17T18:38:41+00:00\",\"description\":\"Vor den Toren von Mainz liegt das Naturschutzgebiet Mainzer Sand, das wie gemacht ist, um f\u00fcr einen Moment dem Alltag zu entliehen.\",\"breadcrumb\":{\"@id\":\"https:\\\/\\\/rhein-main-blog.de\\\/mainzer-sand\\\/#breadcrumb\"},\"mainEntity\":[{\"@id\":\"https:\\\/\\\/rhein-main-blog.de\\\/mainzer-sand\\\/#faq-question-1618683623091\"},{\"@id\":\"https:\\\/\\\/rhein-main-blog.de\\\/mainzer-sand\\\/#faq-question-1618683669174\"}],\"inLanguage\":\"en-US\",\"potentialAction\":[{\"@type\":\"ReadAction\",\"target\":[\"https:\\\/\\\/rhein-main-blog.de\\\/mainzer-sand\\\/\"]}]},{\"@type\":\"ImageObject\",\"inLanguage\":\"en-US\",\"@id\":\"https:\\\/\\\/rhein-main-blog.de\\\/mainzer-sand\\\/#primaryimage\",\"url\":\"https:\\\/\\\/rhein-main-blog.de\\\/wp-content\\\/uploads\\\/2020\\\/01\\\/Mainzer-Sand.jpg\",\"contentUrl\":\"https:\\\/\\\/rhein-main-blog.de\\\/wp-content\\\/uploads\\\/2020\\\/01\\\/Mainzer-Sand.jpg\",\"width\":1000,\"height\":667,\"caption\":\"Mainzer Sand\"},{\"@type\":\"BreadcrumbList\",\"@id\":\"https:\\\/\\\/rhein-main-blog.de\\\/mainzer-sand\\\/#breadcrumb\",\"itemListElement\":[{\"@type\":\"ListItem\",\"position\":1,\"name\":\"Startseite\",\"item\":\"https:\\\/\\\/rhein-main-blog.de\\\/\"},{\"@type\":\"ListItem\",\"position\":2,\"name\":\"Mainzer Sand: Ein Spaziergang gegen Fernweh\"}]},{\"@type\":\"WebSite\",\"@id\":\"https:\\\/\\\/rhein-main-blog.de\\\/#website\",\"url\":\"https:\\\/\\\/rhein-main-blog.de\\\/\",\"name\":\"Rhein-Main-Blog\",\"description\":\"Die sch\u00f6nsten Ausflugsziele und Tipps f\u00fcr das Rhein-Main-Gebiet\",\"publisher\":{\"@id\":\"https:\\\/\\\/rhein-main-blog.de\\\/#organization\"},\"potentialAction\":[{\"@type\":\"SearchAction\",\"target\":{\"@type\":\"EntryPoint\",\"urlTemplate\":\"https:\\\/\\\/rhein-main-blog.de\\\/?s={search_term_string}\"},\"query-input\":{\"@type\":\"PropertyValueSpecification\",\"valueRequired\":true,\"valueName\":\"search_term_string\"}}],\"inLanguage\":\"en-US\"},{\"@type\":\"Organization\",\"@id\":\"https:\\\/\\\/rhein-main-blog.de\\\/#organization\",\"name\":\"Rhein-Main-Blog\",\"url\":\"https:\\\/\\\/rhein-main-blog.de\\\/\",\"logo\":{\"@type\":\"ImageObject\",\"inLanguage\":\"en-US\",\"@id\":\"https:\\\/\\\/rhein-main-blog.de\\\/#\\\/schema\\\/logo\\\/image\\\/\",\"url\":\"https:\\\/\\\/rhein-main-blog.de\\\/wp-content\\\/uploads\\\/2020\\\/04\\\/cropped-Rhein-Main-Blog-Header-Sarah-Waltinger-1-2.png\",\"contentUrl\":\"https:\\\/\\\/rhein-main-blog.de\\\/wp-content\\\/uploads\\\/2020\\\/04\\\/cropped-Rhein-Main-Blog-Header-Sarah-Waltinger-1-2.png\",\"width\":512,\"height\":512,\"caption\":\"Rhein-Main-Blog\"},\"image\":{\"@id\":\"https:\\\/\\\/rhein-main-blog.de\\\/#\\\/schema\\\/logo\\\/image\\\/\"},\"sameAs\":[\"https:\\\/\\\/www.pinterest.de\\\/rheinmainblog\\\/\"]},{\"@type\":\"Person\",\"@id\":\"https:\\\/\\\/rhein-main-blog.de\\\/#\\\/schema\\\/person\\\/ce1275bcdc476c205d78d9c932769e5c\",\"name\":\"Sarah\",\"image\":{\"@type\":\"ImageObject\",\"inLanguage\":\"en-US\",\"@id\":\"https:\\\/\\\/rhein-main-blog.de\\\/wp-content\\\/uploads\\\/2020\\\/11\\\/Sarah-Waltinger-Itchy-Feet-Blog-Mainz02-e1622966870914-150x150.jpg\",\"url\":\"https:\\\/\\\/rhein-main-blog.de\\\/wp-content\\\/uploads\\\/2020\\\/11\\\/Sarah-Waltinger-Itchy-Feet-Blog-Mainz02-e1622966870914-150x150.jpg\",\"contentUrl\":\"https:\\\/\\\/rhein-main-blog.de\\\/wp-content\\\/uploads\\\/2020\\\/11\\\/Sarah-Waltinger-Itchy-Feet-Blog-Mainz02-e1622966870914-150x150.jpg\",\"caption\":\"Sarah\"},\"description\":\"Mainzerin Sarah ist die Gr\u00fcnderin des Rhein-Main-Blogs und auch nach 30 Jahren gl\u00fccklich die sch\u00f6ne Stadt am Rhein ihr Zuhause nennen zu d\u00fcrfen. Wenn sie nicht gerade im Homeoffice arbeitet oder die Welt bereist, trifft sie sich mit Freunden im Lieblingscaf\u00e9, schlendert \u00fcber Wochenm\u00e4rkte und unternimmt Erkundungen in der Natur.\",\"sameAs\":[\"https:\\\/\\\/itchyfeet-travel.de\\\/\",\"https:\\\/\\\/www.instagram.com\\\/itchy.feet.blog\\\/\"],\"url\":\"https:\\\/\\\/rhein-main-blog.de\\\/en\\\/author\\\/sarah\\\/\"},{\"@type\":\"Question\",\"@id\":\"https:\\\/\\\/rhein-main-blog.de\\\/mainzer-sand\\\/#faq-question-1618683623091\",\"position\":1,\"url\":\"https:\\\/\\\/rhein-main-blog.de\\\/mainzer-sand\\\/#faq-question-1618683623091\",\"name\":\"Wie komme ich zum Mainzer Sand?\",\"answerCount\":1,\"acceptedAnswer\":{\"@type\":\"Answer\",\"text\":\"Mit den \u00f6ffentlichen Verkehrsmitteln erreicht ihr den Mainzer Sand mit Bus 6 ab Mainz Hbf-West-Taubertsbergbad bis Haltestelle An der Krimm. Von hier sind es nur wenige Meter \u00fcber die Stra\u00dfe Am Gro\u00dfen Sand bis zum Naturschutzgebiet.\",\"inLanguage\":\"en-US\"},\"inLanguage\":\"en-US\"},{\"@type\":\"Question\",\"@id\":\"https:\\\/\\\/rhein-main-blog.de\\\/mainzer-sand\\\/#faq-question-1618683669174\",\"position\":2,\"url\":\"https:\\\/\\\/rhein-main-blog.de\\\/mainzer-sand\\\/#faq-question-1618683669174\",\"name\":\"Parken am Mainzer Sand\",\"answerCount\":1,\"acceptedAnswer\":{\"@type\":\"Answer\",\"text\":\"In der Stra\u00dfe \\\"Am Gro\u00dfen Sand\\\" oder in den umliegenden Stra\u00dfen findet man kostenlose Parkpl\u00e4tze. Alternativ stehen dir zahlreiche Parkm\u00f6glichkeiten am Mombacher Schwimmbad zur Verf\u00fcgung.\",\"inLanguage\":\"en-US\"},\"inLanguage\":\"en-US\"}]}<\/script>\n<!-- \/ Yoast SEO plugin. -->","yoast_head_json":{"title":"Mainzer Sand: Ein Spaziergang gegen Fernweh - Rhein-Main-Blog","description":"Vor den Toren von Mainz liegt das Naturschutzgebiet Mainzer Sand, das wie gemacht ist, um f\u00fcr einen Moment dem Alltag zu entliehen.","robots":{"index":"index","follow":"follow","max-snippet":"max-snippet:-1","max-image-preview":"max-image-preview:large","max-video-preview":"max-video-preview:-1"},"canonical":"https:\/\/rhein-main-blog.de\/en\/mainzer-sand\/","og_locale":"en_US","og_type":"article","og_title":"Mainzer Sand: Ein Spaziergang gegen Fernweh - Rhein-Main-Blog","og_description":"Vor den Toren von Mainz liegt das Naturschutzgebiet Mainzer Sand, das wie gemacht ist, um f\u00fcr einen Moment dem Alltag zu entliehen.","og_url":"https:\/\/rhein-main-blog.de\/en\/mainzer-sand\/","og_site_name":"Rhein-Main-Blog","article_published_time":"2020-01-21T15:07:48+00:00","article_modified_time":"2021-04-17T18:38:41+00:00","og_image":[{"width":1000,"height":667,"url":"https:\/\/rhein-main-blog.de\/wp-content\/uploads\/2020\/01\/Mainzer-Sand.jpg","type":"image\/jpeg"}],"author":"Sarah","twitter_card":"summary_large_image","twitter_misc":{"Written by":"Sarah","Est. reading time":"3 minutes"},"schema":{"@context":"https:\/\/schema.org","@graph":[{"@type":"Article","@id":"https:\/\/rhein-main-blog.de\/mainzer-sand\/#article","isPartOf":{"@id":"https:\/\/rhein-main-blog.de\/mainzer-sand\/"},"author":{"name":"Sarah","@id":"https:\/\/rhein-main-blog.de\/#\/schema\/person\/ce1275bcdc476c205d78d9c932769e5c"},"headline":"Mainzer Sand: Ein Spaziergang gegen Fernweh","datePublished":"2020-01-21T15:07:48+00:00","dateModified":"2021-04-17T18:38:41+00:00","mainEntityOfPage":{"@id":"https:\/\/rhein-main-blog.de\/mainzer-sand\/"},"wordCount":324,"commentCount":0,"publisher":{"@id":"https:\/\/rhein-main-blog.de\/#organization"},"image":{"@id":"https:\/\/rhein-main-blog.de\/mainzer-sand\/#primaryimage"},"thumbnailUrl":"https:\/\/rhein-main-blog.de\/wp-content\/uploads\/2020\/01\/Mainzer-Sand.jpg","articleSection":["Mainz","Outdoor","Spazieren","Winter"],"inLanguage":"en-US","potentialAction":[{"@type":"CommentAction","name":"Comment","target":["https:\/\/rhein-main-blog.de\/mainzer-sand\/#respond"]}]},{"@type":["WebPage","FAQPage"],"@id":"https:\/\/rhein-main-blog.de\/mainzer-sand\/","url":"https:\/\/rhein-main-blog.de\/mainzer-sand\/","name":"Mainzer Sand: Ein Spaziergang gegen Fernweh - Rhein-Main-Blog","isPartOf":{"@id":"https:\/\/rhein-main-blog.de\/#website"},"primaryImageOfPage":{"@id":"https:\/\/rhein-main-blog.de\/mainzer-sand\/#primaryimage"},"image":{"@id":"https:\/\/rhein-main-blog.de\/mainzer-sand\/#primaryimage"},"thumbnailUrl":"https:\/\/rhein-main-blog.de\/wp-content\/uploads\/2020\/01\/Mainzer-Sand.jpg","datePublished":"2020-01-21T15:07:48+00:00","dateModified":"2021-04-17T18:38:41+00:00","description":"Vor den Toren von Mainz liegt das Naturschutzgebiet Mainzer Sand, das wie gemacht ist, um f\u00fcr einen Moment dem Alltag zu entliehen.","breadcrumb":{"@id":"https:\/\/rhein-main-blog.de\/mainzer-sand\/#breadcrumb"},"mainEntity":[{"@id":"https:\/\/rhein-main-blog.de\/mainzer-sand\/#faq-question-1618683623091"},{"@id":"https:\/\/rhein-main-blog.de\/mainzer-sand\/#faq-question-1618683669174"}],"inLanguage":"en-US","potentialAction":[{"@type":"ReadAction","target":["https:\/\/rhein-main-blog.de\/mainzer-sand\/"]}]},{"@type":"ImageObject","inLanguage":"en-US","@id":"https:\/\/rhein-main-blog.de\/mainzer-sand\/#primaryimage","url":"https:\/\/rhein-main-blog.de\/wp-content\/uploads\/2020\/01\/Mainzer-Sand.jpg","contentUrl":"https:\/\/rhein-main-blog.de\/wp-content\/uploads\/2020\/01\/Mainzer-Sand.jpg","width":1000,"height":667,"caption":"Mainzer Sand"},{"@type":"BreadcrumbList","@id":"https:\/\/rhein-main-blog.de\/mainzer-sand\/#breadcrumb","itemListElement":[{"@type":"ListItem","position":1,"name":"Startseite","item":"https:\/\/rhein-main-blog.de\/"},{"@type":"ListItem","position":2,"name":"Mainzer Sand: Ein Spaziergang gegen Fernweh"}]},{"@type":"WebSite","@id":"https:\/\/rhein-main-blog.de\/#website","url":"https:\/\/rhein-main-blog.de\/","name":"Rhein-Main-Blog","description":"Die sch\u00f6nsten Ausflugsziele und Tipps f\u00fcr das Rhein-Main-Gebiet","publisher":{"@id":"https:\/\/rhein-main-blog.de\/#organization"},"potentialAction":[{"@type":"SearchAction","target":{"@type":"EntryPoint","urlTemplate":"https:\/\/rhein-main-blog.de\/?s={search_term_string}"},"query-input":{"@type":"PropertyValueSpecification","valueRequired":true,"valueName":"search_term_string"}}],"inLanguage":"en-US"},{"@type":"Organization","@id":"https:\/\/rhein-main-blog.de\/#organization","name":"Rhein-Main-Blog","url":"https:\/\/rhein-main-blog.de\/","logo":{"@type":"ImageObject","inLanguage":"en-US","@id":"https:\/\/rhein-main-blog.de\/#\/schema\/logo\/image\/","url":"https:\/\/rhein-main-blog.de\/wp-content\/uploads\/2020\/04\/cropped-Rhein-Main-Blog-Header-Sarah-Waltinger-1-2.png","contentUrl":"https:\/\/rhein-main-blog.de\/wp-content\/uploads\/2020\/04\/cropped-Rhein-Main-Blog-Header-Sarah-Waltinger-1-2.png","width":512,"height":512,"caption":"Rhein-Main-Blog"},"image":{"@id":"https:\/\/rhein-main-blog.de\/#\/schema\/logo\/image\/"},"sameAs":["https:\/\/www.pinterest.de\/rheinmainblog\/"]},{"@type":"Person","@id":"https:\/\/rhein-main-blog.de\/#\/schema\/person\/ce1275bcdc476c205d78d9c932769e5c","name":"Sarah","image":{"@type":"ImageObject","inLanguage":"en-US","@id":"https:\/\/rhein-main-blog.de\/wp-content\/uploads\/2020\/11\/Sarah-Waltinger-Itchy-Feet-Blog-Mainz02-e1622966870914-150x150.jpg","url":"https:\/\/rhein-main-blog.de\/wp-content\/uploads\/2020\/11\/Sarah-Waltinger-Itchy-Feet-Blog-Mainz02-e1622966870914-150x150.jpg","contentUrl":"https:\/\/rhein-main-blog.de\/wp-content\/uploads\/2020\/11\/Sarah-Waltinger-Itchy-Feet-Blog-Mainz02-e1622966870914-150x150.jpg","caption":"Sarah"},"description":"Mainzerin Sarah ist die Gr\u00fcnderin des Rhein-Main-Blogs und auch nach 30 Jahren gl\u00fccklich die sch\u00f6ne Stadt am Rhein ihr Zuhause nennen zu d\u00fcrfen. Wenn sie nicht gerade im Homeoffice arbeitet oder die Welt bereist, trifft sie sich mit Freunden im Lieblingscaf\u00e9, schlendert \u00fcber Wochenm\u00e4rkte und unternimmt Erkundungen in der Natur.","sameAs":["https:\/\/itchyfeet-travel.de\/","https:\/\/www.instagram.com\/itchy.feet.blog\/"],"url":"https:\/\/rhein-main-blog.de\/en\/author\/sarah\/"},{"@type":"Question","@id":"https:\/\/rhein-main-blog.de\/mainzer-sand\/#faq-question-1618683623091","position":1,"url":"https:\/\/rhein-main-blog.de\/mainzer-sand\/#faq-question-1618683623091","name":"Wie komme ich zum Mainzer Sand?","answerCount":1,"acceptedAnswer":{"@type":"Answer","text":"Mit den \u00f6ffentlichen Verkehrsmitteln erreicht ihr den Mainzer Sand mit Bus 6 ab Mainz Hbf-West-Taubertsbergbad bis Haltestelle An der Krimm. Von hier sind es nur wenige Meter \u00fcber die Stra\u00dfe Am Gro\u00dfen Sand bis zum Naturschutzgebiet.","inLanguage":"en-US"},"inLanguage":"en-US"},{"@type":"Question","@id":"https:\/\/rhein-main-blog.de\/mainzer-sand\/#faq-question-1618683669174","position":2,"url":"https:\/\/rhein-main-blog.de\/mainzer-sand\/#faq-question-1618683669174","name":"Parken am Mainzer Sand","answerCount":1,"acceptedAnswer":{"@type":"Answer","text":"In der Stra\u00dfe \"Am Gro\u00dfen Sand\" oder in den umliegenden Stra\u00dfen findet man kostenlose Parkpl\u00e4tze. Alternativ stehen dir zahlreiche Parkm\u00f6glichkeiten am Mombacher Schwimmbad zur Verf\u00fcgung.","inLanguage":"en-US"},"inLanguage":"en-US"}]}},"_links":{"self":[{"href":"https:\/\/rhein-main-blog.de\/en\/wp-json\/wp\/v2\/posts\/831","targetHints":{"allow":["GET"]}}],"collection":[{"href":"https:\/\/rhein-main-blog.de\/en\/wp-json\/wp\/v2\/posts"}],"about":[{"href":"https:\/\/rhein-main-blog.de\/en\/wp-json\/wp\/v2\/types\/post"}],"author":[{"embeddable":true,"href":"https:\/\/rhein-main-blog.de\/en\/wp-json\/wp\/v2\/users\/2"}],"replies":[{"embeddable":true,"href":"https:\/\/rhein-main-blog.de\/en\/wp-json\/wp\/v2\/comments?post=831"}],"version-history":[{"count":33,"href":"https:\/\/rhein-main-blog.de\/en\/wp-json\/wp\/v2\/posts\/831\/revisions"}],"predecessor-version":[{"id":2279,"href":"https:\/\/rhein-main-blog.de\/en\/wp-json\/wp\/v2\/posts\/831\/revisions\/2279"}],"wp:featuredmedia":[{"embeddable":true,"href":"https:\/\/rhein-main-blog.de\/en\/wp-json\/wp\/v2\/media\/2266"}],"wp:attachment":[{"href":"https:\/\/rhein-main-blog.de\/en\/wp-json\/wp\/v2\/media?parent=831"}],"wp:term":[{"taxonomy":"category","embeddable":true,"href":"https:\/\/rhein-main-blog.de\/en\/wp-json\/wp\/v2\/categories?post=831"},{"taxonomy":"post_tag","embeddable":true,"href":"https:\/\/rhein-main-blog.de\/en\/wp-json\/wp\/v2\/tags?post=831"}],"curies":[{"name":"wp","href":"https:\/\/api.w.org\/{rel}","templated":true}]}}